{"id":120604,"date":"2019-10-21T12:42:58","date_gmt":"2019-10-21T10:42:58","guid":{"rendered":"http:\/\/gazdasagportal.hu\/?p=120604"},"modified":"2019-10-21T12:42:58","modified_gmt":"2019-10-21T10:42:58","slug":"hogyan-zoldulhetnek-az-asvanyvizes-cegek","status":"publish","type":"post","link":"https:\/\/gazdasagportal.hu\/index.php\/hogyan-zoldulhetnek-az-asvanyvizes-cegek\/","title":{"rendered":"Hogyan z\u00f6ld\u00fclhetnek az \u00e1sv\u00e1nyvizes c\u00e9gek?"},"content":{"rendered":"<p><b>A hazai \u00e1sv\u00e1nyv\u00edzgy\u00e1rt\u00e1s egyik legfontosabb szerepl\u0151je, a lajosmizsei Magyarv\u00edz Kft. k\u00f6vetve az olasz anyav\u00e1llalat, a San Benedetto k\u00f6rnyezetv\u00e9delmi modellj\u00e9t, m\u00e1r sz\u00e1mos l\u00e9p\u00e9st tett a k\u00f6rnyezet\u00fcnk v\u00e9delm\u00e9\u00e9rt. Cs\u00f6kkentett\u00e9k a PET palackok s\u00faly\u00e1t, \u00edgy 2017-hez k\u00e9pest 10-12 sz\u00e1zal\u00e9kkal kevesebb m\u0171anyagot haszn\u00e1lnak fel az id\u00e9n, a palackok 10 sz\u00e1zal\u00e9ka pedig \u00fajrafelhaszn\u00e1lt alapanyagb\u00f3l k\u00e9sz\u00fcl. Ez az ar\u00e1ny a k\u00f6vetkez\u0151 5 \u00e9vben ak\u00e1r dupl\u00e1j\u00e1ra is n\u00f6vekedhet, az \u00e1gazati v\u00e1llal\u00e1sokkal \u00f6sszhangban.\u00a0 A<\/b><b>z \u00e1sv\u00e1nyv\u00edzgy\u00e1rt\u00e1shoz sz\u00fcks\u00e9ges energi\u00e1t r\u00e9szben napelemek adj\u00e1k, a sz\u00e1m\u00edt\u00f3g\u00e9p vez\u00e9relte automatikus palackoz\u00e1sn\u00e1l szinte egy\u00e1ltal\u00e1n nincs a t\u00f6lt\u00e9sb\u0151l sz\u00e1rmaz\u00f3 v\u00edzvesztes\u00e9g.<\/b><b> \u00c9ves szinten t\u00f6bb tonn\u00e1val cs\u00f6kkentett\u00e9k a csomagol\u00f3anyagok mennyis\u00e9g\u00e9t azzal, hogy a Lidl Magyarorsz\u00e1g \u00e1ruh\u00e1zaiba sz\u00e1ll\u00edtott term\u00e9kekn\u00e9l v\u00e9konyabb zsugorf\u00f3li\u00e1t haszn\u00e1lhatnak, ez annak k\u00f6sz\u00f6nhet\u0151, hogy nem kell a f\u00f3li\u00e1ra nyomtatni, r\u00e1ad\u00e1sul a fest\u00e9ket, mint term\u00e9szetidegen anyagot is siker\u00fclt mell\u0151zni. A Magyarv\u00edz a v\u00e1s\u00e1rl\u00f3kat is szeretn\u00e9 \u00f6szt\u00f6n\u00f6zni a k\u00f6rnyezettudatoss\u00e1gra, ehhez praktikus tan\u00e1csokkal l\u00e1tja el a fogyaszt\u00f3kat a honlapj\u00e1n, a Mizse palackokon \u00e9s a facebookon is, hiszen a szelekt\u00edven visszagy\u0171jt\u00f6tt PET nem szem\u00e9t, hanem alapanyag.<\/b><!--more--><\/p>\n<div class=\"ads-in-post1\"><div id=\"gazdasagportal.hu_fullbanner_wideboard\"><\/div>\r\n<\/div>\n<p><i><span style=\"font-weight: 400;\">\u00a0\u201eNagyon sok feladatunk van m\u00e9g, de \u00fagy gondolom, hosszabb t\u00e1von csak azok a v\u00e1llalatok \u00e9s brandek maradnak meg a piacon, amelyek szem el\u0151tt tartj\u00e1k a fenntarthat\u00f3 fejl\u0151d\u00e9st. Kutat\u00e1sok azt mutatj\u00e1k, hogy minden m\u00e1sodik v\u00e1s\u00e1rl\u00f3 hisz abban, hogy v\u00e1s\u00e1rl\u00e1si d\u00f6nt\u00e9s\u00e9vel pozit\u00edvan befoly\u00e1solhatja a F\u00f6ld v\u00e9delm\u00e9t. Ezzel nyom\u00e1st gyakorolnak a v\u00e1llalatokra, el\u0151nyben r\u00e9szes\u00edtve azokat a m\u00e1rk\u00e1kat, amelyek kisebb \u00f6kol\u00f3giai l\u00e1bnyomot hagynak maguk m\u00f6g\u00f6tt. Hosszabb t\u00e1von teh\u00e1t a z\u00f6ld szeml\u00e9let megt\u00e9r\u00fcl egy m\u00e1rka, egy v\u00e1llalat \u00e9let\u00e9ben. Egy nemr\u00e9giben lezajlott konferenci\u00e1n elhangzott, hogy az emberek t\u00f6bbs\u00e9ge els\u0151 helyen a gy\u00e1rt\u00f3kat, m\u00e1sodikon a korm\u00e1nyokat, harmadikon a keresked\u0151ket, negyediken saj\u00e1t magukat teszik felel\u0151ss\u00e9 bolyg\u00f3nk k\u00f6rnyezeti probl\u00e9m\u00e1i\u00e9rt. A megold\u00e1st els\u0151sorban a gy\u00e1rt\u00f3kt\u00f3l \u00e9s a korm\u00e1nyokt\u00f3l v\u00e1rj\u00e1k. Szerintem az eduk\u00e1ci\u00f3 hihetetlen\u00fcl fontos, de 10-20 \u00e9ves hossz\u00fa folyamat, \u00edgy korm\u00e1nyzati szab\u00e1lyoz\u00f3kkal gyorsabban c\u00e9lt lehetne \u00e9rni\u201d <\/span><\/i><span style=\"font-weight: 400;\">\u2013 fogalmazott Balog Zolt\u00e1n, a Magyarv\u00edz Kft. kereskedelmi vezet\u0151je.<\/span><\/p>\n<div class=\"ads-in-post2\"><script async src=\"https:\/\/pagead2.googlesyndication.com\/pagead\/js\/adsbygoogle.js\"><\/script>\r\n<ins class=\"adsbygoogle\"\r\n     style=\"display:block\"\r\n     data-ad-format=\"fluid\"\r\n     data-ad-layout-key=\"-6t+ed+2i-1n-4w\"\r\n     data-ad-client=\"ca-pub-1959107119989764\"\r\n     data-ad-slot=\"4008251320\"><\/ins>\r\n<script>\r\n     (adsbygoogle = window.adsbygoogle || []).push({});\r\n<\/script><\/div>\n<span style=\"font-weight: 400;\">A v\u00e1llalat az NN Ultrabalaton egyik f\u0151 t\u00e1mogat\u00f3jak\u00e9nt seg\u00edts\u00e9get ny\u00fajt ahhoz, hogy a fut\u00f3verseny a kontinens\u00fcnk legz\u00f6ldebb t\u00f6megsport rendezv\u00e9nye lehessen. 2020-ban a 60 v\u00e1lt\u00f3ponton felhaszn\u00e1lt, 61,5 ezer darab friss\u00edt\u00e9sre felhaszn\u00e1lt Primavera v\u00edz PET palackjai szelekt\u00edven \u00f6ssze lesznek gy\u0171jtve, \u00e9s hivatalos gy\u0171jt\u0151helyen leadva az\u00e9rt, hogy ezek \u00fajrahasznos\u00edtva alapanyagg\u00e1 v\u00e1ljanak, ne szem\u00e9tt\u00e9.\u00a0<\/span><\/p>\n<p>&nbsp;<\/p><div id=\"gazda-3170897637\" class=\"gazda-tartalomban gazda-entity-placement\"><script async src=\"https:\/\/pagead2.googlesyndication.com\/pagead\/js\/adsbygoogle.js\"><\/script>\r\n<ins class=\"adsbygoogle\"\r\n     style=\"display:block\"\r\n     data-ad-format=\"fluid\"\r\n     data-ad-layout-key=\"-6t+ed+2i-1n-4w\"\r\n     data-ad-client=\"ca-pub-1959107119989764\"\r\n     data-ad-slot=\"4008251320\"><\/ins>\r\n<script>\r\n     (adsbygoogle = window.adsbygoogle || []).push({});\r\n<\/script><\/div>\n<p>&nbsp;<\/p>\n<p><span style=\"font-weight: 400;\">A <\/span><b>Magyarv\u00edz Kft.<\/b><span style=\"font-weight: 400;\"> 2000-ben alakult, az \u00e1sv\u00e1nyv\u00edz kitermel\u00e9se \u00e9s forgalmaz\u00e1sa 2002-ben kezd\u0151d\u00f6tt Lajosmizs\u00e9n. A c\u00e9g kezdetben d\u00f6nt\u0151en saj\u00e1tm\u00e1rk\u00e1s term\u00e9keket \u00e1ll\u00edtott el\u0151 \u00e9s forgalmazott, m\u00e1ra a Primavera mellett k\u00e9t m\u00e1sik m\u00e1rk\u00e1t is fel\u00e9p\u00edtett \u00e9s sikeresen forgalmaz: a Mizse (sz\u00e9nsavas, mentes, enyhe, \u00edzes\u00edtett vari\u00e1ci\u00f3k) \u00e9s a Zaf\u00edr \u00e1sv\u00e1nyvizeket. A folyamatos fejleszt\u00e9sek \u00e9s b\u0151v\u00edt\u00e9sek eredm\u00e9nyek\u00e9nt sz\u00e1mos szakmai \u00e9s fogyaszt\u00f3i elismer\u00e9sben r\u00e9szes\u00fcltek, mint p\u00e9ld\u00e1ul a Mizs\u00e9vel a fogyaszt\u00f3k szavazatai alapj\u00e1n 2018-ban ism\u00e9t elnyerte Az \u00c9v Term\u00e9ke D\u00edjat, megism\u00e9telve a 2012-es \u00e9s 2013-as sikereket. A v\u00e1llalat kiemelt figyelmet ford\u00edt az eg\u00e9szs\u00e9g meg\u0151rz\u00e9se \u00e9s a sportol\u00e1s k\u00f6r\u00e9 szervez\u0151d\u0151 megmozdul\u00e1sokra, ez\u00e9rt term\u00e9szetes \u00e1sv\u00e1nyvizeivel folyamatosan t\u00e1mogat orsz\u00e1gos \u00e9s region\u00e1lis (pl. fut\u00f3, triatlon) rendezv\u00e9nyeket, kos\u00e1rlabda \u00e9s ker\u00e9kp\u00e1ros szervezeteket, valamint k\u00f3rh\u00e1zakat \u00e9s eg\u00e9szs\u00e9g\u00fcgyi int\u00e9zm\u00e9nyeket. A t\u00e1rsas\u00e1g 2018-as \u00e1rbev\u00e9tele nett\u00f3 8,878 milli\u00e1rd forint volt, ami 368 milli\u00f3 liter \u2013 249,2 milli\u00f3 palack \u2013 \u00e1sv\u00e1nyvizet jelent <\/span><i><span style=\"font-weight: 400;\">(saj\u00e1t adatok alapj\u00e1n)<\/span><\/i><span style=\"font-weight: 400;\">.<\/span><\/p>\n","protected":false},"excerpt":{"rendered":"<p>A hazai \u00e1sv\u00e1nyv\u00edzgy\u00e1rt\u00e1s egyik legfontosabb szerepl\u0151je, a lajosmizsei Magyarv\u00edz Kft. k\u00f6vetve az olasz anyav\u00e1llalat, a San Benedetto k\u00f6rnyezetv\u00e9delmi modellj\u00e9t, m\u00e1r sz\u00e1mos l\u00e9p\u00e9st tett a k\u00f6rnyezet\u00fcnk v\u00e9delm\u00e9\u00e9rt. Cs\u00f6kkentett\u00e9k a PET palackok s\u00faly\u00e1t, \u00edgy 2017-hez k\u00e9pest 10-12 sz\u00e1zal\u00e9kkal kevesebb m\u0171anyagot haszn\u00e1lnak fel az id\u00e9n, a palackok 10 sz\u00e1zal\u00e9ka pedig \u00fajrafelhaszn\u00e1lt alapanyagb\u00f3l k\u00e9sz\u00fcl. Ez az ar\u00e1ny a k\u00f6vetkez\u0151 &#8230;<\/p>\n","protected":false},"author":1,"featured_media":0,"comment_status":"closed","ping_status":"open","sticky":false,"template":"","format":"standard","meta":[],"categories":[19],"tags":[],"_links":{"self":[{"href":"https:\/\/gazdasagportal.hu\/index.php\/wp-json\/wp\/v2\/posts\/120604"}],"collection":[{"href":"https:\/\/gazdasagportal.hu\/index.php\/wp-json\/wp\/v2\/posts"}],"about":[{"href":"https:\/\/gazdasagportal.hu\/index.php\/wp-json\/wp\/v2\/types\/post"}],"author":[{"embeddable":true,"href":"https:\/\/gazdasagportal.hu\/index.php\/wp-json\/wp\/v2\/users\/1"}],"replies":[{"embeddable":true,"href":"https:\/\/gazdasagportal.hu\/index.php\/wp-json\/wp\/v2\/comments?post=120604"}],"version-history":[{"count":1,"href":"https:\/\/gazdasagportal.hu\/index.php\/wp-json\/wp\/v2\/posts\/120604\/revisions"}],"predecessor-version":[{"id":120605,"href":"https:\/\/gazdasagportal.hu\/index.php\/wp-json\/wp\/v2\/posts\/120604\/revisions\/120605"}],"wp:attachment":[{"href":"https:\/\/gazdasagportal.hu\/index.php\/wp-json\/wp\/v2\/media?parent=120604"}],"wp:term":[{"taxonomy":"category","embeddable":true,"href":"https:\/\/gazdasagportal.hu\/index.php\/wp-json\/wp\/v2\/categories?post=120604"},{"taxonomy":"post_tag","embeddable":true,"href":"https:\/\/gazdasagportal.hu\/index.php\/wp-json\/wp\/v2\/tags?post=120604"}],"curies":[{"name":"wp","href":"https:\/\/api.w.org\/{rel}","templated":true}]}}