{"id":120590,"date":"2019-10-21T07:56:39","date_gmt":"2019-10-21T05:56:39","guid":{"rendered":"http:\/\/gazdasagportal.hu\/?p=120590"},"modified":"2019-10-21T07:56:39","modified_gmt":"2019-10-21T05:56:39","slug":"a-nemetek-tobbsege-elegedetlen-a-kormany-teljesitmenyevel","status":"publish","type":"post","link":"https:\/\/gazdasagportal.hu\/index.php\/a-nemetek-tobbsege-elegedetlen-a-kormany-teljesitmenyevel\/","title":{"rendered":"A n\u00e9metek t\u00f6bbs\u00e9ge el\u00e9gedetlen a korm\u00e1ny teljes\u00edtm\u00e9ny\u00e9vel"},"content":{"rendered":"<p><strong>El\u00e9gedetlen a lakoss\u00e1g t\u00f6bbs\u00e9ge N\u00e9metorsz\u00e1gban a korm\u00e1ny munk\u00e1j\u00e1val &#8211; mutatta ki egy vas\u00e1rnap ismertetett felm\u00e9r\u00e9s, amely abb\u00f3l az alkalomb\u00f3l k\u00e9sz\u00fclt, hogy hivatali ideje fel\u00e9hez \u00e9rkezett Angela Merkel negyedik korm\u00e1nya.<\/strong><!--more--><\/p>\n<div class=\"ads-in-post1\"><div id=\"gazdasagportal.hu_fullbanner_wideboard\"><\/div>\r\n<\/div>\n<p>    A Bild am Sonntag c\u00edm\u0171 lapban k\u00f6z\u00f6lt adatok szerint a lakoss\u00e1g 52 sz\u00e1zal\u00e9ka rossznak vagy nagyon rossznak \u00e9rt\u00e9keli a korm\u00e1ny munk\u00e1j\u00e1t, m\u00edg az el\u00e9gedettek ar\u00e1nya orsz\u00e1gszerte 40 sz\u00e1zal\u00e9k, a keleti tartom\u00e1nyokban, a volt NDK ter\u00fclet\u00e9n pedig csup\u00e1n 37 sz\u00e1zal\u00e9k.<br \/>\n    A korm\u00e1nyp\u00e1rtok k\u00f6z\u00fcl a Kereszt\u00e9nydemokrata Uni\u00f3 (CDU) meg\u00edt\u00e9l\u00e9se a legjobb. A n\u00e9metek 50 sz\u00e1zal\u00e9ka v\u00e9li \u00fagy, hogy a CDU tudja legink\u00e1bb \u00e9rv\u00e9nyes\u00edteni politik\u00e1j\u00e1t a koal\u00edci\u00f3ban, m\u00edg a testv\u00e9rp\u00e1rt bajor Kereszt\u00e9nyszoci\u00e1lis Uni\u00f3r\u00f3l (CSU) \u00e9s a N\u00e9met Szoci\u00e1ldemokrata P\u00e1rtr\u00f3l (SPD) egyar\u00e1nt mind\u00f6ssze 13 sz\u00e1zal\u00e9k gondolja ezt.<br \/>\n    A korm\u00e1ny a 2017 okt\u00f3ber\u00e9ben tartott sz\u00f6vets\u00e9gi parlamenti (Bundestag-) v\u00e1laszt\u00e1s ut\u00e1n minden kor\u00e1bbin\u00e1l hosszabb, 171 napig tart\u00f3 egyeztet\u00e9st k\u00f6vet\u0151en &#8211; 2018 m\u00e1rcius\u00e1ban &#8211; alakult meg. A h\u00e1rom p\u00e1rt a koal\u00edci\u00f3s szerz\u0151d\u00e9sben r\u00f6gz\u00edtette, hogy a t\u00f6rv\u00e9nyhoz\u00e1si ciklus fel\u00e9n\u00e9l, 2019 okt\u00f3ber\u00e9ben fel\u00fclvizsg\u00e1lj\u00e1k az egy\u00fcttm\u0171k\u00f6d\u00e9st \u00e9s d\u00f6nt\u00e9st hoznak arr\u00f3l, hogy \u00e9rdemes-e tov\u00e1bbi k\u00e9t \u00e9vre v\u00e1llalni a k\u00f6z\u00f6s munk\u00e1t.<br \/>\n    Ez a fel\u00fclvizsg\u00e1lat vas\u00e1rnap este kezd\u0151d\u00f6tt el a koal\u00edci\u00f3s p\u00e1rtok vezet\u0151inek tan\u00e1cskoz\u00e1s\u00e1val. A Bild am Sonntag \u00e9rtes\u00fcl\u00e9se szerint egy 80 oldalas dokumentumban \u00e9rt\u00e9kelik az eddigi eredm\u00e9nyeket \u00e9s a tov\u00e1bbi terveket, \u00e9s a sz\u00f6veget a korm\u00e1ny k\u00f6vetkez\u0151, szerdai \u00fcl\u00e9s\u00e9n v\u00e9gleges\u00edtik majd. Azonban egy\u00e1ltal\u00e1n nem biztos, hogy siker\u00fcl egys\u00e9ges korm\u00e1nyzati munkatervv\u00e9 kov\u00e1csolni a h\u00e1rom p\u00e1rt elk\u00e9pzel\u00e9seit. A legt\u00f6bb vita a nyugd\u00edjrendszer \u00e1tszervez\u00e9se k\u00f6r\u00fcl van.<br \/>\n<div class=\"ads-in-post2\"><script async src=\"https:\/\/pagead2.googlesyndication.com\/pagead\/js\/adsbygoogle.js\"><\/script>\r\n<ins class=\"adsbygoogle\"\r\n     style=\"display:block\"\r\n     data-ad-format=\"fluid\"\r\n     data-ad-layout-key=\"-6t+ed+2i-1n-4w\"\r\n     data-ad-client=\"ca-pub-1959107119989764\"\r\n     data-ad-slot=\"4008251320\"><\/ins>\r\n<script>\r\n     (adsbygoogle = window.adsbygoogle || []).push({});\r\n<\/script><\/div>\n    Tov\u00e1bb nehez\u00edti a helyzetet, hogy a koal\u00edci\u00f3s p\u00e1rtok vezet\u0151i ugyan mind az egy\u00fcttm\u0171k\u00f6d\u00e9s folytat\u00e1s\u00e1t szorgalmazz\u00e1k, de az SPD munk\u00e1j\u00e1t egy ideiglenes eln\u00f6ks\u00e9g ir\u00e1ny\u00edtja. A szoci\u00e1ldemokrat\u00e1k a tiszt\u00faj\u00edt\u00e1si folyamat k\u00f6zep\u00e9n\u00e9l tartanak, decemberi kongresszusukon der\u00fcl majd ki, hogy melyik eln\u00f6kjel\u00f6lt vagy t\u00e1rseln\u00f6k-jel\u00f6lti p\u00e1ros ker\u00fcl a p\u00e1rt \u00e9l\u00e9re, \u00e9s az indul\u00f3k k\u00f6z\u00fcl t\u00f6bben azt javasolj\u00e1k, hogy az SPD l\u00e9pjen ki a koal\u00edci\u00f3b\u00f3l \u00e9s ellenz\u00e9kben pr\u00f3b\u00e1lkozzon a meg\u00fajul\u00e1ssal.<br \/>\n    A Bild am Sonntag megb\u00edz\u00e1s\u00e1b\u00f3l k\u00e9sz\u00edtett felm\u00e9r\u00e9s szerint az SPD-re a n\u00e9met v\u00e1laszt\u00f3k csup\u00e1n 15 sz\u00e1zal\u00e9ka szavazna, ha most vas\u00e1rnap lenne a Bundestag-v\u00e1laszt\u00e1s, ami 5,5 sz\u00e1zal\u00e9kpontos visszaes\u00e9s a 2017-ben el\u00e9rt 20,5 sz\u00e1zal\u00e9kt\u00f3l, a szoci\u00e1ldemokrat\u00e1k eddigi leggyeng\u00e9bb sz\u00f6vets\u00e9gi parlamenti v\u00e1laszt\u00e1si eredm\u00e9ny\u00e9t\u0151l. A CDU\/CSU p\u00e1rtsz\u00f6vets\u00e9g a szavazatok 29 sz\u00e1zal\u00e9k\u00e1t szerezn\u00e9 meg, szemben a 2017-es 32,9 sz\u00e1zal\u00e9kkal, a korm\u00e1nyp\u00e1rtok \u00edgy a jelenlegi er\u0151viszonyok alapj\u00e1n nem szerezn\u00e9nek ism\u00e9t t\u00f6bbs\u00e9get egy \u00fajabb v\u00e1laszt\u00e1son.<br \/>\n    A Bundestag ellenz\u00e9ki oldal\u00e1n a Z\u00f6ldek 20 sz\u00e1zal\u00e9kon \u00e1llnak, b\u0151ven megdupl\u00e1zva a 2017-ben el\u00e9rt 8,9 sz\u00e1zal\u00e9kos eredm\u00e9ny\u00fcket. A CDU\/CSU-t\u00f3l jobbra \u00e1ll\u00f3 Alternat\u00edva N\u00e9metorsz\u00e1gnak (AfD) t\u00e1mogatotts\u00e1ga 13 sz\u00e1zal\u00e9kos, nem v\u00e1ltozott sz\u00e1mottev\u0151en a k\u00e9t \u00e9vvel ezel\u0151tti 12,6 sz\u00e1zal\u00e9khoz k\u00e9pest. Az SPD-t\u0151l balra \u00e1ll\u00f3 Baloldal (Die Linke) is nagyj\u00e1b\u00f3l a 2017-es szinten \u00e1ll, a szavaztok 9 sz\u00e1zal\u00e9k\u00e1t szerezhetn\u00e9 meg, szemben a 2017-es 9,2 sz\u00e1zal\u00e9kkal. A liber\u00e1lis Szabad Demokrata P\u00e1rt (FDP) gyeng\u00fclt, orsz\u00e1gos v\u00e1laszt\u00f3i t\u00e1mogatotts\u00e1ga a k\u00e9t \u00e9vvel ezel\u0151tti 10,7 sz\u00e1zal\u00e9k ut\u00e1n 7 sz\u00e1zal\u00e9kon \u00e1ll.(MTI)<\/p>\n","protected":false},"excerpt":{"rendered":"<p>El\u00e9gedetlen a lakoss\u00e1g t\u00f6bbs\u00e9ge N\u00e9metorsz\u00e1gban a korm\u00e1ny munk\u00e1j\u00e1val &#8211; mutatta ki egy vas\u00e1rnap ismertetett felm\u00e9r\u00e9s, amely abb\u00f3l az alkalomb\u00f3l k\u00e9sz\u00fclt, hogy hivatali ideje fel\u00e9hez \u00e9rkezett Angela Merkel negyedik korm\u00e1nya.<\/p>\n","protected":false},"author":1,"featured_media":0,"comment_status":"closed","ping_status":"open","sticky":false,"template":"","format":"standard","meta":[],"categories":[12,246],"tags":[],"_links":{"self":[{"href":"https:\/\/gazdasagportal.hu\/index.php\/wp-json\/wp\/v2\/posts\/120590"}],"collection":[{"href":"https:\/\/gazdasagportal.hu\/index.php\/wp-json\/wp\/v2\/posts"}],"about":[{"href":"https:\/\/gazdasagportal.hu\/index.php\/wp-json\/wp\/v2\/types\/post"}],"author":[{"embeddable":true,"href":"https:\/\/gazdasagportal.hu\/index.php\/wp-json\/wp\/v2\/users\/1"}],"replies":[{"embeddable":true,"href":"https:\/\/gazdasagportal.hu\/index.php\/wp-json\/wp\/v2\/comments?post=120590"}],"version-history":[{"count":1,"href":"https:\/\/gazdasagportal.hu\/index.php\/wp-json\/wp\/v2\/posts\/120590\/revisions"}],"predecessor-version":[{"id":120591,"href":"https:\/\/gazdasagportal.hu\/index.php\/wp-json\/wp\/v2\/posts\/120590\/revisions\/120591"}],"wp:attachment":[{"href":"https:\/\/gazdasagportal.hu\/index.php\/wp-json\/wp\/v2\/media?parent=120590"}],"wp:term":[{"taxonomy":"category","embeddable":true,"href":"https:\/\/gazdasagportal.hu\/index.php\/wp-json\/wp\/v2\/categories?post=120590"},{"taxonomy":"post_tag","embeddable":true,"href":"https:\/\/gazdasagportal.hu\/index.php\/wp-json\/wp\/v2\/tags?post=120590"}],"curies":[{"name":"wp","href":"https:\/\/api.w.org\/{rel}","templated":true}]}}