{"id":120586,"date":"2019-10-20T14:40:02","date_gmt":"2019-10-20T12:40:02","guid":{"rendered":"http:\/\/gazdasagportal.hu\/?p=120586"},"modified":"2019-10-20T14:40:02","modified_gmt":"2019-10-20T12:40:02","slug":"hetfotol-eszemelyihez-is-hozzarendelheto-a-vasuti-berlet","status":"publish","type":"post","link":"https:\/\/gazdasagportal.hu\/index.php\/hetfotol-eszemelyihez-is-hozzarendelheto-a-vasuti-berlet\/","title":{"rendered":"H\u00e9tf\u0151t\u0151l eSzem\u00e9lyihez is hozz\u00e1rendelhet\u0151 a vas\u00fati b\u00e9rlet"},"content":{"rendered":"<p><strong>Okt\u00f3ber 21-t\u0151l a M\u00c1V vas\u00fati b\u00e9rletei hozz\u00e1rendelhet\u0151k az \u00faj t\u00edpus\u00fa &#8211; 2016. janu\u00e1r 1-t\u0151l kibocs\u00e1tott &#8211; szem\u00e9lyazonos\u00edt\u00f3 igazolv\u00e1nyhoz, az eSzem\u00e9lyihez &#8211; k\u00f6z\u00f6lte a M\u00c1V Zrt. vas\u00e1rnap az MTI-vel.<\/strong><!--more--><\/p>\n<div class=\"ads-in-post1\"><div id=\"gazdasagportal.hu_fullbanner_wideboard\"><\/div>\r\n<\/div>\n<p>    A k\u00f6zlem\u00e9ny szerint a M\u00c1V utasai a b\u00e9rlet\u00fcket mostant\u00f3l az \u00faj t\u00edpus\u00fa szem\u00e9lyazonos\u00edt\u00f3 igazolv\u00e1nyukon elektronikus adatk\u00e9nt t\u00e1rolhatj\u00e1k. Az eSzem\u00e9lyihez hozz\u00e1rendelt b\u00e9rlet el\u0151nye, hogy az utasnak nem kell pap\u00edralap\u00fa b\u00e9rletet \u0151riznie \u00e9s mag\u00e1val vinnie.<br \/>\n    A vas\u00fatt\u00e1rsas\u00e1g kor\u00e1bban a Budapest-Pusztaszabolcs \u00e9s a Budapest-Sz\u00e9kesfeh\u00e9rv\u00e1r vas\u00fatvonalakon tesztelte az innovat\u00edv m\u00f3dszert, amely m\u00e1r t\u00f6bb mint \u00f6tmilli\u00f3 \u00e1llampolg\u00e1r sz\u00e1m\u00e1ra jelenthet k\u00e9nyelmes, pap\u00edrmentes megold\u00e1st a mindennapi vas\u00fati utaz\u00e1sok sor\u00e1n.<br \/>\n    A t\u00e1j\u00e9koztat\u00e1s szerint a vas\u00fatt\u00e1rsas\u00e1g belf\u00f6ldi p\u00e9nzt\u00e1raiban megv\u00e1s\u00e1rolhat\u00f3, a szolg\u00e1ltat\u00e1si ter\u00fclet\u00e9re \u00e9rv\u00e9nyes 30 napos dolgoz\u00f3 \u00e9s tanul\u00f3, a havi \u00e9s f\u00e9lhavi, tov\u00e1bb\u00e1 a region\u00e1lis b\u00e9rletek r\u00f6gz\u00edthet\u0151k az eSzem\u00e9lyin. Az elektronikusan r\u00f6gz\u00edtett b\u00e9rlet \u00e1ra \u00e9s felhaszn\u00e1l\u00e1si felt\u00e9tele megegyezik a p\u00e9nzt\u00e1rban v\u00e1ltott pap\u00edralap\u00fa b\u00e9rlet \u00e1r\u00e1val \u00e9s az azzal ig\u00e9nybe vehet\u0151 szolg\u00e1ltat\u00e1ssal &#8211; tudatta a vas\u00fatt\u00e1rsas\u00e1g.<br \/>\n<div class=\"ads-in-post2\"><script async src=\"https:\/\/pagead2.googlesyndication.com\/pagead\/js\/adsbygoogle.js\"><\/script>\r\n<ins class=\"adsbygoogle\"\r\n     style=\"display:block\"\r\n     data-ad-format=\"fluid\"\r\n     data-ad-layout-key=\"-6t+ed+2i-1n-4w\"\r\n     data-ad-client=\"ca-pub-1959107119989764\"\r\n     data-ad-slot=\"4008251320\"><\/ins>\r\n<script>\r\n     (adsbygoogle = window.adsbygoogle || []).push({});\r\n<\/script><\/div>\n    Mint \u00edrt\u00e1k, a vonatokon a jegyvizsg\u00e1l\u00f3k &#8211; a nyomtatott menetjegyekhez hasonl\u00f3an &#8211; a modern jegy\u00e9rt\u00e9kes\u00edt\u00e9si rendszerrel egy\u00fctt bevezetett fed\u00e9lzeti eszk\u00f6z\u00f6kkel tudj\u00e1k ellen\u0151rizni a b\u00e9rletet.<br \/>\n    Az eSzem\u00e9lyis b\u00e9rlet a vas\u00fati p\u00e9nzt\u00e1rakban, az \u00e9rv\u00e9nytartam kezdete el\u0151tt t\u00e9r\u00edthet\u0151 vissza. Egy\u00e9b esetben a visszat\u00e9r\u00edt\u00e9si ig\u00e9nyt a M\u00c1V-START \u00fcgyf\u00e9lszolg\u00e1lat\u00e1hoz kell beny\u00fajtani.<br \/>\n    Az eSzem\u00e9lyi alkalmas a t\u00e1rsadalombiztos\u00edt\u00e1si azonos\u00edt\u00f3 jel \u00e9s az ad\u00f3azonos\u00edt\u00f3 jel t\u00e1rol\u00e1s\u00e1ra is &#8211; k\u00f6z\u00f6lte a M\u00c1V.(MTI)<\/p>\n","protected":false},"excerpt":{"rendered":"<p>Okt\u00f3ber 21-t\u0151l a M\u00c1V vas\u00fati b\u00e9rletei hozz\u00e1rendelhet\u0151k az \u00faj t\u00edpus\u00fa &#8211; 2016. janu\u00e1r 1-t\u0151l kibocs\u00e1tott &#8211; szem\u00e9lyazonos\u00edt\u00f3 igazolv\u00e1nyhoz, az eSzem\u00e9lyihez &#8211; k\u00f6z\u00f6lte a M\u00c1V Zrt. vas\u00e1rnap az MTI-vel.<\/p>\n","protected":false},"author":1001003,"featured_media":0,"comment_status":"closed","ping_status":"open","sticky":false,"template":"","format":"standard","meta":[],"categories":[4],"tags":[],"_links":{"self":[{"href":"https:\/\/gazdasagportal.hu\/index.php\/wp-json\/wp\/v2\/posts\/120586"}],"collection":[{"href":"https:\/\/gazdasagportal.hu\/index.php\/wp-json\/wp\/v2\/posts"}],"about":[{"href":"https:\/\/gazdasagportal.hu\/index.php\/wp-json\/wp\/v2\/types\/post"}],"author":[{"embeddable":true,"href":"https:\/\/gazdasagportal.hu\/index.php\/wp-json\/wp\/v2\/users\/1001003"}],"replies":[{"embeddable":true,"href":"https:\/\/gazdasagportal.hu\/index.php\/wp-json\/wp\/v2\/comments?post=120586"}],"version-history":[{"count":1,"href":"https:\/\/gazdasagportal.hu\/index.php\/wp-json\/wp\/v2\/posts\/120586\/revisions"}],"predecessor-version":[{"id":120587,"href":"https:\/\/gazdasagportal.hu\/index.php\/wp-json\/wp\/v2\/posts\/120586\/revisions\/120587"}],"wp:attachment":[{"href":"https:\/\/gazdasagportal.hu\/index.php\/wp-json\/wp\/v2\/media?parent=120586"}],"wp:term":[{"taxonomy":"category","embeddable":true,"href":"https:\/\/gazdasagportal.hu\/index.php\/wp-json\/wp\/v2\/categories?post=120586"},{"taxonomy":"post_tag","embeddable":true,"href":"https:\/\/gazdasagportal.hu\/index.php\/wp-json\/wp\/v2\/tags?post=120586"}],"curies":[{"name":"wp","href":"https:\/\/api.w.org\/{rel}","templated":true}]}}