{"id":120582,"date":"2019-10-20T12:49:03","date_gmt":"2019-10-20T10:49:03","guid":{"rendered":"http:\/\/gazdasagportal.hu\/?p=120582"},"modified":"2019-10-20T09:50:36","modified_gmt":"2019-10-20T07:50:36","slug":"a-csaladtamogatasi-rendszer-bovulese-es-ujabb-gazdasagvedelmi-program-varhato","status":"publish","type":"post","link":"https:\/\/gazdasagportal.hu\/index.php\/a-csaladtamogatasi-rendszer-bovulese-es-ujabb-gazdasagvedelmi-program-varhato\/","title":{"rendered":"A csal\u00e1dt\u00e1mogat\u00e1si rendszer b\u0151v\u00fcl\u00e9se \u00e9s \u00fajabb gazdas\u00e1gv\u00e9delmi program v\u00e1rhat\u00f3"},"content":{"rendered":"<p><strong>A csal\u00e1dt\u00e1mogat\u00e1si rendszer b\u0151v\u00fcl\u00e9se \u00e9s \u00fajabb gazdas\u00e1gv\u00e9delmi program v\u00e1rhat\u00f3 az Orsz\u00e1ggy\u0171l\u00e9s \u0151szi \u00fcl\u00e9sszak\u00e1ban &#8211; jelentette ki a Fidesz aleln\u00f6ke, egyben \u00f6nkorm\u00e1nyzati v\u00e1laszt\u00e1sok\u00e9rt felel\u0151s kamp\u00e1nyf\u0151n\u00f6ke a Kossuth r\u00e1di\u00f3 Vas\u00e1rnapi \u00fajs\u00e1g c\u00edm\u0171 m\u0171sor\u00e1ban.<\/strong><!--more--><\/p>\n<div class=\"ads-in-post1\"><div id=\"gazdasagportal.hu_fullbanner_wideboard\"><\/div>\r\n<\/div>\n<p>    K\u00f3sa Lajos azt mondta: k\u00e9ts\u00e9gtelen, hogy az \u00f6nkorm\u00e1nyzati v\u00e1laszt\u00e1sokon az orsz\u00e1g legnagyobb r\u00e9sz\u00e9n a Fidesz t\u00f6bb voksot kapott, mint kor\u00e1bban, de az ellenz\u00e9k is. Ebben az \u00e9rtelemben nem a botr\u00e1nyok d\u00f6nt\u00f6tt\u00e9k el a v\u00e1laszt\u00e1sokat, sokkal ink\u00e1bb az a helyzet, hogy az ellenz\u00e9ki p\u00e1rtok strat\u00e9gi\u00e1j\u00e1t elfogadt\u00e1k a saj\u00e1t szavaz\u00f3ik  &#8211; tette hozz\u00e1.<br \/>\n    A Fidesz \u00edgy is gy\u0151z\u00f6tt a v\u00e1laszt\u00e1sokon, de az ellenz\u00e9k komoly r\u00e9szsikereket tudott el\u00e9rni &#8211; hangoztatta K\u00f3sa Lajos.<br \/>\n    K\u00f6z\u00f6lte, hogy az \u0151szi \u00fcl\u00e9sszakban tov\u00e1bb b\u0151v\u00edten\u00e9k a csal\u00e1dt\u00e1mogat\u00e1si rendszert, mert c\u00e9ljuk, hogy a magyar n\u00e9pess\u00e9g n\u00f6veked\u00e9si p\u00e1ly\u00e1ra \u00e1lljon. A cs\u00f6kken\u00e9s \u00fcteme m\u00e1r m\u00e9rs\u00e9kl\u0151d\u00f6tt, de a Fidesz szeretn\u00e9, ha a lakoss\u00e1gsz\u00e1m enyh\u00e9n gyarapodna. K\u00f3sa Lajos azt mondta, hogy ez el\u00e9rhet\u0151 a csal\u00e1dpolitikai eszk\u00f6z\u00f6k b\u0151v\u00edt\u00e9s\u00e9vel. A magyar csal\u00e1dok j\u00f6v\u0151beli kil\u00e1t\u00e1sait jelent\u0151sen jav\u00edtj\u00e1k ezek az int\u00e9zked\u00e9sek, ez\u00e9rt &#8222;j\u00f3 n\u00e9h\u00e1ny ilyen javaslatunk lesz&#8221; &#8211; tette hozz\u00e1.<br \/>\n    K\u00f6z\u00f6lte: m\u00e1sr\u00e9szt azt l\u00e1tj\u00e1k, hogy az eur\u00f3pai &#8211; f\u0151leg a n\u00e9met &#8211; gazdas\u00e1g huzamosabb ideje kedvez\u0151tlen, aggaszt\u00f3 adatokat mutat, ez\u00e9rt Magyarorsz\u00e1gnak \u00fajabb gazdas\u00e1gv\u00e9delmi programot kell kidolgoznia \u00e9s \u00e9letbe l\u00e9ptetnie, hogy fenn tudja tartani a n\u00f6veked\u00e9s \u00fctem\u00e9t. Hozz\u00e1f\u0171zte, hogy az ilyen programok eddig sikeresek voltak, hiszen a magyar gazdas\u00e1g tudott b\u0151v\u00fclni, emelkedett a b\u00e9rsz\u00ednvonal \u00e9s javult a foglalkoztatotts\u00e1g.<br \/>\n<div class=\"ads-in-post2\"><script async src=\"https:\/\/pagead2.googlesyndication.com\/pagead\/js\/adsbygoogle.js\"><\/script>\r\n<ins class=\"adsbygoogle\"\r\n     style=\"display:block\"\r\n     data-ad-format=\"fluid\"\r\n     data-ad-layout-key=\"-6t+ed+2i-1n-4w\"\r\n     data-ad-client=\"ca-pub-1959107119989764\"\r\n     data-ad-slot=\"4008251320\"><\/ins>\r\n<script>\r\n     (adsbygoogle = window.adsbygoogle || []).push({});\r\n<\/script><\/div>\n    K\u00f3sa Lajos azt mondta, hogy az \u0151szi \u00fcl\u00e9sszakban ez lesz a k\u00e9t f\u0151 ir\u00e1ny. Ebben &#8222;semmi meglep\u0151 nincs, mert eddig is ezt csin\u00e1ltuk, \u00e9s mindig is err\u0151l besz\u00e9lt\u00fcnk a kamp\u00e1nyban&#8221; &#8211; jegyezte meg.<br \/>\n    Kit\u00e9rt arra: \u0151sszel m\u00e1r fog l\u00e1tszani, hogy &#8222;mire lehet sz\u00e1m\u00edtani&#8221; azokn\u00e1l az \u00f6nkorm\u00e1nyzatokn\u00e1l, amelyeket az ellenz\u00e9k nyert meg.<br \/>\n    \u00dagy v\u00e9lekedett: neh\u00e9z \u00e9rtelmezni, hogy az ellenz\u00e9kiek mir\u0151l besz\u00e9ltek a v\u00e1laszt\u00e1si kamp\u00e1nyban. P\u00e9ld\u00e1ul mi v\u00e1ltozik akkor, ha Budapesten Kar\u00e1csony Gergely f\u0151polg\u00e1rmester kihirdeti a kl\u00edmav\u00e9szhelyzetet? &#8211; tette fel a k\u00e9rd\u00e9st. Korl\u00e1tozza az aut\u00f3forgalmat? Bevezeti a dug\u00f3d\u00edjat? Vagy semmi sem fog v\u00e1ltozni? Hasonl\u00f3an nem \u00e9rtelmezhet\u0151 szerinte egyebek mellett az sem, hogy Kar\u00e1csony Gergely alkotm\u00e1nyt \u00edr majd a f\u0151v\u00e1rosnak.<br \/>\n    A Fidesz aleln\u00f6ke k\u00e9rd\u00e9sre v\u00e1laszolva \u00fagy fogalmazott: &#8222;szerint\u00fcnk rossz p\u00e1lya&#8221;, hogy a magyar korm\u00e1ny biztosjel\u00f6ltjei k\u00f6z\u00fcl &#8222;mazsol\u00e1zzon az Eur\u00f3pai Uni\u00f3 \u00e1ltalunk nem eg\u00e9szen defini\u00e1lhat\u00f3 er\u0151k\u00f6re&#8221;. Tr\u00f3cs\u00e1nyi L\u00e1szl\u00f3 kor\u00e1bbi jel\u00f6ltet felk\u00e9sz\u00fcltnek, nemzetk\u00f6zi tapasztalattal \u00e9s szakmai tekint\u00e9llyel rendelkez\u0151nek nevezte.<br \/>\n    &#8222;Ebbe nem is tudtak belek\u00f6tni, hanem mondvacsin\u00e1lt \u00f6sszef\u00e9rhetetlens\u00e9gi okokra hivatkoztak&#8221; &#8211; jelentette ki.<br \/>\n    Megjegyezte, hogy az eur\u00f3pai \u00fcgy\u00e9szs\u00e9g \u00e9l\u00e9re kinevezend\u0151 rom\u00e1n eln\u00f6kn\u0151 ellen a saj\u00e1t haz\u00e1j\u00e1ban t\u00f6bb tucat b\u0171n\u00fcgyi vizsg\u00e1lat folyik, \u00e9s az m\u00e1r kider\u00fclt, hogy s\u00falyosan vissza\u00e9lt a befoly\u00e1s\u00e1val. Az \u0151 eset\u00e9ben m\u00e9gsem mer\u00fcltek fel \u00f6sszef\u00e9rhetetlens\u00e9gi agg\u00e1lyok &#8211; tette hozz\u00e1 K\u00f3sa Lajos.<br \/>\n    A magyar korm\u00e1ny Tr\u00f3cs\u00e1nyi L\u00e1szl\u00f3 ut\u00e1n V\u00e1rhelyi Oliv\u00e9rt jel\u00f6lte biztosnak, aki kit\u0171n\u0151en ismeri a br\u00fcsszeli viszonyokat, megb\u00edzhat\u00f3an k\u00e9pviseli a magyar \u00e9rdekeket &#8211; hangoztatta K\u00f3sa Lajos, hozz\u00e1t\u00e9ve: az \u0151 alkalmass\u00e1ga sem kifog\u00e1solhat\u00f3, &#8222;v\u00e1rjuk, hogy (&#8230;) mi fog t\u00f6rt\u00e9nni&#8221;.<br \/>\n    K\u00f6z\u00f6lte: nem illik k\u00edv\u00fclr\u0151l beleavatkozni abba, hogy a magyar korm\u00e1ny kit jel\u00f6l biztosnak.(MTI)<\/p>\n","protected":false},"excerpt":{"rendered":"<p>A csal\u00e1dt\u00e1mogat\u00e1si rendszer b\u0151v\u00fcl\u00e9se \u00e9s \u00fajabb gazdas\u00e1gv\u00e9delmi program v\u00e1rhat\u00f3 az Orsz\u00e1ggy\u0171l\u00e9s \u0151szi \u00fcl\u00e9sszak\u00e1ban &#8211; jelentette ki a Fidesz aleln\u00f6ke, egyben \u00f6nkorm\u00e1nyzati v\u00e1laszt\u00e1sok\u00e9rt felel\u0151s kamp\u00e1nyf\u0151n\u00f6ke a Kossuth r\u00e1di\u00f3 Vas\u00e1rnapi \u00fajs\u00e1g c\u00edm\u0171 m\u0171sor\u00e1ban.<\/p>\n","protected":false},"author":1001003,"featured_media":0,"comment_status":"closed","ping_status":"open","sticky":false,"template":"","format":"standard","meta":[],"categories":[19],"tags":[],"_links":{"self":[{"href":"https:\/\/gazdasagportal.hu\/index.php\/wp-json\/wp\/v2\/posts\/120582"}],"collection":[{"href":"https:\/\/gazdasagportal.hu\/index.php\/wp-json\/wp\/v2\/posts"}],"about":[{"href":"https:\/\/gazdasagportal.hu\/index.php\/wp-json\/wp\/v2\/types\/post"}],"author":[{"embeddable":true,"href":"https:\/\/gazdasagportal.hu\/index.php\/wp-json\/wp\/v2\/users\/1001003"}],"replies":[{"embeddable":true,"href":"https:\/\/gazdasagportal.hu\/index.php\/wp-json\/wp\/v2\/comments?post=120582"}],"version-history":[{"count":1,"href":"https:\/\/gazdasagportal.hu\/index.php\/wp-json\/wp\/v2\/posts\/120582\/revisions"}],"predecessor-version":[{"id":120583,"href":"https:\/\/gazdasagportal.hu\/index.php\/wp-json\/wp\/v2\/posts\/120582\/revisions\/120583"}],"wp:attachment":[{"href":"https:\/\/gazdasagportal.hu\/index.php\/wp-json\/wp\/v2\/media?parent=120582"}],"wp:term":[{"taxonomy":"category","embeddable":true,"href":"https:\/\/gazdasagportal.hu\/index.php\/wp-json\/wp\/v2\/categories?post=120582"},{"taxonomy":"post_tag","embeddable":true,"href":"https:\/\/gazdasagportal.hu\/index.php\/wp-json\/wp\/v2\/tags?post=120582"}],"curies":[{"name":"wp","href":"https:\/\/api.w.org\/{rel}","templated":true}]}}