{"id":120570,"date":"2019-10-19T13:07:54","date_gmt":"2019-10-19T11:07:54","guid":{"rendered":"http:\/\/gazdasagportal.hu\/?p=120570"},"modified":"2019-10-19T10:08:52","modified_gmt":"2019-10-19T08:08:52","slug":"az-amerikai-kormanyzat-uj-szankciokat-vezet-be-kuba-ellen","status":"publish","type":"post","link":"https:\/\/gazdasagportal.hu\/index.php\/az-amerikai-kormanyzat-uj-szankciokat-vezet-be-kuba-ellen\/","title":{"rendered":"Az amerikai korm\u00e1nyzat \u00faj szankci\u00f3kat vezet be Kuba ellen"},"content":{"rendered":"<p><strong>Az amerikai korm\u00e1nyzat \u00faj szankci\u00f3kat vezet be Kuba ellen &#8211; jelentette be k\u00f6zlem\u00e9ny\u00e9ben az amerikai p\u00e9nz\u00fcgyminiszt\u00e9rium p\u00e9nteken.<\/strong><!--more--><\/p>\n<div class=\"ads-in-post1\"><div id=\"gazdasagportal.hu_fullbanner_wideboard\"><\/div>\r\n<\/div>\n<p>    Indokl\u00e1sk\u00e9nt az amerikai miniszt\u00e9rium a kubai emberi jogi helyzetet \u00e9s a venezuelai korm\u00e1ny t\u00e1mogat\u00e1s\u00e1t eml\u00edtette.<br \/>\n    A b\u00fcntet\u0151 int\u00e9zked\u00e9sek \u00e9rtelm\u00e9ben megvonj\u00e1k Kuba hozz\u00e1f\u00e9r\u00e9s\u00e9t a kereskedelmi c\u00e9l\u00fa rep\u00fcl\u0151j\u00e1ratokhoz a rep\u00fcl\u0151g\u00e9pek b\u00e9rl\u00e9si enged\u00e9ly\u00e9nek visszavon\u00e1s\u00e1val, illetve \u00faj enged\u00e9lyek kiad\u00e1s\u00e1nak megtagad\u00e1s\u00e1val. Ezeket a rep\u00fcl\u0151g\u00e9peket a kubai \u00e1llami l\u00e9git\u00e1rsas\u00e1g b\u00e9rli.<br \/>\n<div class=\"ads-in-post2\"><script async src=\"https:\/\/pagead2.googlesyndication.com\/pagead\/js\/adsbygoogle.js\"><\/script>\r\n<ins class=\"adsbygoogle\"\r\n     style=\"display:block\"\r\n     data-ad-format=\"fluid\"\r\n     data-ad-layout-key=\"-6t+ed+2i-1n-4w\"\r\n     data-ad-client=\"ca-pub-1959107119989764\"\r\n     data-ad-slot=\"4008251320\"><\/ins>\r\n<script>\r\n     (adsbygoogle = window.adsbygoogle || []).push({});\r\n<\/script><\/div>\n    A szankci\u00f3k t\u00f6bb olyan kubai \u00e1rucikk behozatal\u00e1t is megtiltj\u00e1k, amely valamilyen amerikai alkatr\u00e9sz felhaszn\u00e1l\u00e1s\u00e1val k\u00e9sz\u00fclt, tov\u00e1bb\u00e1 \u00fajabb megszor\u00edt\u00e1sokat l\u00e9ptetnek \u00e9letbe a kubai korm\u00e1nyzatnak sz\u00e1nt exportcikkekre.<br \/>\n    Az amerikai p\u00e9nz\u00fcgyminiszt\u00e9rium k\u00f6zlem\u00e9nye nem r\u00e9szletezte, hogy melyek a szankci\u00f3kkal s\u00fajtand\u00f3 term\u00e9kek.(MTI)<\/p>\n","protected":false},"excerpt":{"rendered":"<p>Az amerikai korm\u00e1nyzat \u00faj szankci\u00f3kat vezet be Kuba ellen &#8211; jelentette be k\u00f6zlem\u00e9ny\u00e9ben az amerikai p\u00e9nz\u00fcgyminiszt\u00e9rium p\u00e9nteken.<\/p>\n","protected":false},"author":1001003,"featured_media":0,"comment_status":"closed","ping_status":"open","sticky":false,"template":"","format":"standard","meta":[],"categories":[246],"tags":[],"_links":{"self":[{"href":"https:\/\/gazdasagportal.hu\/index.php\/wp-json\/wp\/v2\/posts\/120570"}],"collection":[{"href":"https:\/\/gazdasagportal.hu\/index.php\/wp-json\/wp\/v2\/posts"}],"about":[{"href":"https:\/\/gazdasagportal.hu\/index.php\/wp-json\/wp\/v2\/types\/post"}],"author":[{"embeddable":true,"href":"https:\/\/gazdasagportal.hu\/index.php\/wp-json\/wp\/v2\/users\/1001003"}],"replies":[{"embeddable":true,"href":"https:\/\/gazdasagportal.hu\/index.php\/wp-json\/wp\/v2\/comments?post=120570"}],"version-history":[{"count":1,"href":"https:\/\/gazdasagportal.hu\/index.php\/wp-json\/wp\/v2\/posts\/120570\/revisions"}],"predecessor-version":[{"id":120571,"href":"https:\/\/gazdasagportal.hu\/index.php\/wp-json\/wp\/v2\/posts\/120570\/revisions\/120571"}],"wp:attachment":[{"href":"https:\/\/gazdasagportal.hu\/index.php\/wp-json\/wp\/v2\/media?parent=120570"}],"wp:term":[{"taxonomy":"category","embeddable":true,"href":"https:\/\/gazdasagportal.hu\/index.php\/wp-json\/wp\/v2\/categories?post=120570"},{"taxonomy":"post_tag","embeddable":true,"href":"https:\/\/gazdasagportal.hu\/index.php\/wp-json\/wp\/v2\/tags?post=120570"}],"curies":[{"name":"wp","href":"https:\/\/api.w.org\/{rel}","templated":true}]}}