{"id":120554,"date":"2019-10-18T13:40:22","date_gmt":"2019-10-18T11:40:22","guid":{"rendered":"http:\/\/gazdasagportal.hu\/?p=120554"},"modified":"2019-10-18T13:40:22","modified_gmt":"2019-10-18T11:40:22","slug":"katalan-valsag-altalanos-sztrajk-kezdodott-kataloniaban","status":"publish","type":"post","link":"https:\/\/gazdasagportal.hu\/index.php\/katalan-valsag-altalanos-sztrajk-kezdodott-kataloniaban\/","title":{"rendered":"Katal\u00e1n v\u00e1ls\u00e1g &#8211; \u00c1ltal\u00e1nos sztr\u00e1jk kezd\u0151d\u00f6tt Katal\u00f3ni\u00e1ban"},"content":{"rendered":"<p><strong>Egynapos \u00e1ltal\u00e1nos sztr\u00e1jk kezd\u0151d\u00f6tt Katal\u00f3ni\u00e1ban tiltakoz\u00e1sk\u00e9nt a katal\u00e1n f\u00fcggetlens\u00e9gi vezet\u0151kre kiszabott b\u00f6rt\u00f6nb\u00fcntet\u00e9se ellen p\u00e9nteken, amelyhez a katal\u00e1n korm\u00e1ny adatai szerint a munkav\u00e1llal\u00f3k kevesebb mint 50 sz\u00e1zal\u00e9ka csatlakozott d\u00e9lig.<\/strong><!--more--><\/p>\n<div class=\"ads-in-post1\"><div id=\"gazdasagportal.hu_fullbanner_wideboard\"><\/div>\r\n<\/div>\n<p>    &#8222;A szabads\u00e1gjogok\u00e9rt&#8221; c\u00edmmel meghirdetett akci\u00f3 a kora reggeli \u00f3r\u00e1kban nem okozott l\u00e1that\u00f3 probl\u00e9m\u00e1kat \u00e9s fennakad\u00e1sokat a spanyol sajt\u00f3 helysz\u00edni besz\u00e1mol\u00f3i szerint.<br \/>\n    Chakir El Homrani katal\u00e1n munka\u00fcgyi tan\u00e1csos k\u00e9s\u0151bbi t\u00e1j\u00e9koztat\u00e1sa szerint a sztr\u00e1jk t\u00e1mogat\u00e1sa az egyetemeken a legmagasabb, 90 sz\u00e1zal\u00e9k, amelyet a kereskedelem k\u00f6vet 60-80 sz\u00e1zal\u00e9k k\u00f6z\u00f6tti r\u00e9szv\u00e9tellel. A k\u00f6zoktat\u00e1sban dolgoz\u00f3k 43 sz\u00e1zal\u00e9ka csatlakozott a munkabesz\u00fcntet\u00e9shez, a k\u00f6zigazgat\u00e1sban 30, az eg\u00e9szs\u00e9g\u00fcgyben 26 sz\u00e1zal\u00e9kos ez az ar\u00e1ny.<br \/>\n    A spanyol sajt\u00f3ban megjelent tud\u00f3s\u00edt\u00e1sok szerint Barcelon\u00e1ban nagyon sok \u00fczlet az utcai megmozdul\u00e1sok miatt nem nyitott ki, amelyek d\u00e9lel\u0151tt \u00f3ta zajlanak a v\u00e1ros k\u00fcl\u00f6nb\u00f6z\u0151 pontjain.<br \/>\n    D\u00e9lel\u0151tt sztr\u00e1jkol\u00f3 kik\u00f6t\u0151i rakod\u00f3munk\u00e1sok vonultak a v\u00e1rosh\u00e1za el\u00e9, d\u00e9lben pedig egyetemist\u00e1k t\u00f6mege kezdte meg felvonul\u00e1s\u00e1t a belv\u00e1rosban.<br \/>\n    A K\u00f6zt\u00e1rsas\u00e1g V\u00e9delmi Bizotts\u00e1gok (CDR) radik\u00e1lis f\u00fcggetlens\u00e9gp\u00e1rti csoport felh\u00edv\u00e1s\u00e1ra t\u00fcntet\u0151k gy\u0171ltek \u00f6ssze a v\u00e1ros jelk\u00e9p\u00e9nek \u00e9s egyik legf\u0151bb l\u00e1tv\u00e1nyoss\u00e1g\u00e1nak sz\u00e1m\u00edt\u00f3 Sagrada Familia-sz\u00e9kesegyh\u00e1zn\u00e1l.<br \/>\n<div class=\"ads-in-post2\"><script async src=\"https:\/\/pagead2.googlesyndication.com\/pagead\/js\/adsbygoogle.js\"><\/script>\r\n<ins class=\"adsbygoogle\"\r\n     style=\"display:block\"\r\n     data-ad-format=\"fluid\"\r\n     data-ad-layout-key=\"-6t+ed+2i-1n-4w\"\r\n     data-ad-client=\"ca-pub-1959107119989764\"\r\n     data-ad-slot=\"4008251320\"><\/ins>\r\n<script>\r\n     (adsbygoogle = window.adsbygoogle || []).push({});\r\n<\/script><\/div>\n    A turist\u00e1k biztons\u00e1ga \u00e9rdek\u00e9ben a templomot \u00e1tmenetileg nem lehet l\u00e1togatni, de a jegyek visszav\u00e1lthat\u00f3k &#8211; k\u00f6z\u00f6lte Twitter-oldal\u00e1n az int\u00e9zm\u00e9ny.<br \/>\n    A tiltakoz\u00f3akci\u00f3k a legt\u00f6bb neh\u00e9zs\u00e9get a k\u00f6z\u00fati forgalomban okozz\u00e1k, 19 aut\u00f3\u00fat van szakaszosan lez\u00e1rva Katal\u00f3ni\u00e1ban t\u00fcntet\u00e9sek miatt. \u00d3ri\u00e1si dug\u00f3 alakult ki a francia hat\u00e1rhoz vezet\u0151 aut\u00f3p\u00e1ly\u00e1n mindk\u00e9t ir\u00e1nyban, ahol szint\u00e9n t\u00fcntet\u0151k csoportja vonult fel.<br \/>\n    A munkabesz\u00fcntet\u00e9s minden \u00e1gazatot \u00e9rint, ez\u00e9rt a korm\u00e1ny minimumszolg\u00e1ltat\u00e1sokat hat\u00e1rozott meg a k\u00f6zleked\u00e9sben, az oktat\u00e1sban \u00e9s az eg\u00e9szs\u00e9g\u00fcgyben.<br \/>\n        Barcelon\u00e1ban a t\u00f6megk\u00f6zleked\u00e9sben a nap folyam\u00e1n a szok\u00e1sos menetrendhez k\u00e9pest ez 25 sz\u00e1zal\u00e9kot jelent a nap nagy r\u00e9sz\u00e9ben, kiv\u00e9tel a reggeli cs\u00facsforgalom, amikor a j\u00e1ratok 50 sz\u00e1zal\u00e9k\u00e1t kell garant\u00e1lnia a k\u00f6zleked\u00e9si v\u00e1llalatnak.<br \/>\n        A vas\u00fati forgalomban 33 sz\u00e1zal\u00e9kos minimumszolg\u00e1ltat\u00e1sokat biztos\u00edtnak.<br \/>\n        A Vueling spanyol diszkont l\u00e9git\u00e1rsas\u00e1g 36, az Iberia pedig 12 p\u00e9nteki belf\u00f6ldi j\u00e1rat\u00e1t t\u00f6r\u00f6lte el\u0151vigy\u00e1zatoss\u00e1gb\u00f3l. A nap folyam\u00e1n eddig tov\u00e1bbi kilenc rep\u00fcl\u0151j\u00e1ratot mondtak le.<br \/>\n        Sz\u00fcnetel a munka a Seat martorelli gy\u00e1r\u00e1ban is, de ott nem k\u00f6zvetlen\u00fcl a sztr\u00e1jkhoz csatlakozott a v\u00e1llalat, hanem a c\u00e9g att\u00f3l tartott, hogy a v\u00e1rhat\u00f3 utcai megmozdul\u00e1sok miatt a dolgoz\u00f3k nem jutnak be id\u0151ben a munk\u00e1ba.<br \/>\n        A sztr\u00e1jkot az Intersindical-CSC \u00e9s az Intersindical Alternativa de Catalunya (IAC) kisebbs\u00e9gi szakszervezet hirdette meg. A felh\u00edv\u00e1s\u00e1hoz nem csatlakoztak a dolgoz\u00f3k t\u00falnyom\u00f3 t\u00f6bbs\u00e9g\u00e9t k\u00e9pvisel\u0151 Munk\u00e1sbizotts\u00e1gok (CCOO) \u00e9s a Spanyol Munk\u00e1sok \u00c1ltal\u00e1nos Sz\u00f6vets\u00e9ge (UGT) nev\u0171 szakszervezet sem.<br \/>\n        A sztr\u00e1jk szervez\u0151i nagyszab\u00e1s\u00fa t\u00fcntet\u00e9st hirdettek d\u00e9lut\u00e1nra Barcelon\u00e1ba. Oda v\u00e1rj\u00e1k a Szabads\u00e1gmenetnek nevezett h\u00e1romnapos felvonul\u00e1s t\u00f6bb ezer r\u00e9sztvev\u0151j\u00e9t is, akik szerd\u00e1n indultak el \u00f6t k\u00fcl\u00f6nb\u00f6z\u0151 katal\u00e1n v\u00e1rosb\u00f3l gyalog.<br \/>\n        Az elm\u00falt \u00e9jszak\u00e1kon t\u00f6bbsz\u00f6r is rendbont\u00e1sba fordul\u00f3 t\u00fcntet\u00e9shull\u00e1m azut\u00e1n kezd\u0151d\u00f6tt Katal\u00f3ni\u00e1ban, hogy h\u00e9tf\u0151n a spanyol legfels\u0151bb b\u00edr\u00f3s\u00e1g zend\u00fcl\u00e9s miatt el\u00edt\u00e9lt kilenc katal\u00e1n f\u00fcggetlens\u00e9gi vezet\u0151t. Kilenct\u0151l 13 \u00e9vig tart\u00f3 szabads\u00e1gveszt\u00e9ssel s\u00fajtotta \u0151ket a 2017. okt\u00f3ber 1-j\u00e9n alkotm\u00e1nyellenesen megtartott \u00e9s rend\u0151ri er\u0151szakkal v\u00e9gz\u0151d\u00f6tt f\u00fcggetlens\u00e9gi n\u00e9pszavaz\u00e1s, valamint a katal\u00e1n f\u00fcggetlens\u00e9gi nyilatkozat elfogad\u00e1sa miatt.(MTI)<\/p>\n","protected":false},"excerpt":{"rendered":"<p>Egynapos \u00e1ltal\u00e1nos sztr\u00e1jk kezd\u0151d\u00f6tt Katal\u00f3ni\u00e1ban tiltakoz\u00e1sk\u00e9nt a katal\u00e1n f\u00fcggetlens\u00e9gi vezet\u0151kre kiszabott b\u00f6rt\u00f6nb\u00fcntet\u00e9se ellen p\u00e9nteken, amelyhez a katal\u00e1n korm\u00e1ny adatai szerint a munkav\u00e1llal\u00f3k kevesebb mint 50 sz\u00e1zal\u00e9ka csatlakozott d\u00e9lig.<\/p>\n","protected":false},"author":1,"featured_media":0,"comment_status":"closed","ping_status":"open","sticky":false,"template":"","format":"standard","meta":[],"categories":[12],"tags":[],"_links":{"self":[{"href":"https:\/\/gazdasagportal.hu\/index.php\/wp-json\/wp\/v2\/posts\/120554"}],"collection":[{"href":"https:\/\/gazdasagportal.hu\/index.php\/wp-json\/wp\/v2\/posts"}],"about":[{"href":"https:\/\/gazdasagportal.hu\/index.php\/wp-json\/wp\/v2\/types\/post"}],"author":[{"embeddable":true,"href":"https:\/\/gazdasagportal.hu\/index.php\/wp-json\/wp\/v2\/users\/1"}],"replies":[{"embeddable":true,"href":"https:\/\/gazdasagportal.hu\/index.php\/wp-json\/wp\/v2\/comments?post=120554"}],"version-history":[{"count":1,"href":"https:\/\/gazdasagportal.hu\/index.php\/wp-json\/wp\/v2\/posts\/120554\/revisions"}],"predecessor-version":[{"id":120555,"href":"https:\/\/gazdasagportal.hu\/index.php\/wp-json\/wp\/v2\/posts\/120554\/revisions\/120555"}],"wp:attachment":[{"href":"https:\/\/gazdasagportal.hu\/index.php\/wp-json\/wp\/v2\/media?parent=120554"}],"wp:term":[{"taxonomy":"category","embeddable":true,"href":"https:\/\/gazdasagportal.hu\/index.php\/wp-json\/wp\/v2\/categories?post=120554"},{"taxonomy":"post_tag","embeddable":true,"href":"https:\/\/gazdasagportal.hu\/index.php\/wp-json\/wp\/v2\/tags?post=120554"}],"curies":[{"name":"wp","href":"https:\/\/api.w.org\/{rel}","templated":true}]}}