{"id":120542,"date":"2019-10-18T10:54:13","date_gmt":"2019-10-18T08:54:13","guid":{"rendered":"http:\/\/gazdasagportal.hu\/?p=120542"},"modified":"2019-10-18T10:54:13","modified_gmt":"2019-10-18T08:54:13","slug":"a-vartnal-kisebb-mertekben-nott-a-kinai-gazdasag-a-harmadik-negyedevben","status":"publish","type":"post","link":"https:\/\/gazdasagportal.hu\/index.php\/a-vartnal-kisebb-mertekben-nott-a-kinai-gazdasag-a-harmadik-negyedevben\/","title":{"rendered":"A v\u00e1rtn\u00e1l kisebb m\u00e9rt\u00e9kben n\u0151tt a k\u00ednai gazdas\u00e1g a harmadik negyed\u00e9vben"},"content":{"rendered":"<p><strong>A v\u00e1rtn\u00e1l kisebb m\u00e9rt\u00e9kben n\u0151tt K\u00edna gazdas\u00e1ga a harmadik negyed\u00e9vben, mivel az Egyes\u00fclt \u00c1llamokkal v\u00edvott \u00e1d\u00e1z kereskedelmi h\u00e1bor\u00fa visszavetette az ipari termel\u00e9st, \u00e9s ezzel fokozta a pekingi vezet\u00e9sre nehezed\u0151 nyom\u00e1st, hogy tov\u00e1bbi gazdas\u00e1g\u00e9l\u00e9nk\u00edt\u0151 int\u00e9zked\u00e9seket vezessen be.<\/strong><!--more--><\/p>\n<div class=\"ads-in-post1\"><div id=\"gazdasagportal.hu_fullbanner_wideboard\"><\/div>\r\n<\/div>\n<p>    A k\u00ednai statisztikai hivatal p\u00e9nteken k\u00f6z\u00f6lte, hogy \u00e9ves \u00f6sszevet\u00e9sben 6,0 sz\u00e1zal\u00e9kkal n\u0151tt a brutt\u00f3 hazai term\u00e9k (GDP), ami 1992 els\u0151 negyed\u00e9ve \u00f3ta a leglassabb \u00fctem. Elemz\u0151k 6,1 sz\u00e1zal\u00e9kos GDP-n\u00f6veked\u00e9st v\u00e1rtak a m\u00e1sodik negyed\u00e9vben m\u00e9rt 6,2 sz\u00e1zal\u00e9k ut\u00e1n.<br \/>\n    A k\u00ednai GDP tavaly 6,6 sz\u00e1zal\u00e9kkal, az ut\u00f3bbi 28 \u00e9v leggyeng\u00e9bb \u00fctem\u00e9ben n\u0151tt. A k\u00ednai vezet\u0151k az idei \u00e9vre azt t\u0171zt\u00e9k ki c\u00e9lk\u00e9nt, hogy a n\u00f6veked\u00e9s \u00fcteme a 6,0-6,5 sz\u00e1zal\u00e9kos s\u00e1vba essen.<br \/>\n    Megfigyel\u0151k bor\u00fal\u00e1t\u00f3ak a k\u00ednai gazdas\u00e1g n\u00f6veked\u00e9si kil\u00e1t\u00e1sait illet\u0151en annak ellen\u00e9re is, hogy a m\u00falt heti washingtoni t\u00e1rgyal\u00e1sok eredm\u00e9nyek\u00e9nt n\u00e9mileg enyh\u00fcltek az amerikai-k\u00ednai kereskedelmi fesz\u00fclts\u00e9gek.<br \/>\n    A vil\u00e1g k\u00e9t legnagyobb gazdas\u00e1ga k\u00f6z\u00f6tt tavaly \u00f3ta d\u00fal\u00f3 kereskedelmi h\u00e1bor\u00fa jelent\u0151s csap\u00e1st m\u00e9rt a k\u00ednai feldolgoz\u00f3iparra, gyeng\u00edtette a k\u00fclf\u00f6ldi \u00e9s a belf\u00f6ldi keresletet. A h\u00e9t elej\u00e9n k\u00f6z\u00f6lt adatok szerint az export gyorsul\u00f3 \u00fctemben cs\u00f6kkent, az import pedig m\u00e1r az \u00f6t\u00f6dik egym\u00e1st k\u00f6vet\u0151 h\u00f3napban esett vissza, m\u00edg a termel\u0151i \u00e1rak h\u00e1rom \u00e9ve nem l\u00e1tott m\u00e9rt\u00e9kben zsugorodtak szeptemberben.<br \/>\n    Ugyanakkor kedvez\u0151 h\u00edr, hogy a v\u00e1rtn\u00e1l nagyobb m\u00e9rt\u00e9kben, \u00e9ves szinten 5,8 sz\u00e1zal\u00e9kkal n\u0151tt az ipari termel\u00e9s K\u00edn\u00e1ban szeptemberben a belf\u00f6ldi megrendel\u00e9sek felfut\u00e1s\u00e1nak k\u00f6sz\u00f6nhet\u0151en. Elemz\u0151k 5 sz\u00e1zal\u00e9kra sz\u00e1m\u00edtottak az augusztusi 4,4 sz\u00e1zal\u00e9kos b\u0151v\u00fcl\u00e9s ut\u00e1n.<br \/>\n    A kiskereskedelmi forgalom \u00e9ves \u00f6sszevet\u00e9sben 7,8 sz\u00e1zal\u00e9kkal emelkedett szeptemberben, \u00f6sszhangban az elemz\u0151i el\u0151rejelz\u00e9sekkel, gyorsult az \u00fctem az augusztusi, 7,5 sz\u00e1zal\u00e9khoz k\u00e9pest.<br \/>\n<div class=\"ads-in-post2\"><script async src=\"https:\/\/pagead2.googlesyndication.com\/pagead\/js\/adsbygoogle.js\"><\/script>\r\n<ins class=\"adsbygoogle\"\r\n     style=\"display:block\"\r\n     data-ad-format=\"fluid\"\r\n     data-ad-layout-key=\"-6t+ed+2i-1n-4w\"\r\n     data-ad-client=\"ca-pub-1959107119989764\"\r\n     data-ad-slot=\"4008251320\"><\/ins>\r\n<script>\r\n     (adsbygoogle = window.adsbygoogle || []).push({});\r\n<\/script><\/div>\n    Az \u00e1ll\u00f3eszk\u00f6z-beruh\u00e1z\u00e1sok 5,4 sz\u00e1zal\u00e9kkal n\u0151ttek a m\u00falt \u00e9v azonos id\u0151szak\u00e1hoz k\u00e9pest az idei \u00e9v els\u0151 kilenc h\u00f3napj\u00e1ban. Elemz\u0151k is 5,4 sz\u00e1zal\u00e9kot v\u00e1rtak az els\u0151 nyolchavi 5,5 sz\u00e1zal\u00e9kos emelked\u00e9s ut\u00e1n.<br \/>\n    A beruh\u00e1z\u00e1sok 60 sz\u00e1zal\u00e9k\u00e1t kitev\u0151 mag\u00e1nberuh\u00e1z\u00e1sok n\u00f6veked\u00e9si \u00fcteme 4,7 sz\u00e1zal\u00e9kra m\u00e9rs\u00e9kl\u0151d\u00f6tt az \u00e9v els\u0151 kilenc h\u00f3napj\u00e1ban a janu\u00e1r-augusztusban m\u00e9rt 4,9 sz\u00e1zal\u00e9kr\u00f3l.<br \/>\n    Az ingatlanpiaci beruh\u00e1z\u00e1sok n\u00f6veked\u00e9se tartani tudta az els\u0151 nyolc h\u00f3napban el\u00e9rt \u00fctemet, 10,5 sz\u00e1zal\u00e9kon maradt a janu\u00e1r-szeptemberi id\u0151szakban is. Az ingatlanpiac ezzel meg\u0151rizte szerep\u00e9t a k\u00ednai gazdas\u00e1g h\u00faz\u00f3\u00e1gazatak\u00e9nt, de k\u00e9rd\u00e9ses, hogy m\u00e9g meddig k\u00e9pes fenntartani ezt a n\u00f6veked\u00e9si \u00fctemet, ugyanis a k\u00ednai korm\u00e1nyzat d\u00f6nt\u00e9shoz\u00f3 test\u00fclete j\u00faliusban kiz\u00e1rta annak a lehet\u0151s\u00e9g\u00e9t, hogy a gazdas\u00e1g r\u00f6vidt\u00e1v\u00fa \u00e9l\u00e9nk\u00edt\u00e9s\u00e9nek eszk\u00f6zek\u00e9nt haszn\u00e1lja ezt a szektort.<br \/>\n    A k\u00ednai korm\u00e1nyzat az elm\u00falt egy \u00e9vben egy sor int\u00e9zked\u00e9ssel, egyebek mellett ad\u00f3cs\u00f6kkent\u00e9ssel \u00e9s a hitelez\u00e9si szab\u00e1lyok enyh\u00edt\u00e9s\u00e9vel, igyekezte ellens\u00falyozni az amerikai-k\u00ednai kereskedelmi konfliktus negat\u00edv hat\u00e1sait, ezek azonban egyel\u0151re nem hoztak szembet\u0171n\u0151 eredm\u00e9nyt.<br \/>\n    A kereskedelmi f\u0151t\u00e1rgyal\u00f3k m\u00falt h\u00e9ten Washingtonban tartott egyeztet\u00e9sei ut\u00e1n Donald Trump amerikai eln\u00f6k egy r\u00e9szleges meg\u00e1llapod\u00e1s megk\u00f6t\u00e9s\u00e9t helyezte kil\u00e1t\u00e1sba, \u00e9s ebben a rem\u00e9nyben el\u00e1llt att\u00f3l a tervt\u0151l, hogy okt\u00f3ber 15-\u00e9vel 250 milli\u00e1rd doll\u00e1r \u00e9rt\u00e9k\u0171 k\u00ednai \u00e1rucikkekre vonatkoz\u00f3 p\u00f3tv\u00e1mokat 25-r\u0151l 30 sz\u00e1zal\u00e9kra emeljen. Mindk\u00e9t f\u00e9l \u00fagy nyilatkozott azonban, hogy tov\u00e1bbi er\u0151fesz\u00edt\u00e9sekre van sz\u00fcks\u00e9g egy esetleges meg\u00e1llapod\u00e1s tet\u0151 al\u00e1 hozatal\u00e1hoz.<br \/>\n    A Nemzetk\u00f6zi Valutaalap (IMF) a h\u00e9t elej\u00e9n k\u00f6zz\u00e9tett vil\u00e1ggazdas\u00e1gi el\u0151rejelz\u00e9s\u00e9ben 0,1 \u00e9s 0,2 sz\u00e1zal\u00e9kponttal korrig\u00e1lta lefel\u00e9 a k\u00ednai gazdas\u00e1g idei \u00e9s j\u00f6v\u0151 \u00e9vi v\u00e1rhat\u00f3 n\u00f6veked\u00e9si \u00fctem\u00e9t. Eszerint a k\u00ednai n\u00f6veked\u00e9s a 2018-as 6,6 sz\u00e1zal\u00e9kr\u00f3l az id\u00e9n 6,1 sz\u00e1zal\u00e9kra lassulhat, majd 2020-ban 5,8 sz\u00e1zal\u00e9kra. K\u00edn\u00e1ban az importv\u00e1m-h\u00e1bor\u00fa \u00e9s a k\u00fcls\u0151 kereslet gyeng\u00fcl\u00e9se veti vissza a n\u00f6veked\u00e9st, de ehhez a bels\u0151 hitel\u00e1llom\u00e1ny tov\u00e1bbi duzzad\u00e1s\u00e1t f\u00e9kez\u0151 hat\u00f3s\u00e1gi int\u00e9zked\u00e9sek is hozz\u00e1j\u00e1rulnak.(MTI)<\/p>\n","protected":false},"excerpt":{"rendered":"<p>A v\u00e1rtn\u00e1l kisebb m\u00e9rt\u00e9kben n\u0151tt K\u00edna gazdas\u00e1ga a harmadik negyed\u00e9vben, mivel az Egyes\u00fclt \u00c1llamokkal v\u00edvott \u00e1d\u00e1z kereskedelmi h\u00e1bor\u00fa visszavetette az ipari termel\u00e9st, \u00e9s ezzel fokozta a pekingi vezet\u00e9sre nehezed\u0151 nyom\u00e1st, hogy tov\u00e1bbi gazdas\u00e1g\u00e9l\u00e9nk\u00edt\u0151 int\u00e9zked\u00e9seket vezessen be.<\/p>\n","protected":false},"author":1,"featured_media":0,"comment_status":"closed","ping_status":"open","sticky":false,"template":"","format":"standard","meta":[],"categories":[246],"tags":[],"_links":{"self":[{"href":"https:\/\/gazdasagportal.hu\/index.php\/wp-json\/wp\/v2\/posts\/120542"}],"collection":[{"href":"https:\/\/gazdasagportal.hu\/index.php\/wp-json\/wp\/v2\/posts"}],"about":[{"href":"https:\/\/gazdasagportal.hu\/index.php\/wp-json\/wp\/v2\/types\/post"}],"author":[{"embeddable":true,"href":"https:\/\/gazdasagportal.hu\/index.php\/wp-json\/wp\/v2\/users\/1"}],"replies":[{"embeddable":true,"href":"https:\/\/gazdasagportal.hu\/index.php\/wp-json\/wp\/v2\/comments?post=120542"}],"version-history":[{"count":1,"href":"https:\/\/gazdasagportal.hu\/index.php\/wp-json\/wp\/v2\/posts\/120542\/revisions"}],"predecessor-version":[{"id":120543,"href":"https:\/\/gazdasagportal.hu\/index.php\/wp-json\/wp\/v2\/posts\/120542\/revisions\/120543"}],"wp:attachment":[{"href":"https:\/\/gazdasagportal.hu\/index.php\/wp-json\/wp\/v2\/media?parent=120542"}],"wp:term":[{"taxonomy":"category","embeddable":true,"href":"https:\/\/gazdasagportal.hu\/index.php\/wp-json\/wp\/v2\/categories?post=120542"},{"taxonomy":"post_tag","embeddable":true,"href":"https:\/\/gazdasagportal.hu\/index.php\/wp-json\/wp\/v2\/tags?post=120542"}],"curies":[{"name":"wp","href":"https:\/\/api.w.org\/{rel}","templated":true}]}}