{"id":120528,"date":"2019-10-17T20:30:55","date_gmt":"2019-10-17T18:30:55","guid":{"rendered":"http:\/\/gazdasagportal.hu\/?p=120528"},"modified":"2019-10-17T20:30:55","modified_gmt":"2019-10-17T18:30:55","slug":"eu-csucs-alairtak-az-uj-megallapodast-az-egyesult-kiralysag-kivalasanak-felteteleirol","status":"publish","type":"post","link":"https:\/\/gazdasagportal.hu\/index.php\/eu-csucs-alairtak-az-uj-megallapodast-az-egyesult-kiralysag-kivalasanak-felteteleirol\/","title":{"rendered":"EU-cs\u00facs &#8211; Al\u00e1\u00edrt\u00e1k az \u00faj meg\u00e1llapod\u00e1st az Egyes\u00fclt Kir\u00e1lys\u00e1g kiv\u00e1l\u00e1s\u00e1nak felt\u00e9teleir\u0151l"},"content":{"rendered":"<p><strong>Al\u00e1\u00edrt\u00e1k az \u00faj meg\u00e1llapod\u00e1st az Egyes\u00fclt Kir\u00e1lys\u00e1g rendezett eur\u00f3pai uni\u00f3s kiv\u00e1l\u00e1s\u00e1nak felt\u00e9teleir\u0151l a tagorsz\u00e1gok vezet\u0151inek cs\u00facstal\u00e1lkoz\u00f3j\u00e1n cs\u00fct\u00f6rt\u00f6k\u00f6n Br\u00fcsszelben.<\/strong><!--more--><\/p>\n<div class=\"ads-in-post1\"><div id=\"gazdasagportal.hu_fullbanner_wideboard\"><\/div>\r\n<\/div>\n<p>    A jogilag k\u00f6telez\u0151 \u00e9rv\u00e9ny\u0171 egyezm\u00e9ny mellett elfogadt\u00e1k a j\u00f6v\u0151beli viszonyrendszer k\u00f6rvonalait felv\u00e1zol\u00f3, m\u00f3dos\u00edtott politikai nyilatkozatot is, miut\u00e1n az utols\u00f3 pillanatban, d\u00e9lel\u0151tt egyet\u00e9rt\u00e9sre jutottak a felek t\u00e1rgyal\u00f3deleg\u00e1ci\u00f3i.<br \/>\n    A bennmarad\u00f3 tag\u00e1llamok vezet\u0151i \u00e1ltal egyhang\u00falag j\u00f3v\u00e1hagyott z\u00e1r\u00f3nyilatkozatban felsz\u00f3l\u00edtott\u00e1k az EU-int\u00e9zm\u00e9nyeket a sz\u00fcks\u00e9ges int\u00e9zked\u00e9sek megt\u00e9tel\u00e9re annak \u00e9rdek\u00e9ben, hogy november 1-j\u00e9n hat\u00e1lyba l\u00e9phessen a meg\u00e1llapod\u00e1s. A dokumentumban nincs sz\u00f3 az okt\u00f3ber 31-re tervezett kil\u00e9p\u00e9si hat\u00e1rid\u0151 meghosszabb\u00edt\u00e1s\u00e1r\u00f3l.<br \/>\n    A huszonhetek meger\u0151s\u00edtett\u00e9k emellett, hogy a k\u00f6z\u00f6ss\u00e9g a j\u00f6v\u0151ben a lehet\u0151 legszorosabb partners\u00e9gi kapcsolatra t\u00f6rekszik az Egyes\u00fclt Kir\u00e1lys\u00e1ggal.<br \/>\n    A kiv\u00e1l\u00e1si meg\u00e1llapod\u00e1s ezut\u00e1n a londoni t\u00f6rv\u00e9nyhoz\u00e1s, illetve az Eur\u00f3pai Parlament el\u00e9 ker\u00fcl j\u00f3v\u00e1hagy\u00e1sra. El\u0151bbiben a szavaz\u00e1s kimenetele k\u00f6zel sem egy\u00e9rtelm\u0171, s\u0151t az elutas\u00edt\u00e1s t\u0171nik val\u00f3sz\u00edn\u0171bbnek. T\u00f6bb n\u00e9vtelens\u00e9get k\u00e9r\u0151 illet\u00e9kes is \u00fagy fogalmazott, hogy az als\u00f3h\u00e1zi voksol\u00e1s &#8222;Damokl\u00e9sz kardjak\u00e9nt lebeg&#8221; a folyamat felett.<br \/>\n<div class=\"ads-in-post2\"><script async src=\"https:\/\/pagead2.googlesyndication.com\/pagead\/js\/adsbygoogle.js\"><\/script>\r\n<ins class=\"adsbygoogle\"\r\n     style=\"display:block\"\r\n     data-ad-format=\"fluid\"\r\n     data-ad-layout-key=\"-6t+ed+2i-1n-4w\"\r\n     data-ad-client=\"ca-pub-1959107119989764\"\r\n     data-ad-slot=\"4008251320\"><\/ins>\r\n<script>\r\n     (adsbygoogle = window.adsbygoogle || []).push({});\r\n<\/script><\/div>\n    Az EP-ben egyszer\u0171 t\u00f6bbs\u00e9gre van sz\u00fcks\u00e9g a ratifik\u00e1ci\u00f3hoz, amelyet a huszonhetek korm\u00e1nyait t\u00f6m\u00f6r\u00edt\u0151 tan\u00e1cs min\u0151s\u00edtett t\u00f6bbs\u00e9ggel er\u0151s\u00edthet meg. Kor\u00e1bbi k\u00f6zl\u00e9sek szerint a k\u00e9pvisel\u0151test\u00fclet csak akkor bocs\u00e1tja szavaz\u00e1sra a k\u00e9rd\u00e9st, ha a szigetorsz\u00e1gban m\u00e1r megt\u00f6rt\u00e9nt a j\u00f3v\u00e1hagy\u00e1s. Az EP-szavaz\u00e1sra \u00e1ll\u00edt\u00f3lag j\u00f6v\u0151 h\u00e9t cs\u00fct\u00f6rt\u00f6k\u00f6n ker\u00fclhet sor ez esetben.<br \/>\n    Az \u00fcl\u00e9s els\u0151 szakasz\u00e1t lez\u00e1r\u00f3 sajt\u00f3t\u00e1j\u00e9koztat\u00f3n Donald Tusk, az Eur\u00f3pai Tan\u00e1cs eln\u00f6ke kijelentette, hogy a meg\u00e1llapod\u00e1s lehet\u0151v\u00e9 teszi a &#8222;k\u00e1osz \u00e9s a konfliktusok elker\u00fcl\u00e9s\u00e9t&#8221;.<br \/>\n    Al\u00e1h\u00fazta, \u00fagy n\u00e9z ki, hogy k\u00f6zel m\u00e1r a folyamat v\u00e9ge, s hozz\u00e1tette, a megegyez\u00e9st az tette lehet\u0151v\u00e9, hogy az Eur\u00f3pai Bizotts\u00e1g \u00e9s \u00cdrorsz\u00e1g is pozit\u00edvan \u00e9rt\u00e9kelte a tervezetet, Boris Johnson brit korm\u00e1nyf\u0151 pedig elfogadta, hogy v\u00e1mellen\u0151rz\u00e9sek lesznek bizonyos \u00e9szak-\u00edrorsz\u00e1gi \u00e1ruforgalmi bel\u00e9ptet\u0151 pontokon.<br \/>\n    &#8222;\u0150szint\u00e9n sz\u00f3lva szomor\u00fas\u00e1got \u00e9rzek, a sz\u00edvem m\u00e9ly\u00e9n mindig is bennmarad\u00e1sp\u00e1rti leszek, \u00e9s rem\u00e9lem, hogy brit bar\u00e1taink egy napon a visszat\u00e9r\u00e9s mellett d\u00f6ntenek, az ajt\u00f3nk mindig nyitva fog \u00e1llni&#8221; &#8211; fogalmazott.<br \/>\n    Jean-Claude Juncker, az Eur\u00f3pai Bizotts\u00e1g eln\u00f6ke r\u00e1mutatott, hogy a ratifik\u00e1ci\u00f3 jogbiztons\u00e1got teremtene a v\u00e1rhat\u00f3 zavarok ter\u00e9n. Emellett arr\u00f3l sz\u00e1molt be, hogy a politikai nyilatkozat ambici\u00f3zus szabadkereskedelmi egyezm\u00e9nyt v\u00e1zol fel a j\u00f6v\u0151re n\u00e9zve, z\u00e9r\u00f3 v\u00e1mokkal \u00e9s kv\u00f3t\u00e1kkal, egyenl\u0151 versenyfelt\u00e9telekkel.<br \/>\n    &#8222;Amir\u0151l megegyezt\u00fcnk, t\u00f6bb mint puszta meg\u00e1llapod\u00e1s. Ez a jogi sz\u00f6veg az \u00cdr-sziget b\u00e9k\u00e9j\u00e9nek \u00e9s stabilit\u00e1s\u00e1nak meg\u0151rz\u00e9s\u00e9t, \u00e9s nagyj\u00e1b\u00f3l 4,5 milli\u00f3 ember jogainak v\u00e9delm\u00e9t c\u00e9lozza&#8221; &#8211; fogalmazott.<br \/>\n    \u00dajs\u00e1g\u00edr\u00f3i k\u00e9rd\u00e9sre v\u00e1laszolva pedig tr\u00e9f\u00e1san megjegyezte, hogy a 2016-os brit n\u00e9pszavaz\u00e1son a bennmarad\u00e1s mellett szavaz\u00f3knak igazuk volt.<br \/>\n    Michel Barnier, az EU Brexit-\u00fcgyi f\u0151t\u00e1rgyal\u00f3ja azt k\u00f6z\u00f6lte, felk\u00e9r\u00e9st kapott Ursula von der Leyent\u0151l, a br\u00fcsszeli test\u00fclet megv\u00e1lasztott eln\u00f6k\u00e9t\u0151l, hogy maradjon a posztj\u00e1n egy \u00fajabb \u00e9vig, \u00e9s vezesse a j\u00f6v\u0151beli viszonyrendszerr\u0151l sz\u00f3l\u00f3 egyeztet\u00e9seket.<br \/>\n    Kiemelte, hogy az egyezs\u00e9g biztos\u00edtja a bels\u0151 piac integrit\u00e1s\u00e1t \u00e9s megel\u0151zi a kem\u00e9ny hat\u00e1rok vissza\u00e1ll\u00edt\u00e1s\u00e1t az \u00cdr-szigeten.<br \/>\n    Hozz\u00e1tette, a t\u00e1rgyal\u00e1sok sor\u00e1n soha nem akart a d\u00f6nt\u00e9s\u00fck miatt &#8222;bossz\u00fat \u00e1llni&#8221; a briteken, mindig is tisztelni fogja az Egyes\u00fclt Kir\u00e1lys\u00e1got, illetve h\u00e1l\u00e1s lesz a szigetorsz\u00e1gnak, amely a j\u00f6v\u0151ben is fontos gazdas\u00e1gi partnere, bar\u00e1tja \u00e9s sz\u00f6vets\u00e9gese lesz az Eur\u00f3pai Uni\u00f3nak.<br \/>\n    Angela Merkel n\u00e9met kancell\u00e1r lesz\u00f6gezte, hogy miel\u0151bb meg kell kezdeni a t\u00e1rgyal\u00e1st Londonnal egy szabadkereskedelmi egyezm\u00e9nyr\u0151l. Mint mondta, a mostani \u00fcl\u00e9sen nem foglalkoztak azzal a k\u00e9rd\u00e9ssel, hogy mi k\u00f6vetkezik akkor, ha a brit t\u00f6rv\u00e9nyhoz\u00f3k elutas\u00edtj\u00e1k a j\u00f3v\u00e1hagy\u00e1st.(MTI)<\/p>\n","protected":false},"excerpt":{"rendered":"<p>Al\u00e1\u00edrt\u00e1k az \u00faj meg\u00e1llapod\u00e1st az Egyes\u00fclt Kir\u00e1lys\u00e1g rendezett eur\u00f3pai uni\u00f3s kiv\u00e1l\u00e1s\u00e1nak felt\u00e9teleir\u0151l a tagorsz\u00e1gok vezet\u0151inek cs\u00facstal\u00e1lkoz\u00f3j\u00e1n cs\u00fct\u00f6rt\u00f6k\u00f6n Br\u00fcsszelben.<\/p>\n","protected":false},"author":1001003,"featured_media":120529,"comment_status":"closed","ping_status":"open","sticky":false,"template":"","format":"standard","meta":[],"categories":[146,12,246],"tags":[],"_links":{"self":[{"href":"https:\/\/gazdasagportal.hu\/index.php\/wp-json\/wp\/v2\/posts\/120528"}],"collection":[{"href":"https:\/\/gazdasagportal.hu\/index.php\/wp-json\/wp\/v2\/posts"}],"about":[{"href":"https:\/\/gazdasagportal.hu\/index.php\/wp-json\/wp\/v2\/types\/post"}],"author":[{"embeddable":true,"href":"https:\/\/gazdasagportal.hu\/index.php\/wp-json\/wp\/v2\/users\/1001003"}],"replies":[{"embeddable":true,"href":"https:\/\/gazdasagportal.hu\/index.php\/wp-json\/wp\/v2\/comments?post=120528"}],"version-history":[{"count":1,"href":"https:\/\/gazdasagportal.hu\/index.php\/wp-json\/wp\/v2\/posts\/120528\/revisions"}],"predecessor-version":[{"id":120530,"href":"https:\/\/gazdasagportal.hu\/index.php\/wp-json\/wp\/v2\/posts\/120528\/revisions\/120530"}],"wp:featuredmedia":[{"embeddable":true,"href":"https:\/\/gazdasagportal.hu\/index.php\/wp-json\/wp\/v2\/media\/120529"}],"wp:attachment":[{"href":"https:\/\/gazdasagportal.hu\/index.php\/wp-json\/wp\/v2\/media?parent=120528"}],"wp:term":[{"taxonomy":"category","embeddable":true,"href":"https:\/\/gazdasagportal.hu\/index.php\/wp-json\/wp\/v2\/categories?post=120528"},{"taxonomy":"post_tag","embeddable":true,"href":"https:\/\/gazdasagportal.hu\/index.php\/wp-json\/wp\/v2\/tags?post=120528"}],"curies":[{"name":"wp","href":"https:\/\/api.w.org\/{rel}","templated":true}]}}