{"id":120506,"date":"2019-10-17T10:40:32","date_gmt":"2019-10-17T08:40:32","guid":{"rendered":"http:\/\/gazdasagportal.hu\/?p=120506"},"modified":"2019-10-17T10:40:32","modified_gmt":"2019-10-17T08:40:32","slug":"brexit-egyelore-elveti-a-megallapodasi-javaslatot-a-legnagyobb-eszak-irorszagi-protestans-part","status":"publish","type":"post","link":"https:\/\/gazdasagportal.hu\/index.php\/brexit-egyelore-elveti-a-megallapodasi-javaslatot-a-legnagyobb-eszak-irorszagi-protestans-part\/","title":{"rendered":"Brexit &#8211; Egyel\u0151re elveti a meg\u00e1llapod\u00e1si javaslatot a legnagyobb \u00e9szak-\u00edrorsz\u00e1gi protest\u00e1ns p\u00e1rt"},"content":{"rendered":"<p><strong>Jelenlegi form\u00e1j\u00e1ban elveti a brit EU-tags\u00e1g megsz\u0171n\u00e9s\u00e9nek (Brexit) felt\u00e9telrendszer\u00e9t tartalmaz\u00f3 javaslatcsomagot a legnagyobb \u00e9szak-\u00edrorsz\u00e1gi britp\u00e1rti protest\u00e1ns er\u0151, a Demokratikus Unionista P\u00e1rt (DUP).<\/strong><!--more--><\/p>\n<div class=\"ads-in-post1\"><div id=\"gazdasagportal.hu_fullbanner_wideboard\"><\/div>\r\n<\/div>\n<p>    A brit korm\u00e1ny e h\u00f3nap elej\u00e9n terjesztette be tervezet\u00e9t az Eur\u00f3pai Uni\u00f3nak a londoni als\u00f3h\u00e1zban h\u00e1romszor is leszavazott, tavaly novemberben el\u00e9rt el\u0151z\u0151 kil\u00e9p\u00e9si meg\u00e1llapod\u00e1s alternat\u00edv\u00e1jak\u00e9nt.<br \/>\n    Az \u00faj javaslatr\u00f3l jelenleg is folynak a t\u00e1rgyal\u00e1sok Br\u00fcsszelben, \u00e9s ha siker\u00fcl v\u00e9gleges\u00edteni a kil\u00e9p\u00e9si meg\u00e1llapod\u00e1st, azt Boris Johnson minisztereln\u00f6knek a brit parlamenttel is el kell fogadtatnia.<br \/>\n    A DUP azonban &#8211; amelynek als\u00f3h\u00e1zi t\u00e1mogat\u00e1s\u00e1ra a kisebbs\u00e9gben korm\u00e1nyz\u00f3 Konzervat\u00edv P\u00e1rtnak sz\u00fcks\u00e9ge van &#8211; cs\u00fct\u00f6rt\u00f6ki nyilatkozat\u00e1ban k\u00f6z\u00f6lte, hogy &#8222;a dolgok jelenlegi \u00e1ll\u00e1sa&#8221; alapj\u00e1n nem tudja t\u00e1mogatni a javaslatcsomagot.<br \/>\n    Arlene Foster, a DUP vezet\u0151je szerint a p\u00e1rt mindenekel\u0151tt a javasolt v\u00e1m\u00fcgyi szab\u00e1lyoz\u00e1st veti el, \u00e9s nem kell\u0151en tiszt\u00e1zottnak \u00edt\u00e9li az \u00e1fa-szab\u00e1lyoz\u00e1si javaslatot is.<br \/>\n    Foster k\u00f6z\u00f6lte, hogy a DUP folytatja a munk\u00e1t a korm\u00e1nnyal egy olyan \u00e9szszer\u0171 meg\u00e1llapod\u00e1s \u00e9rdek\u00e9ben, amely \u00c9szak-\u00cdrorsz\u00e1g jav\u00e1t szolg\u00e1lja, \u00e9s megv\u00e9di az Egyes\u00fclt Kir\u00e1lys\u00e1g gazdas\u00e1gi \u00e9s alkotm\u00e1nyos integrit\u00e1s\u00e1t.<br \/>\n    A brit javaslatcsomag az \u00edr sziget eg\u00e9sz\u00e9re &#8211; vagyis \u00c9szak-\u00cdrorsz\u00e1gra is &#8211; kiterjed\u0151 egys\u00e9ges kereskedelmi szab\u00e1lyoz\u00e1si t\u00e9rs\u00e9g kialak\u00edt\u00e1s\u00e1t ind\u00edtv\u00e1nyozza az Eur\u00f3pai Uni\u00f3nak, annak \u00e9rdek\u00e9ben, hogy elker\u00fclhet\u0151 legyen az \u00edr-\u00e9szak\u00edr hat\u00e1ron hossz\u00fa \u00e9vek \u00f3ta nem l\u00e9tez\u0151 fizikai ellen\u0151rz\u00e9s vissza\u00e1ll\u00edt\u00e1sa a Brexit ut\u00e1n.<br \/>\n<div class=\"ads-in-post2\"><script async src=\"https:\/\/pagead2.googlesyndication.com\/pagead\/js\/adsbygoogle.js\"><\/script>\r\n<ins class=\"adsbygoogle\"\r\n     style=\"display:block\"\r\n     data-ad-format=\"fluid\"\r\n     data-ad-layout-key=\"-6t+ed+2i-1n-4w\"\r\n     data-ad-client=\"ca-pub-1959107119989764\"\r\n     data-ad-slot=\"4008251320\"><\/ins>\r\n<script>\r\n     (adsbygoogle = window.adsbygoogle || []).push({});\r\n<\/script><\/div>\n    A DUP azonban az elm\u00falt hetekben is t\u00f6bbsz\u00f6r lesz\u00f6gezte, hogy semmif\u00e9le olyan megold\u00e1st nem hajland\u00f3 elfogadni, amely \u00c9szak-\u00cdrorsz\u00e1got az Egyes\u00fclt Kir\u00e1lys\u00e1g t\u00f6bbi r\u00e9sz\u00e9t\u0151l elt\u00e9r\u0151 v\u00e1mjogi viszonyrendszerben hagyn\u00e1 az EU-val.<br \/>\n    J\u00f3r\u00e9szt a DUP ellen\u00e1ll\u00e1s\u00e1n bukott el az el\u0151z\u0151 brit korm\u00e1nyf\u0151, Theresa May \u00e1ltal tavaly novemberben el\u00e9rt eredeti Brexit-meg\u00e1llapod\u00e1s is. E meg\u00e1llapod\u00e1s alapj\u00e1n az Egyes\u00fclt Kir\u00e1lys\u00e1g eg\u00e9sze v\u00e1muni\u00f3s viszonyrendszerben maradt volna az EU-val, \u00e9s \u00c9szak-\u00cdrorsz\u00e1gban \u00e9rv\u00e9nyben maradtak volna az EU egys\u00e9ges bels\u0151 piac\u00e1nak egyes szab\u00e1lyoz\u00e1si elemei is, ha &#8211; illetve am\u00edg &#8211; nem siker\u00fcl olyan szabadkereskedelmi meg\u00e1llapod\u00e1sra jutni az EU-val, amely ezt feleslegess\u00e9 teszi.<br \/>\n    A londoni als\u00f3h\u00e1z &#8211; a Konzervat\u00edv P\u00e1rt sz\u00e1mos, a tory frakci\u00f3b\u00f3l az\u00f3ta kiz\u00e1rt k\u00e9pvisel\u0151j\u00e9nek t\u00e1mogat\u00e1s\u00e1val &#8211; a m\u00falt h\u00f3nap elej\u00e9n elfogadott egy ellenz\u00e9ki kezdem\u00e9nyez\u00e9s\u0171 t\u00f6rv\u00e9nytervezetet, amelynek alapj\u00e1n ha okt\u00f3ber 19-ig, vagyis szombatig a t\u00f6rv\u00e9nyhoz\u00e1s nem j\u00e1rul hozz\u00e1 egy \u00faj Brexit-meg\u00e1llapod\u00e1shoz \u00e9s a meg\u00e1llapod\u00e1s n\u00e9lk\u00fcli Brexithez sem, Boris Johnsonnak aznap kezdem\u00e9nyeznie kell az EU-n\u00e1l a jelenleg okt\u00f3ber 31-\u00e9n esed\u00e9kes kil\u00e9p\u00e9s elhalaszt\u00e1s\u00e1t 2020. janu\u00e1r 31-ig.<br \/>\n    Stephen Barclay Brexit-\u00fcgyi miniszter a londoni als\u00f3h\u00e1z Brexit-\u00fcgyi bizotts\u00e1g\u00e1nak szerdai meghallgat\u00e1s\u00e1n kijelentette: a korm\u00e1ny tartja mag\u00e1t ehhez a t\u00f6rv\u00e9nyhez.<br \/>\n    A korm\u00e1ny rendk\u00edv\u00fcli parlamenti \u00fcl\u00e9s \u00f6sszeh\u00edv\u00e1s\u00e1t javasolja szombatra a Brexit-folyamat szempontj\u00e1b\u00f3l kritikus cs\u00fct\u00f6rt\u00f6k-p\u00e9nteki EU-cs\u00facs megvitat\u00e1s\u00e1ra.<br \/>\n    A brit parlamentarizmus t\u00f6rt\u00e9net\u00e9ben rendk\u00edv\u00fcl ritka a szombati \u00fcl\u00e9sez\u00e9s. Ilyesmire legut\u00f3bb 37 \u00e9vvel ezel\u0151tt, 1982-ben volt p\u00e9lda, amikor az argentin hadsereg elfoglalta a brit korona fennhat\u00f3s\u00e1ga al\u00e1 tartoz\u00f3, Argent\u00edna \u00e1ltal is k\u00f6vetelt d\u00e9l-atlanti Falkland-szigeteket.(MTI)<\/p>\n","protected":false},"excerpt":{"rendered":"<p>Jelenlegi form\u00e1j\u00e1ban elveti a brit EU-tags\u00e1g megsz\u0171n\u00e9s\u00e9nek (Brexit) felt\u00e9telrendszer\u00e9t tartalmaz\u00f3 javaslatcsomagot a legnagyobb \u00e9szak-\u00edrorsz\u00e1gi britp\u00e1rti protest\u00e1ns er\u0151, a Demokratikus Unionista P\u00e1rt (DUP).<\/p>\n","protected":false},"author":1,"featured_media":0,"comment_status":"closed","ping_status":"open","sticky":false,"template":"","format":"standard","meta":[],"categories":[12],"tags":[],"_links":{"self":[{"href":"https:\/\/gazdasagportal.hu\/index.php\/wp-json\/wp\/v2\/posts\/120506"}],"collection":[{"href":"https:\/\/gazdasagportal.hu\/index.php\/wp-json\/wp\/v2\/posts"}],"about":[{"href":"https:\/\/gazdasagportal.hu\/index.php\/wp-json\/wp\/v2\/types\/post"}],"author":[{"embeddable":true,"href":"https:\/\/gazdasagportal.hu\/index.php\/wp-json\/wp\/v2\/users\/1"}],"replies":[{"embeddable":true,"href":"https:\/\/gazdasagportal.hu\/index.php\/wp-json\/wp\/v2\/comments?post=120506"}],"version-history":[{"count":1,"href":"https:\/\/gazdasagportal.hu\/index.php\/wp-json\/wp\/v2\/posts\/120506\/revisions"}],"predecessor-version":[{"id":120507,"href":"https:\/\/gazdasagportal.hu\/index.php\/wp-json\/wp\/v2\/posts\/120506\/revisions\/120507"}],"wp:attachment":[{"href":"https:\/\/gazdasagportal.hu\/index.php\/wp-json\/wp\/v2\/media?parent=120506"}],"wp:term":[{"taxonomy":"category","embeddable":true,"href":"https:\/\/gazdasagportal.hu\/index.php\/wp-json\/wp\/v2\/categories?post=120506"},{"taxonomy":"post_tag","embeddable":true,"href":"https:\/\/gazdasagportal.hu\/index.php\/wp-json\/wp\/v2\/tags?post=120506"}],"curies":[{"name":"wp","href":"https:\/\/api.w.org\/{rel}","templated":true}]}}