{"id":120504,"date":"2019-10-17T10:25:38","date_gmt":"2019-10-17T08:25:38","guid":{"rendered":"http:\/\/gazdasagportal.hu\/?p=120504"},"modified":"2019-10-17T10:25:38","modified_gmt":"2019-10-17T08:25:38","slug":"brexit-eu-forrasok-kozel-a-megallapodas-a-rendezett-brit-kivalasrol","status":"publish","type":"post","link":"https:\/\/gazdasagportal.hu\/index.php\/brexit-eu-forrasok-kozel-a-megallapodas-a-rendezett-brit-kivalasrol\/","title":{"rendered":"Brexit &#8211; EU-forr\u00e1sok: k\u00f6zel a meg\u00e1llapod\u00e1s a rendezett brit kiv\u00e1l\u00e1sr\u00f3l"},"content":{"rendered":"<p><strong>K\u00f6zel a meg\u00e1llapod\u00e1s az Egyes\u00fclt Kir\u00e1lys\u00e1g rendezett eur\u00f3pai uni\u00f3s kiv\u00e1l\u00e1s\u00e1nak felt\u00e9teleir\u0151l sz\u00f3l\u00f3 szerz\u0151d\u00e9sr\u0151l, a felek k\u00e9pvisel\u0151i a hozz\u00e1adott\u00e9rt\u00e9k-ad\u00f3 k\u00e9rd\u00e9s\u00e9t lesz\u00e1m\u00edtva gyakorlatilag minden egy\u00e9b ter\u00fcleten egyet\u00e9rt\u00e9sre jutottak &#8211; k\u00f6z\u00f6lt\u00e9k cs\u00fct\u00f6rt\u00f6k reggel diplom\u00e1ciai forr\u00e1sok.<\/strong><!--more--><\/p>\n<div class=\"ads-in-post1\"><div id=\"gazdasagportal.hu_fullbanner_wideboard\"><\/div>\r\n<\/div>\n<p>    N\u00e9vtelens\u00e9get k\u00e9r\u0151 br\u00fcsszeli tiszts\u00e9gvisel\u0151k arr\u00f3l sz\u00e1moltak be, hogy szerda \u00e9jszaka a brit \u00e9s az uni\u00f3s t\u00e1rgyal\u00f3 deleg\u00e1ci\u00f3knak olyan, rendk\u00edv\u00fcl \u00e9rz\u00e9keny t\u00e9m\u00e1kban is siker\u00fclt megegyezni\u00fck, mint a politikai b\u00e9nults\u00e1g f\u0151 ok\u00e1nak sz\u00e1m\u00edt\u00f3 \u00edr-\u00e9szak\u00edr helyzet.<br \/>\n    &#8222;Ideiglenes meg\u00e1llapod\u00e1st \u00e9rt\u00fcnk el a hozz\u00e1adott\u00e9rt\u00e9k-ad\u00f3n k\u00edv\u00fcl minden pontban&#8221; &#8211; er\u0151s\u00edtette meg egy illet\u00e9kes a Politic\u00f3nak.<br \/>\n    A br\u00fcsszeli h\u00edrport\u00e1l \u00e9rtes\u00fcl\u00e9sei szerint a j\u00f6v\u0151beli viszonyrendszerr\u0151l sz\u00f3l\u00f3 politikai nyilatkozat sz\u00f6veg\u00e9ben is el\u0151rel\u00e9p\u00e9s t\u00f6rt\u00e9nt, a britek beleegyeztek t\u00f6bb, az azonos versenyfelt\u00e9telek megteremt\u00e9s\u00e9t c\u00e9lz\u00f3 \u00e9s eddig elutas\u00edtott rendelkez\u00e9sbe.<br \/>\n    A t\u00e1rgyal\u00e1sok reggel folytat\u00f3dtak a fennmarad\u00f3 k\u00e9rd\u00e9sekr\u0151l.<br \/>\n<div class=\"ads-in-post2\"><script async src=\"https:\/\/pagead2.googlesyndication.com\/pagead\/js\/adsbygoogle.js\"><\/script>\r\n<ins class=\"adsbygoogle\"\r\n     style=\"display:block\"\r\n     data-ad-format=\"fluid\"\r\n     data-ad-layout-key=\"-6t+ed+2i-1n-4w\"\r\n     data-ad-client=\"ca-pub-1959107119989764\"\r\n     data-ad-slot=\"4008251320\"><\/ins>\r\n<script>\r\n     (adsbygoogle = window.adsbygoogle || []).push({});\r\n<\/script><\/div>\n    Egyel\u0151re a megl\u00e9v\u0151 pontokban sem v\u00e9gleges\u00edtett\u00e9k a jogi sz\u00f6veg tervezet\u00e9t, \u00e9s t\u00f6bb tag\u00e1llami nagyk\u00f6vet is aggodalm\u00e1t fejezte ki amiatt, hogy nem lesz k\u00e9sz id\u0151ben a szerz\u0151d\u00e9s a cs\u00fct\u00f6rt\u00f6ki EU-cs\u00facs kezdet\u00e9ig, a vezet\u0151k pedig feltehet\u0151leg vonakodn\u00e1nak olyan dokumentumot al\u00e1\u00edrni, amelyet el\u0151tte nem ellen\u0151riztek a szak\u00e9rt\u0151ik.<br \/>\n    Sajt\u00f3h\u00edrek szerint ugyanakkor egyel\u0151re m\u00e9g Boris Johnson brit korm\u00e1nyf\u0151 sem biztos\u00edtotta t\u00e1mogat\u00e1s\u00e1r\u00f3l hivatalosan a k\u00f6rvonalaz\u00f3d\u00f3 egyezs\u00e9get.<br \/>\n    A legnagyobb \u00e9szak-\u00edrorsz\u00e1gi er\u0151, a Demokratikus Unionista P\u00e1rt (DUP) vezet\u0151i azt k\u00f6z\u00f6lt\u00e9k, hogy jelenlegi form\u00e1j\u00e1ban nem tartj\u00e1k elfogadhat\u00f3nak a meg\u00e1llapod\u00e1st, m\u00e1rpedig a p\u00e1rt als\u00f3h\u00e1zi t\u00e1mogat\u00e1s\u00e1ra a kisebbs\u00e9gben korm\u00e1nyz\u00f3 Konzervat\u00edv P\u00e1rtnak sz\u00fcks\u00e9ge lenne a parlamenti j\u00f3v\u00e1hagy\u00e1shoz, s\u0151t val\u00f3j\u00e1ban az m\u00e9g ebben az esetben sem lenne k\u00f6zel sem biztosra vehet\u0151.(MTI)<\/p>\n","protected":false},"excerpt":{"rendered":"<p>K\u00f6zel a meg\u00e1llapod\u00e1s az Egyes\u00fclt Kir\u00e1lys\u00e1g rendezett eur\u00f3pai uni\u00f3s kiv\u00e1l\u00e1s\u00e1nak felt\u00e9teleir\u0151l sz\u00f3l\u00f3 szerz\u0151d\u00e9sr\u0151l, a felek k\u00e9pvisel\u0151i a hozz\u00e1adott\u00e9rt\u00e9k-ad\u00f3 k\u00e9rd\u00e9s\u00e9t lesz\u00e1m\u00edtva gyakorlatilag minden egy\u00e9b ter\u00fcleten egyet\u00e9rt\u00e9sre jutottak &#8211; k\u00f6z\u00f6lt\u00e9k cs\u00fct\u00f6rt\u00f6k reggel diplom\u00e1ciai forr\u00e1sok.<\/p>\n","protected":false},"author":1,"featured_media":0,"comment_status":"closed","ping_status":"open","sticky":false,"template":"","format":"standard","meta":[],"categories":[12],"tags":[],"_links":{"self":[{"href":"https:\/\/gazdasagportal.hu\/index.php\/wp-json\/wp\/v2\/posts\/120504"}],"collection":[{"href":"https:\/\/gazdasagportal.hu\/index.php\/wp-json\/wp\/v2\/posts"}],"about":[{"href":"https:\/\/gazdasagportal.hu\/index.php\/wp-json\/wp\/v2\/types\/post"}],"author":[{"embeddable":true,"href":"https:\/\/gazdasagportal.hu\/index.php\/wp-json\/wp\/v2\/users\/1"}],"replies":[{"embeddable":true,"href":"https:\/\/gazdasagportal.hu\/index.php\/wp-json\/wp\/v2\/comments?post=120504"}],"version-history":[{"count":1,"href":"https:\/\/gazdasagportal.hu\/index.php\/wp-json\/wp\/v2\/posts\/120504\/revisions"}],"predecessor-version":[{"id":120505,"href":"https:\/\/gazdasagportal.hu\/index.php\/wp-json\/wp\/v2\/posts\/120504\/revisions\/120505"}],"wp:attachment":[{"href":"https:\/\/gazdasagportal.hu\/index.php\/wp-json\/wp\/v2\/media?parent=120504"}],"wp:term":[{"taxonomy":"category","embeddable":true,"href":"https:\/\/gazdasagportal.hu\/index.php\/wp-json\/wp\/v2\/categories?post=120504"},{"taxonomy":"post_tag","embeddable":true,"href":"https:\/\/gazdasagportal.hu\/index.php\/wp-json\/wp\/v2\/tags?post=120504"}],"curies":[{"name":"wp","href":"https:\/\/api.w.org\/{rel}","templated":true}]}}