{"id":120486,"date":"2019-10-16T15:05:10","date_gmt":"2019-10-16T13:05:10","guid":{"rendered":"http:\/\/gazdasagportal.hu\/?p=120486"},"modified":"2019-10-16T15:05:10","modified_gmt":"2019-10-16T13:05:10","slug":"csokkent-a-kiskereskedelmi-forgalom-szeptemberben-az-egyesult-allamokban","status":"publish","type":"post","link":"https:\/\/gazdasagportal.hu\/index.php\/csokkent-a-kiskereskedelmi-forgalom-szeptemberben-az-egyesult-allamokban\/","title":{"rendered":"Cs\u00f6kkent a kiskereskedelmi forgalom szeptemberben az Egyes\u00fclt \u00c1llamokban"},"content":{"rendered":"<p><strong>Hat h\u00f3nap ut\u00e1n el\u0151sz\u00f6r cs\u00f6kkent a kiskereskedelem \u00e9s vend\u00e9gl\u00e1t\u00e1s forgalma szeptemberben az Egyes\u00fclt \u00c1llamokban, jelezve, hogy elindult a sz\u00e9les k\u00f6rben v\u00e1rt lassul\u00e1s a fogyaszt\u00f3i kiad\u00e1sok ter\u00fclet\u00e9n is.<\/strong><!--more--><\/p>\n<div class=\"ads-in-post1\"><div id=\"gazdasagportal.hu_fullbanner_wideboard\"><\/div>\r\n<\/div>\n<p>     Az amerikai kereskedelmi miniszt\u00e9rium szerd\u00e1n k\u00f6z\u00f6lte, hogy a kiskereskedelmi forgalom \u00e9s vend\u00e9gl\u00e1t\u00e1s szezon\u00e1lis \u00e9s napt\u00e1ri hat\u00e1ssal kiigaz\u00edtott \u00e9rt\u00e9ke szeptemberben 525,6 milli\u00e1rd doll\u00e1rt tett ki, ami 0,3 sz\u00e1zal\u00e9kkal kevesebb az el\u0151z\u0151 havin\u00e1l.<br \/>\n    Elemz\u0151k 0,3 sz\u00e1zal\u00e9kos n\u00f6veked\u00e9st v\u00e1rtak az augusztusi 0,6 sz\u00e1zal\u00e9kos emelked\u00e9s ut\u00e1n.<br \/>\n    \u00c9ves \u00f6sszevet\u00e9sben 4,1 sz\u00e1zal\u00e9kkal b\u0151v\u00fclt a kiskereskedelmi forgalom \u00e9s vend\u00e9gl\u00e1t\u00e1s forgalma az augusztusi 4,4 sz\u00e1zal\u00e9k ut\u00e1n.<br \/>\n    A j\u00e1rm\u0171elad\u00e1sokat lesz\u00e1m\u00edtva a kiskereskedelem \u00e9s a vend\u00e9gl\u00e1t\u00e1s forgalma szeptemberben havi \u00f6sszevet\u00e9sben 0,1 sz\u00e1zal\u00e9kkal cs\u00f6kkent, \u00e9ves szinten viszont 3,7 sz\u00e1zal\u00e9kkal n\u0151tt. Elemz\u0151k az augusztusival megegyez\u0151 adatot, 0,2 sz\u00e1zal\u00e9kos havi \u00f6sszevet\u00e9s\u0171 emelked\u00e9st v\u00e1rtak szeptemberre.<br \/>\n    A j\u00e1rm\u0171- \u00e9s alkatr\u00e9szelad\u00e1sok forgalma augusztushoz k\u00e9pest 0,9 sz\u00e1zal\u00e9kkal esett vissza, \u00e9ves szinten azonban 5,6 sz\u00e1zal\u00e9kkal n\u0151tt.<br \/>\n<div class=\"ads-in-post2\"><script async src=\"https:\/\/pagead2.googlesyndication.com\/pagead\/js\/adsbygoogle.js\"><\/script>\r\n<ins class=\"adsbygoogle\"\r\n     style=\"display:block\"\r\n     data-ad-format=\"fluid\"\r\n     data-ad-layout-key=\"-6t+ed+2i-1n-4w\"\r\n     data-ad-client=\"ca-pub-1959107119989764\"\r\n     data-ad-slot=\"4008251320\"><\/ins>\r\n<script>\r\n     (adsbygoogle = window.adsbygoogle || []).push({});\r\n<\/script><\/div>\n    Az els\u0151sorban interneten bonyol\u00f3d\u00f3 kiskereskedelmi forgalom havi \u00f6sszevet\u00e9sben 0,3 sz\u00e1zal\u00e9kkal sz\u0171k\u00fclt, \u00e9ves szinten azonban 12,9 sz\u00e1zal\u00e9kkal n\u0151tt. A benzinkutak forgalma augusztushoz k\u00e9pest 0,7 sz\u00e1zal\u00e9kkal, tavaly szeptemberhez k\u00e9pest pedig 2,7 sz\u00e1zal\u00e9kkal cs\u00f6kkent.<br \/>\n    Az Egyes\u00fclt \u00c1llamokban a lakoss\u00e1gi fogyaszt\u00e1s felel\u0151s a gazdas\u00e1gi teljes\u00edtm\u00e9ny t\u00f6bb mint k\u00e9tharmad\u00e1\u00e9rt, ez\u00e9rt a kiskereskedelmi forgalom alakul\u00e1sa fontos jelz\u0151sz\u00e1m a n\u00f6veked\u00e9s meg\u00edt\u00e9l\u00e9s\u00e9hez.<br \/>\n    Az amerikai fogyaszt\u00f3i kiad\u00e1sok \u00e9ves\u00edtve 4,6 sz\u00e1zal\u00e9kkal n\u0151ttek a m\u00e1sodik negyed\u00e9vben, ami az ut\u00f3bbi m\u00e1sf\u00e9l \u00e9v leger\u0151sebb \u00fctem\u00e9t jelenti. A kiskereskedelmi forgalom szeptemberi cs\u00f6kken\u00e9se azt jelezheti, hogy a feldolgoz\u00f3ipar gyenges\u00e9ge \u00e1tterjedt a sz\u00e9lesebb gazdas\u00e1gra, \u00e9s arra k\u00e9nyszer\u00edtheti az amerikai jegybank szerep\u00e9t bet\u00f6lt\u0151 Federal Reserve ny\u00edltpiaci bizotts\u00e1g\u00e1t, hogy folytassa a kamatok cs\u00f6kkent\u00e9s\u00e9t.(MTI)<\/p>\n","protected":false},"excerpt":{"rendered":"<p>Hat h\u00f3nap ut\u00e1n el\u0151sz\u00f6r cs\u00f6kkent a kiskereskedelem \u00e9s vend\u00e9gl\u00e1t\u00e1s forgalma szeptemberben az Egyes\u00fclt \u00c1llamokban, jelezve, hogy elindult a sz\u00e9les k\u00f6rben v\u00e1rt lassul\u00e1s a fogyaszt\u00f3i kiad\u00e1sok ter\u00fclet\u00e9n is.<\/p>\n","protected":false},"author":1,"featured_media":0,"comment_status":"closed","ping_status":"open","sticky":false,"template":"","format":"standard","meta":[],"categories":[246],"tags":[],"_links":{"self":[{"href":"https:\/\/gazdasagportal.hu\/index.php\/wp-json\/wp\/v2\/posts\/120486"}],"collection":[{"href":"https:\/\/gazdasagportal.hu\/index.php\/wp-json\/wp\/v2\/posts"}],"about":[{"href":"https:\/\/gazdasagportal.hu\/index.php\/wp-json\/wp\/v2\/types\/post"}],"author":[{"embeddable":true,"href":"https:\/\/gazdasagportal.hu\/index.php\/wp-json\/wp\/v2\/users\/1"}],"replies":[{"embeddable":true,"href":"https:\/\/gazdasagportal.hu\/index.php\/wp-json\/wp\/v2\/comments?post=120486"}],"version-history":[{"count":1,"href":"https:\/\/gazdasagportal.hu\/index.php\/wp-json\/wp\/v2\/posts\/120486\/revisions"}],"predecessor-version":[{"id":120487,"href":"https:\/\/gazdasagportal.hu\/index.php\/wp-json\/wp\/v2\/posts\/120486\/revisions\/120487"}],"wp:attachment":[{"href":"https:\/\/gazdasagportal.hu\/index.php\/wp-json\/wp\/v2\/media?parent=120486"}],"wp:term":[{"taxonomy":"category","embeddable":true,"href":"https:\/\/gazdasagportal.hu\/index.php\/wp-json\/wp\/v2\/categories?post=120486"},{"taxonomy":"post_tag","embeddable":true,"href":"https:\/\/gazdasagportal.hu\/index.php\/wp-json\/wp\/v2\/tags?post=120486"}],"curies":[{"name":"wp","href":"https:\/\/api.w.org\/{rel}","templated":true}]}}