{"id":120480,"date":"2019-10-16T12:26:23","date_gmt":"2019-10-16T10:26:23","guid":{"rendered":"http:\/\/gazdasagportal.hu\/?p=120480"},"modified":"2019-10-16T12:26:23","modified_gmt":"2019-10-16T10:26:23","slug":"az-opus-global-toket-emel-a-matrai-eromu-kft-ben","status":"publish","type":"post","link":"https:\/\/gazdasagportal.hu\/index.php\/az-opus-global-toket-emel-a-matrai-eromu-kft-ben\/","title":{"rendered":"Az Opus Global t\u0151k\u00e9t emel a M\u00e1trai Er\u0151m\u0171 Kft.-ben"},"content":{"rendered":"<p><strong>Az Opus Global Nyrt. a k\u00f6zvetett tulajdon\u00e1ban \u00e1ll\u00f3 M\u00e1trai Er\u0151m\u0171 Zrt., mint a M\u00e1trai Er\u0151m\u0171 B\u00e1ny\u00e1szati M\u00e9ly\u00e9p\u00edt\u0151 Kft. egyszem\u00e9lyes tulajdonos\u00e1nak tulajdonosi jogokat gyakorl\u00f3 test\u00fclete kedden a kft. t\u00f6rzst\u0151k\u00e9j\u00e9nek emel\u00e9s\u00e9r\u0151l d\u00f6nt\u00f6tt 250 milli\u00f3 forinttal 500 milli\u00f3 forintra  &#8211; jelentette be az Opus Global szerd\u00e1n a Budapesti \u00c9rt\u00e9kt\u0151zsde (B\u00c9T) honlapj\u00e1n.<\/strong><!--more--><\/p>\n<div class=\"ads-in-post1\"><div id=\"gazdasagportal.hu_fullbanner_wideboard\"><\/div>\r\n<\/div>\n<p>    A t\u0151keemel\u00e9s c\u00e9lja, hogy a kft. b\u0151v\u00edteni tudja tev\u00e9kenys\u00e9g\u00e9t, \u00e9s bel\u00e9pjen a b\u00e1ny\u00e1k seg\u00e9dg\u00e9pekkel t\u00f6rt\u00e9n\u0151 kiszolg\u00e1l\u00e1s\u00e1ba a sz\u00fcks\u00e9ges f\u00f6ldmunkag\u00e9pek egy r\u00e9sz\u00e9nek megv\u00e1s\u00e1rl\u00e1s\u00e1val.<br \/>\n    Az emel\u00e9st az egyszem\u00e9lyes tulajdonos M\u00e1trai Er\u0151m\u0171 Zrt. teljes\u00edti okt\u00f3ber 31-ig.(MTI)<br \/>\n<div class=\"ads-in-post2\"><script async src=\"https:\/\/pagead2.googlesyndication.com\/pagead\/js\/adsbygoogle.js\"><\/script>\r\n<ins class=\"adsbygoogle\"\r\n     style=\"display:block\"\r\n     data-ad-format=\"fluid\"\r\n     data-ad-layout-key=\"-6t+ed+2i-1n-4w\"\r\n     data-ad-client=\"ca-pub-1959107119989764\"\r\n     data-ad-slot=\"4008251320\"><\/ins>\r\n<script>\r\n     (adsbygoogle = window.adsbygoogle || []).push({});\r\n<\/script><\/div>\n","protected":false},"excerpt":{"rendered":"<p>Az Opus Global Nyrt. a k\u00f6zvetett tulajdon\u00e1ban \u00e1ll\u00f3 M\u00e1trai Er\u0151m\u0171 Zrt., mint a M\u00e1trai Er\u0151m\u0171 B\u00e1ny\u00e1szati M\u00e9ly\u00e9p\u00edt\u0151 Kft. egyszem\u00e9lyes tulajdonos\u00e1nak tulajdonosi jogokat gyakorl\u00f3 test\u00fclete kedden a kft. t\u00f6rzst\u0151k\u00e9j\u00e9nek emel\u00e9s\u00e9r\u0151l d\u00f6nt\u00f6tt 250 milli\u00f3 forinttal 500 milli\u00f3 forintra &#8211; jelentette be az Opus Global szerd\u00e1n a Budapesti \u00c9rt\u00e9kt\u0151zsde (B\u00c9T) honlapj\u00e1n.<\/p>\n","protected":false},"author":1,"featured_media":0,"comment_status":"closed","ping_status":"open","sticky":false,"template":"","format":"standard","meta":[],"categories":[19,7],"tags":[],"_links":{"self":[{"href":"https:\/\/gazdasagportal.hu\/index.php\/wp-json\/wp\/v2\/posts\/120480"}],"collection":[{"href":"https:\/\/gazdasagportal.hu\/index.php\/wp-json\/wp\/v2\/posts"}],"about":[{"href":"https:\/\/gazdasagportal.hu\/index.php\/wp-json\/wp\/v2\/types\/post"}],"author":[{"embeddable":true,"href":"https:\/\/gazdasagportal.hu\/index.php\/wp-json\/wp\/v2\/users\/1"}],"replies":[{"embeddable":true,"href":"https:\/\/gazdasagportal.hu\/index.php\/wp-json\/wp\/v2\/comments?post=120480"}],"version-history":[{"count":1,"href":"https:\/\/gazdasagportal.hu\/index.php\/wp-json\/wp\/v2\/posts\/120480\/revisions"}],"predecessor-version":[{"id":120481,"href":"https:\/\/gazdasagportal.hu\/index.php\/wp-json\/wp\/v2\/posts\/120480\/revisions\/120481"}],"wp:attachment":[{"href":"https:\/\/gazdasagportal.hu\/index.php\/wp-json\/wp\/v2\/media?parent=120480"}],"wp:term":[{"taxonomy":"category","embeddable":true,"href":"https:\/\/gazdasagportal.hu\/index.php\/wp-json\/wp\/v2\/categories?post=120480"},{"taxonomy":"post_tag","embeddable":true,"href":"https:\/\/gazdasagportal.hu\/index.php\/wp-json\/wp\/v2\/tags?post=120480"}],"curies":[{"name":"wp","href":"https:\/\/api.w.org\/{rel}","templated":true}]}}