{"id":120476,"date":"2019-10-16T10:31:25","date_gmt":"2019-10-16T08:31:25","guid":{"rendered":"http:\/\/gazdasagportal.hu\/?p=120476"},"modified":"2019-10-16T10:31:25","modified_gmt":"2019-10-16T08:31:25","slug":"gazdag-programmal-magyar-napok-kezdodtek-tel-avivban","status":"publish","type":"post","link":"https:\/\/gazdasagportal.hu\/index.php\/gazdag-programmal-magyar-napok-kezdodtek-tel-avivban\/","title":{"rendered":"Gazdag programmal magyar napok kezd\u0151dtek Tel-Avivban"},"content":{"rendered":"<p><strong>Gazdag programokkal megkezd\u0151d\u00f6tt Tel-Avivban kedd este a magyar kultur\u00e1lis \u00e9vadot lez\u00e1r\u00f3 Magyar napok rendezv\u00e9nysorozat.<\/strong><!--more--><\/p>\n<div class=\"ads-in-post1\"><div id=\"gazdasagportal.hu_fullbanner_wideboard\"><\/div>\r\n<\/div>\n<p>    Tel-Aviv n\u00e9pszer\u0171 sz\u00f3rakoztat\u00f3 negyed\u00e9ben, a kik\u00f6t\u0151 egyik pavilonj\u00e1ban \u00e9s annak szomsz\u00e9ds\u00e1g\u00e1ban \u00e1ll\u00edtott\u00e1k fel a sz\u00ednpadot, valamint a magyar kulin\u00e1ris \u00e9s kultur\u00e1lis s\u00e1trakat a h\u00e9t h\u00f3napja kezd\u0151d\u00f6tt kultur\u00e1lis \u00e9vad z\u00e1r\u00f3 napjaira, az esem\u00e9nysorozatot a diplom\u00e1ciai kapcsolatok \u00fajrafelv\u00e9tel\u00e9nek harmincadik \u00e9vfordul\u00f3j\u00e1ra szervezt\u00e9k.<br \/>\n    Benk\u0151 Levente, Magyarorsz\u00e1g tel-avivi nagyk\u00f6vete az \u00fcnnep\u00e9lyes megnyit\u00f3n eml\u00e9keztetett arra, hogy a m\u00e1rciusban kezd\u0151d\u00f6tt magyar kultur\u00e1lis \u00e9vad Izrael hetvenegy \u00e9ves t\u00f6rt\u00e9net\u00e9nek eddigi leg\u00e1tfog\u00f3bb magyar diplom\u00e1ciai projektje volt, amelynek keret\u00e9ben magyar balett- \u00e9s t\u00e1nc-, opera- \u00e9s operett-t\u00e1rsulatok adt\u00e1k el\u0151 darabjaikat, ki\u00e1ll\u00edt\u00e1sokat rendeztek \u00e9s az izraeliek megismerhett\u00e9k a r\u00e9gebbi \u00e9s a kort\u00e1rs m\u0171v\u00e9szetek szinte minden ter\u00fclet\u00e9t.<br \/>\n    A magyar nagyk\u00f6vet hangs\u00falyozta, hogy tal\u00e1n m\u00e9g az orsz\u00e1gok k\u00f6z\u00f6tti j\u00f3 politikai kapcsolatok \u00e9p\u00edt\u00e9s\u00e9n\u00e9l is fontosabb a k\u00e9t n\u00e9p k\u00f6z\u00f6tti szem\u00e9lyes \u00e9s k\u00f6z\u00f6ss\u00e9gi kapcsolatok \u00e1pol\u00e1sa, amelyhez kiv\u00e1l\u00f3 alkalmat ny\u00fajt a magyar kult\u00fara izraeli felvonultat\u00e1sa, k\u00fcl\u00f6n\u00f6sen ezekben a napokban, a zsid\u00f3 vall\u00e1s szerint \u00f6r\u00f6mre \u00e9s vigass\u00e1gra szolg\u00e1l\u00f3 s\u00e1toros \u00fcnnep, a szukot idej\u00e9n.<br \/>\n<div class=\"ads-in-post2\"><script async src=\"https:\/\/pagead2.googlesyndication.com\/pagead\/js\/adsbygoogle.js\"><\/script>\r\n<ins class=\"adsbygoogle\"\r\n     style=\"display:block\"\r\n     data-ad-format=\"fluid\"\r\n     data-ad-layout-key=\"-6t+ed+2i-1n-4w\"\r\n     data-ad-client=\"ca-pub-1959107119989764\"\r\n     data-ad-slot=\"4008251320\"><\/ins>\r\n<script>\r\n     (adsbygoogle = window.adsbygoogle || []).push({});\r\n<\/script><\/div>\n    Ron Huldai, Tel-Aviv polg\u00e1rmestere is megl\u00e1togatta a magyar napokat, megk\u00f3stolta a v\u00e1rosban m\u0171k\u00f6d\u0151 Tulip vend\u00e9gl\u0151 p\u00f6rk\u00f6ltj\u00e9t \u00e9s megn\u00e9zte a m\u00falt cs\u00fct\u00f6rt\u00f6k\u00f6n megnyitott ki\u00e1ll\u00edt\u00e1st, amelyen Robert Capa Izrael \u00e1llam megalap\u00edt\u00e1sa idej\u00e9n k\u00e9sz\u00edtett f\u00e9nyk\u00e9peit, valamint kort\u00e1rs magyar iparm\u0171v\u00e9szeti t\u00e1rgyakat mutatnak be.<br \/>\n    A cs\u00fct\u00f6rt\u00f6k estig tart\u00f3, d\u00edjmentesen l\u00e1togathat\u00f3, a magyar nagyk\u00f6vets\u00e9g szervez\u00e9s\u00e9ben zajl\u00f3 napokon gondoltak a k\u00fcl\u00f6nb\u00f6z\u0151 gener\u00e1ci\u00f3kra \u00e9s \u00e9rdekl\u0151d\u00e9si k\u00f6r\u00f6kre is: gyermek- \u00e9s csal\u00e1di programok, filmek \u00e9s koncertek is v\u00e1rj\u00e1k k\u00e9t helysz\u00ednen az \u00e9rdekl\u0151d\u0151ket, akiket a nagyk\u00f6vet Magyarorsz\u00e1g m\u00e9g jobb megismer\u00e9s\u00e9re, szem\u00e9lyes megl\u00e1togat\u00e1s\u00e1ra invit\u00e1lt.<br \/>\n    Kedden el\u0151sz\u00f6r a vil\u00e1gzen\u00e9t j\u00e1tsz\u00f3 \u00e9s a k\u00f6vetkez\u0151 napokban is t\u00f6bbsz\u00f6r fell\u00e9p\u0151 B\u00e1rsony J\u00e1nos zenekara adott koncertet.<br \/>\n    A m\u00e1r \u00f6t\u00f6dik \u00e9ve megtartott Magyar napok rendezv\u00e9nyeire f\u0151k\u00e9nt magyar anyanyelv\u0171 csal\u00e1db\u00f3l sz\u00e1rmaz\u00f3 izraeliek l\u00e1togatnak el, akik id\u00e9n is v\u00e9gigk\u00f3stolt\u00e1k a magyar konyha ismer\u0151s \u00edzeit a sz\u00ednpad melletti s\u00e1trakn\u00e1l.<br \/>\n    A keddi megnyit\u00f3t a Bohemian Betyars egy\u00fcttes zen\u00e9je z\u00e1rta, amely n\u00e9pzenei elemekkel \u00f6tv\u00f6z\u00f6tt energikus punk zen\u00e9j\u00e9vel els\u0151sorban a fiatalabb tel-aviviaknak sz\u00f3lt.<br \/>\n    A k\u00f6vetkez\u0151 napokban magyar filmeket mutatnak be, t\u00f6bbek k\u00f6zt a kicsiny, pesti zsid\u00f3 k\u00f6z\u00f6ss\u00e9gr\u0151l sz\u00f3l\u00f3 Teleki t\u00e9ri mes\u00e9k c\u00edm\u0171 alkot\u00e1st \u00e9s az \u00c9let menet\u00e9r\u0151l sz\u00f3l\u00f3 dokumentumfilmet. Utcab\u00e1l is lesz Sinka G\u00e1bor Zolt\u00e1n DJ-vel, bemutatkozik a Szalonna \u00e9s band\u00e1ja n\u00e9pzenei egy\u00fcttes, az InFusion Trio \u00e9s Farkas Izs\u00e1k heged\u0171m\u0171v\u00e9sz.<br \/>\n    A gyerekeket arcfest\u00e9ssel \u00e9s k\u00e9zm\u0171ves foglalkoz\u00e1sokkal v\u00e1rja a tel-avivi magyar h\u00e9tv\u00e9gi \u00f3voda \u00e9s iskola, sz\u00e1mos alkalommal fell\u00e9pnek utcasz\u00ednh\u00e1zi produkci\u00f3jukkal a magyar g\u00f3lyal\u00e1bas artist\u00e1k, b\u0171v\u00f6s kocka versenyt rendeznek, s\u0151t m\u00e9g a magyar n\u00e9pi iparm\u0171v\u00e9szet is megjelenik a n\u00e9pi toj\u00e1sfest\u00e9ssel \u00e9s egy hortob\u00e1gyi b\u0151rm\u0171ves bevezet az ostork\u00e9sz\u00edt\u00e9s rejtelmeibe.<br \/>\n    A helyi magyar \u00fajs\u00e1gok \u00e9s k\u00f6nyvesbolt mellett helyet kapott az \u00c9let menete Budapestr\u0151l \u00e9rkezett csoportja is. Gordon G\u00e1bor, az \u00c9let Menete Alap\u00edtv\u00e1ny magyar vezet\u0151je elmondta, hogy pavilonjukban hazai tev\u00e9kenys\u00e9g\u00fcket, \u00e9s kiadv\u00e1nyaikat ismertetik. Sokan n\u00e9zt\u00e9k meg az asztalukon l\u00e1that\u00f3 eredeti dokumentumokat, k\u00f6zt\u00fck egy budapesti m\u00e1sodik vil\u00e1gh\u00e1bor\u00fas menlevelet.<br \/>\n    Cs\u00fct\u00f6rt\u00f6k\u00f6n a Magyar eml\u00e9kek Izraelben c\u00edm\u0171 k\u00f6nyv h\u00e9ber nyelv\u0171 kiad\u00e1s\u00e1t is bemutatj\u00e1k, amelyet az Antall J\u00f3zsef Tud\u00e1sk\u00f6zpont adott ki az izraeliek sz\u00e1m\u00e1ra a helyi magyar nevezetess\u00e9gek jobb megismertet\u00e9s\u00e9re.(MTI)<\/p>\n","protected":false},"excerpt":{"rendered":"<p>Gazdag programokkal megkezd\u0151d\u00f6tt Tel-Avivban kedd este a magyar kultur\u00e1lis \u00e9vadot lez\u00e1r\u00f3 Magyar napok rendezv\u00e9nysorozat.<\/p>\n","protected":false},"author":1,"featured_media":0,"comment_status":"closed","ping_status":"open","sticky":false,"template":"","format":"standard","meta":[],"categories":[4,12],"tags":[],"_links":{"self":[{"href":"https:\/\/gazdasagportal.hu\/index.php\/wp-json\/wp\/v2\/posts\/120476"}],"collection":[{"href":"https:\/\/gazdasagportal.hu\/index.php\/wp-json\/wp\/v2\/posts"}],"about":[{"href":"https:\/\/gazdasagportal.hu\/index.php\/wp-json\/wp\/v2\/types\/post"}],"author":[{"embeddable":true,"href":"https:\/\/gazdasagportal.hu\/index.php\/wp-json\/wp\/v2\/users\/1"}],"replies":[{"embeddable":true,"href":"https:\/\/gazdasagportal.hu\/index.php\/wp-json\/wp\/v2\/comments?post=120476"}],"version-history":[{"count":1,"href":"https:\/\/gazdasagportal.hu\/index.php\/wp-json\/wp\/v2\/posts\/120476\/revisions"}],"predecessor-version":[{"id":120477,"href":"https:\/\/gazdasagportal.hu\/index.php\/wp-json\/wp\/v2\/posts\/120476\/revisions\/120477"}],"wp:attachment":[{"href":"https:\/\/gazdasagportal.hu\/index.php\/wp-json\/wp\/v2\/media?parent=120476"}],"wp:term":[{"taxonomy":"category","embeddable":true,"href":"https:\/\/gazdasagportal.hu\/index.php\/wp-json\/wp\/v2\/categories?post=120476"},{"taxonomy":"post_tag","embeddable":true,"href":"https:\/\/gazdasagportal.hu\/index.php\/wp-json\/wp\/v2\/tags?post=120476"}],"curies":[{"name":"wp","href":"https:\/\/api.w.org\/{rel}","templated":true}]}}