{"id":120456,"date":"2019-10-15T15:25:17","date_gmt":"2019-10-15T13:25:17","guid":{"rendered":"http:\/\/gazdasagportal.hu\/?p=120456"},"modified":"2019-10-15T15:25:17","modified_gmt":"2019-10-15T13:25:17","slug":"varga-mihaly-folytatodhat-a-magyar-gyogyszeripar-fejlodese","status":"publish","type":"post","link":"https:\/\/gazdasagportal.hu\/index.php\/varga-mihaly-folytatodhat-a-magyar-gyogyszeripar-fejlodese\/","title":{"rendered":"Varga Mih\u00e1ly: folytat\u00f3dhat a magyar gy\u00f3gyszeripar fejl\u0151d\u00e9se"},"content":{"rendered":"<p><strong>Folytat\u00f3dhat a gy\u00f3gyszeripar fejleszt\u00e9se, \u00edgy az a magyar gazdas\u00e1g egyik h\u00faz\u00f3\u00e1gazata marad a k\u00f6vetkez\u0151 \u00e9vekben is &#8211; jelentette ki a p\u00e9nz\u00fcgyminiszter kedden, a Magyarorsz\u00e1gi Gy\u00f3gyszergy\u00e1rt\u00f3k Orsz\u00e1gos Sz\u00f6vets\u00e9g\u00e9nek (Magyosz) budapesti konferenci\u00e1j\u00e1n.<\/strong><!--more--><\/p>\n<div class=\"ads-in-post1\"><div id=\"gazdasagportal.hu_fullbanner_wideboard\"><\/div>\r\n<\/div>\n<p>    Varga Mih\u00e1ly az \u00e1llami t\u00e1mogat\u00e1sok folytat\u00e1s\u00e1t \u00edg\u00e9rte az \u00e1gazat szerepl\u0151inek, tekintettel a gy\u00f3gyszeripari innov\u00e1ci\u00f3k id\u0151ig\u00e9nyess\u00e9g\u00e9re \u00e9s magas k\u00f6lts\u00e9geire.<br \/>\n    Hangs\u00falyozta, hogy a gy\u00f3gyszergy\u00e1rt\u00e1s adja a magyar brutt\u00f3 hazai term\u00e9k 6 sz\u00e1zal\u00e9k\u00e1t, valamint a kutat\u00e1si \u00e9s fejleszt\u00e9si r\u00e1ford\u00edt\u00e1sok \u00f6t\u00f6d\u00e9t, innov\u00e1ci\u00f3i pedig jelent\u0151s m\u00e9rt\u00e9kben j\u00e1rulnak hozz\u00e1 a magyar gazdas\u00e1g versenyk\u00e9pess\u00e9g\u00e9hez. Ut\u00f3bbi a tud\u00e1salap\u00fa gazdas\u00e1g korszak\u00e1ban egyre kev\u00e9sb\u00e9 f\u00fcgg az orsz\u00e1g adotts\u00e1gait\u00f3l, f\u00f6l\u00e9rt\u00e9kel\u0151dik viszont az \u00faj megold\u00e1sok hat\u00e9kony alkalmaz\u00e1sa, valamint a kutat\u00e1si-fejleszt\u00e9si k\u00e9pess\u00e9gek \u00f6sszehangol\u00e1sa \u00e9s kihaszn\u00e1l\u00e1sa &#8211; tette hozz\u00e1.<br \/>\n    A miniszter hangs\u00falyozta, hogy az eg\u00e9szs\u00e9g az egy\u00e9n \u00e9letmin\u0151s\u00e9g\u00e9t \u00e9s a t\u00e1rsadalom j\u00f6vedelemtermel\u0151 k\u00e9pess\u00e9get egyar\u00e1nt meghat\u00e1rozza. Nemzetk\u00f6zi becsl\u00e9sekre hivatkozva megjegyezte, hogy a munk\u00e1val \u00f6sszef\u00fcgg\u0151 betegs\u00e9gek k\u00f6lts\u00e9gei el\u00e9rhetik a GDP 4 sz\u00e1zal\u00e9k\u00e1t is. Az eg\u00e9szs\u00e9ges munkaer\u0151 a fenntarthat\u00f3 n\u00f6veked\u00e9s alapja, a korm\u00e1ny ez\u00e9rt fontosnak tartja az eg\u00e9szs\u00e9gtudatoss\u00e1g n\u00e9pszer\u0171s\u00edt\u00e9s\u00e9t, a gazdas\u00e1gi eredm\u00e9nyek pedig kedveznek az eg\u00e9szs\u00e9gtudatos beruh\u00e1z\u00e1soknak &#8211; mondta.<br \/>\n<div class=\"ads-in-post2\"><script async src=\"https:\/\/pagead2.googlesyndication.com\/pagead\/js\/adsbygoogle.js\"><\/script>\r\n<ins class=\"adsbygoogle\"\r\n     style=\"display:block\"\r\n     data-ad-format=\"fluid\"\r\n     data-ad-layout-key=\"-6t+ed+2i-1n-4w\"\r\n     data-ad-client=\"ca-pub-1959107119989764\"\r\n     data-ad-slot=\"4008251320\"><\/ins>\r\n<script>\r\n     (adsbygoogle = window.adsbygoogle || []).push({});\r\n<\/script><\/div>\n    Varga Mih\u00e1ly k\u00f6z\u00f6lte, hogy a korm\u00e1ny a vil\u00e1ggazdas\u00e1g lassul\u00e1s\u00e1ra stabil \u00e1llamh\u00e1ztart\u00e1ssal, a v\u00e1llalatok gazd\u00e1lkod\u00e1si k\u00f6rnyezet\u00e9nek jav\u00edt\u00e1s\u00e1val, a versenyk\u00e9pess\u00e9get jav\u00edt\u00f3 befektet\u00e9sek \u00f6szt\u00f6nz\u00e9s\u00e9vel v\u00e1laszol. A t\u00e1rcavezet\u0151 szerint a magyar gazdas\u00e1g az idei \u00e9vben 4,6 sz\u00e1zal\u00e9k k\u00f6r\u00fcl n\u0151het.<br \/>\n    Az Innov\u00e1ci\u00f3s \u00e9s Technol\u00f3giai Miniszt\u00e9rium (ITM) gazdas\u00e1gstrat\u00e9gi\u00e1\u00e9rt \u00e9s szab\u00e1lyoz\u00e1s\u00e9rt felel\u0151s \u00e1llamtitk\u00e1ra a gazdas\u00e1gi kil\u00e1t\u00e1sokhoz hozz\u00e1f\u0171zte, hogy Magyarorsz\u00e1gon 1970-t\u0151l 2011-ig nem volt gazdas\u00e1gi fejl\u0151d\u00e9s az \u00e1llamad\u00f3ss\u00e1g vagy a k\u00fcls\u0151 tartoz\u00e1s n\u00f6veked\u00e9se n\u00e9lk\u00fcl.<br \/>\n    Gy\u00f6rgy L\u00e1szl\u00f3 a versenyk\u00e9pess\u00e9gi fordulatot az energiabiztons\u00e1g er\u0151s\u00edt\u00e9s\u00e9t\u0151l, korszer\u0171 v\u00edz- \u00e9s hullad\u00e9kgazd\u00e1lkod\u00e1s ki\u00e9p\u00edt\u00e9s\u00e9t\u0151l, az innov\u00e1ci\u00f3s rendszer fejleszt\u00e9s\u00e9t\u0151l, a k\u00f6zleked\u00e9si infrastrukt\u00fara b\u0151v\u00edt\u00e9s\u00e9t\u0151l, feln\u0151tt- \u00e9s szakk\u00e9pz\u00e9s \u00e1talak\u00edt\u00e1s\u00e1t\u00f3l, a magyar kreat\u00edvipari strat\u00e9gi\u00e1t\u00f3l, \u00e9s a digit\u00e1lis alapinfrastrukt\u00fara megteremt\u00e9s\u00e9t\u0151l v\u00e1rja. Ut\u00f3bbi r\u00e9sze az egys\u00e9ges eg\u00e9szs\u00e9g\u00fcgyi szolg\u00e1ltat\u00f3 t\u00e9r is, m\u00edg az innov\u00e1ci\u00f3s rendszer pedig az eg\u00e9szs\u00e9gipar j\u00f6v\u0151j\u00e9t hat\u00e1rozhatja meg &#8211; tette hozz\u00e1. V\u00e1rakoz\u00e1sa szerint a t\u00e1rsadalombiztos\u00edt\u00e1sban keletkez\u0151 adatvagyon hat\u00e9kony felhaszn\u00e1l\u00e1sa hozz\u00e1j\u00e1rulhat az eg\u00e9szs\u00e9gmeg\u0151rz\u00e9shez, a betegs\u00e9gek megel\u0151z\u00e9s\u00e9hez.<br \/>\n    Az ITM eg\u00e9szs\u00e9ggazdas\u00e1g\u00e9rt felel\u0151s miniszteri biztosa k\u00f6z\u00f6lte, hogy a h\u00e9ten elkezd\u0151d\u00f6tt az eg\u00e9szs\u00e9gipari start\u00e9gia k\u00f6zigazgat\u00e1si egyeztet\u00e9se. Lengyel Gy\u00f6rgyi ismertette, hogy a tervek szerint n\u00f6velni kell az \u00e1gazatban a hozz\u00e1adott \u00e9rt\u00e9ket, er\u0151s\u00edteni kell az eg\u00e9szs\u00e9gipari kis- \u00e9s k\u00f6zepes v\u00e1llalatokat, ki kell jel\u00f6lni a legfontosabb fejleszt\u00e9si ter\u00fcleteket, \u00f6szt\u00f6n\u00f6zni kell technol\u00f3giav\u00e1lt\u00e1st. A magyar gy\u00f3gyszeripar kutat\u00e1si-fejleszt\u00e9si hagyom\u00e1nyai er\u0151sek, a gy\u00e1rt\u00f3k rugalmasak \u00e9s egy\u00fcttm\u0171k\u00f6d\u0151ek, de t\u0151kehi\u00e1nyosak &#8211; tette hozz\u00e1.<br \/>\n    A Nemzeti Eg\u00e9szs\u00e9gbiztos\u00edt\u00e1si Alapkezel\u0151 f\u0151igazgat\u00f3-helyettese jelent\u0151s kih\u00edv\u00e1snak nevezte az \u00faj, \u00e1m a kor\u00e1bbiakn\u00e1l sokkal dr\u00e1g\u00e1bb gy\u00f3gyszerek t\u00e1mogat\u00e1s\u00e1t. A betegek kisebb r\u00e9sz\u00e9t kell a t\u00e1mogat\u00e1sok t\u00falnyom\u00f3 h\u00e1nyad\u00e1val seg\u00edteni, \u00e9s t\u00f6bb sz\u00e1zan vannak, akik t\u00f6bb sz\u00e1zmilli\u00f3 forintos k\u00e9sz\u00edtm\u00e9nyekre szorulnak &#8211; k\u00f6z\u00f6lte Bidl\u00f3 Judit. V\u00e9lem\u00e9nye szerint a finansz\u00edroz\u00e1s akkor tarthat\u00f3 f\u00f6nn, ha csak a val\u00f3ban hat\u00e9kony innov\u00e1ci\u00f3kra terjed ki.<br \/>\n    Tarnai Judit, az Orsz\u00e1gos Gy\u00f3gyszer\u00e9szeti \u00e9s \u00c9lelmez\u00e9s-eg\u00e9szs\u00e9g\u00fcgyi Int\u00e9zet f\u0151igazgat\u00f3-helyettese \u00fagy l\u00e1tja, hogy a gy\u00f3gyszeripar \u00faj technol\u00f3gi\u00e1i egyre \u00f6sszetettebb k\u00e9sz\u00edtm\u00e9nyeket \u00e1ll\u00edtanak el\u0151, a gy\u00f3gyszerekhez pedig gyorsabban akarnak hozz\u00e1jutni a fogyaszt\u00f3k. Ezzel p\u00e1rhuzamosan a hat\u00f3s\u00e1gi szerepk\u00f6r is sz\u00e9lesedik, nem szor\u00edtkozhat csup\u00e1n ellen\u0151rz\u00e9sre \u00e9s enged\u00e9lyez\u00e9sre, t\u00e1mogatnia kell a fejleszt\u00e9seket is &#8211; mondta.<br \/>\n    A Richter Gedeon Nyrt. vez\u00e9rigazgat\u00f3ja szerint a magyar gy\u00f3gyszeripar be\u00e1gyaz\u00f3dott a glob\u00e1lis gazdas\u00e1gba, de tov\u00e1bbra is belf\u00f6ld\u00f6n alkot strat\u00e9gi\u00e1t \u00e9s hoz d\u00f6nt\u00e9seket, nyeres\u00e9g\u00e9t Magyarorsz\u00e1gra forgatja vissza. Orb\u00e1n G\u00e1bor indokolatlannak nevezte egyes k\u00fclf\u00f6ldi k\u00e9sz\u00edtm\u00e9nyek t\u00e9rnyer\u00e9s\u00e9t, hangs\u00falyozva, hogy a magyar gy\u00e1rt\u00f3k bev\u00e9telei jelent\u0151s m\u00e9rt\u00e9kben j\u00e1rulnak hozz\u00e1 a fenntarthat\u00f3 fejl\u0151d\u00e9shez. Hozz\u00e1tette, hogy a gy\u00f3gyszeripari \u00faj\u00edt\u00e1sok akkor \u00e9rt\u00e9kesek igaz\u00e1n Magyarorsz\u00e1g sz\u00e1m\u00e1ra, ha itthon hasznosulhatnak.<br \/>\n    Greskovits D\u00e1vid, a MAGYOSZ eln\u00f6ke egy\u00fcttm\u0171k\u00f6d\u00e9st s\u00fcrgetett a gy\u00f3gyszeripari v\u00e1llalatok, az orvost\u00e1rsadalom, az egyetemek, a gy\u00f3gyszerell\u00e1t\u00f3k, a hat\u00f3s\u00e1gok \u00e9s a d\u00f6nt\u00e9shoz\u00f3k k\u00f6z\u00f6tt. A 18 magyar gy\u00f3gyszergy\u00e1r &#8211; mint fogalmazott &#8211; t\u00fal\u00e9lte a szocializmust, a rendszerv\u00e1lt\u00e1st, a privatiz\u00e1ci\u00f3t, a magyar gy\u00f3gyszereket a vil\u00e1g csaknem sz\u00e1z orsz\u00e1g\u00e1ban ismerik el. A Magyarorsz\u00e1gon el\u0151\u00e1ll\u00edtott k\u00e9sz\u00edtm\u00e9nyek a belf\u00f6ldi gy\u00f3gyszerforgalomnak t\u00f6bb mint a fel\u00e9t fedezik, az \u00e1gazat kutat\u00e1si-fejleszt\u00e9si kiad\u00e1sai megk\u00f6zel\u00edtik a 70 milli\u00e1rd forintot \u00e9vente, hozz\u00e1adott \u00e9rt\u00e9ke az aut\u00f3ipar\u00e9t is meghaladva a legmagasabb &#8211; tette hozz\u00e1.(MTI)<\/p>\n","protected":false},"excerpt":{"rendered":"<p>Folytat\u00f3dhat a gy\u00f3gyszeripar fejleszt\u00e9se, \u00edgy az a magyar gazdas\u00e1g egyik h\u00faz\u00f3\u00e1gazata marad a k\u00f6vetkez\u0151 \u00e9vekben is &#8211; jelentette ki a p\u00e9nz\u00fcgyminiszter kedden, a Magyarorsz\u00e1gi Gy\u00f3gyszergy\u00e1rt\u00f3k Orsz\u00e1gos Sz\u00f6vets\u00e9g\u00e9nek (Magyosz) budapesti konferenci\u00e1j\u00e1n.<\/p>\n","protected":false},"author":1,"featured_media":0,"comment_status":"closed","ping_status":"open","sticky":false,"template":"","format":"standard","meta":[],"categories":[19],"tags":[],"_links":{"self":[{"href":"https:\/\/gazdasagportal.hu\/index.php\/wp-json\/wp\/v2\/posts\/120456"}],"collection":[{"href":"https:\/\/gazdasagportal.hu\/index.php\/wp-json\/wp\/v2\/posts"}],"about":[{"href":"https:\/\/gazdasagportal.hu\/index.php\/wp-json\/wp\/v2\/types\/post"}],"author":[{"embeddable":true,"href":"https:\/\/gazdasagportal.hu\/index.php\/wp-json\/wp\/v2\/users\/1"}],"replies":[{"embeddable":true,"href":"https:\/\/gazdasagportal.hu\/index.php\/wp-json\/wp\/v2\/comments?post=120456"}],"version-history":[{"count":1,"href":"https:\/\/gazdasagportal.hu\/index.php\/wp-json\/wp\/v2\/posts\/120456\/revisions"}],"predecessor-version":[{"id":120457,"href":"https:\/\/gazdasagportal.hu\/index.php\/wp-json\/wp\/v2\/posts\/120456\/revisions\/120457"}],"wp:attachment":[{"href":"https:\/\/gazdasagportal.hu\/index.php\/wp-json\/wp\/v2\/media?parent=120456"}],"wp:term":[{"taxonomy":"category","embeddable":true,"href":"https:\/\/gazdasagportal.hu\/index.php\/wp-json\/wp\/v2\/categories?post=120456"},{"taxonomy":"post_tag","embeddable":true,"href":"https:\/\/gazdasagportal.hu\/index.php\/wp-json\/wp\/v2\/tags?post=120456"}],"curies":[{"name":"wp","href":"https:\/\/api.w.org\/{rel}","templated":true}]}}