{"id":120388,"date":"2019-10-13T10:24:23","date_gmt":"2019-10-13T08:24:23","guid":{"rendered":"http:\/\/gazdasagportal.hu\/?p=120388"},"modified":"2019-10-13T09:25:17","modified_gmt":"2019-10-13T07:25:17","slug":"lengyel-valasztasok-megkezdodtek-a-parlamenti-valasztasok-lengyelorszagban","status":"publish","type":"post","link":"https:\/\/gazdasagportal.hu\/index.php\/lengyel-valasztasok-megkezdodtek-a-parlamenti-valasztasok-lengyelorszagban\/","title":{"rendered":"Lengyel v\u00e1laszt\u00e1sok &#8211; Megkezd\u0151dtek a parlamenti v\u00e1laszt\u00e1sok Lengyelorsz\u00e1gban"},"content":{"rendered":"<p><strong>Megkezd\u0151dtek vas\u00e1rnap reggel a lengyelorsz\u00e1gi  parlamenti v\u00e1laszt\u00e1sok, melyekben  a parlament als\u00f3h\u00e1z\u00e1nak, a szejmnek 460 k\u00e9pvisel\u0151j\u00e9t, valamint a fels\u0151h\u00e1z, a szen\u00e1tus 100 tagj\u00e1t v\u00e1lasztj\u00e1k meg.<\/strong><!--more--><\/p>\n<div class=\"ads-in-post1\"><div id=\"gazdasagportal.hu_fullbanner_wideboard\"><\/div>\r\n<\/div>\n<p>    A  27 415 v\u00e1laszt\u00f3helyis\u00e9gben &#8211; melyek k\u00f6z\u00fcl 320-at k\u00fclf\u00f6ld\u00f6n, \u00f6t\u00f6t pedig a lengyel tengeri flotta haj\u00f3in l\u00e9tes\u00edtettek  &#8211; 30,1 milli\u00f3 szavaz\u00e1sra jogosult lengyel \u00e1llampolg\u00e1r j\u00e1rulhat az urn\u00e1khoz. El\u0151zetes regisztr\u00e1ci\u00f3 ut\u00e1n a lengyelek lev\u00e9lben is leadhatj\u00e1k voksukat, ezzel a lehet\u0151s\u00e9ggel 1571 szem\u00e9ly \u00e9lt.<br \/>\n    A szavaz\u00e1s reggel 7 \u00f3r\u00e1t\u00f3l este 21 \u00f3r\u00e1ig tart. Urnaz\u00e1r\u00e1s ut\u00e1n a f\u0151 lengyel h\u00edrtelev\u00edzi\u00f3k k\u00f6zlik a szavaz\u00f3helyis\u00e9geket elhagy\u00f3k k\u00f6r\u00e9ben v\u00e9gzett felm\u00e9r\u00e9s, az exit poll eredm\u00e9nyeit.<br \/>\n    A szejm k\u00e9pvisel\u0151it t\u00f6bbmand\u00e1tumos ker\u00fcletekben, p\u00e1rtlist\u00e1kra szavazva v\u00e1lasztj\u00e1k meg, s az \u00f6tsz\u00e1zal\u00e9kos bejut\u00e1si k\u00fcsz\u00f6b\u00f6t \u00e1tl\u00e9p\u0151 p\u00e1rtok szavazatait ar\u00e1nyos rendszerben v\u00e1ltj\u00e1k \u00e1t mand\u00e1tumokra. A be nem jutott p\u00e1rtok szavazatait viszont a D&#8217;Hondt-m\u00f3dszer szerint osztj\u00e1k ki, ami n\u00f6veli a gy\u0151ztes p\u00e1rt f\u00f6l\u00e9ny\u00e9t.<br \/>\n    Az als\u00f3h\u00e1zi k\u00e9pviseletre \u00f6sszesen t\u00edz t\u00f6m\u00f6r\u00fcl\u00e9s p\u00e1ly\u00e1zik, ebb\u0151l \u00f6t orsz\u00e1gszerte, minden v\u00e1laszt\u00f3ker\u00fcletben indul.<br \/>\n<div class=\"ads-in-post2\"><script async src=\"https:\/\/pagead2.googlesyndication.com\/pagead\/js\/adsbygoogle.js\"><\/script>\r\n<ins class=\"adsbygoogle\"\r\n     style=\"display:block\"\r\n     data-ad-format=\"fluid\"\r\n     data-ad-layout-key=\"-6t+ed+2i-1n-4w\"\r\n     data-ad-client=\"ca-pub-1959107119989764\"\r\n     data-ad-slot=\"4008251320\"><\/ins>\r\n<script>\r\n     (adsbygoogle = window.adsbygoogle || []).push({});\r\n<\/script><\/div>\n    A szen\u00e1torokat egy\u00e9ni v\u00e1laszt\u00f3ker\u00fcletekben, t\u00f6bbs\u00e9gi rendszerben v\u00e1lasztj\u00e1k meg. Az ellenz\u00e9k a v\u00e1laszt\u00f3ker\u00fcletek k\u00f6zel fel\u00e9ben k\u00f6z\u00f6s szen\u00e1torjel\u00f6ltet ind\u00edt.<br \/>\n    Felm\u00e9r\u00e9sek szerint a 2015 \u00f3ta korm\u00e1nyz\u00f3 Jog \u00e9s Igazs\u00e1goss\u00e1g (PiS) p\u00e1rt ism\u00e9t abszol\u00fat t\u00f6bbs\u00e9gre tehet szert az als\u00f3h\u00e1zban. Rajta k\u00edv\u00fcl h\u00e1rom vagy n\u00e9gy ellenz\u00e9ki t\u00f6m\u00f6r\u00fcl\u00e9s juthat be, k\u00f6z\u00fcl\u00fck a legmagasabb t\u00e1mogatotts\u00e1got az \u00fagynevezett Polg\u00e1ri Koal\u00edci\u00f3 (KO) \u00e9lvezi, amelyet a 2015-ig korm\u00e1nyz\u00f3 jobbk\u00f6z\u00e9p Polg\u00e1ri Platform (PO), a balliber\u00e1lis Modern (Nowoczesna) \u00e9s a Z\u00f6ldek r\u00e9szv\u00e9tel\u00e9vel alak\u00edtottak meg. A fels\u0151h\u00e1z eset\u00e9ben is a PiS kisebb-nagyobb f\u00f6l\u00e9ny\u00e9t jelzik a felm\u00e9r\u00e9sek.<br \/>\n     Lengyelorsz\u00e1gban n\u00e9gy\u00e9vente tartanak parlamenti v\u00e1laszt\u00e1sokat. Id\u00e9n a megfigyel\u0151k az er\u0151teljes t\u00e1rsadalmi megosztotts\u00e1g \u00e9s az intenz\u00edv v\u00e1laszt\u00e1si kamp\u00e1ny \u00f6szt\u00f6nz\u0151 hat\u00e1sa miatt ar\u00e1nylag magas, ak\u00e1r az 55-60 sz\u00e1zal\u00e9kot is megk\u00f6zel\u00edt\u0151 r\u00e9szv\u00e9telt tartanak lehets\u00e9gesnek.(MTI)<\/p>\n","protected":false},"excerpt":{"rendered":"<p>Megkezd\u0151dtek vas\u00e1rnap reggel a lengyelorsz\u00e1gi parlamenti v\u00e1laszt\u00e1sok, melyekben a parlament als\u00f3h\u00e1z\u00e1nak, a szejmnek 460 k\u00e9pvisel\u0151j\u00e9t, valamint a fels\u0151h\u00e1z, a szen\u00e1tus 100 tagj\u00e1t v\u00e1lasztj\u00e1k meg.<\/p>\n","protected":false},"author":1001003,"featured_media":0,"comment_status":"closed","ping_status":"open","sticky":false,"template":"","format":"standard","meta":[],"categories":[12],"tags":[],"_links":{"self":[{"href":"https:\/\/gazdasagportal.hu\/index.php\/wp-json\/wp\/v2\/posts\/120388"}],"collection":[{"href":"https:\/\/gazdasagportal.hu\/index.php\/wp-json\/wp\/v2\/posts"}],"about":[{"href":"https:\/\/gazdasagportal.hu\/index.php\/wp-json\/wp\/v2\/types\/post"}],"author":[{"embeddable":true,"href":"https:\/\/gazdasagportal.hu\/index.php\/wp-json\/wp\/v2\/users\/1001003"}],"replies":[{"embeddable":true,"href":"https:\/\/gazdasagportal.hu\/index.php\/wp-json\/wp\/v2\/comments?post=120388"}],"version-history":[{"count":1,"href":"https:\/\/gazdasagportal.hu\/index.php\/wp-json\/wp\/v2\/posts\/120388\/revisions"}],"predecessor-version":[{"id":120389,"href":"https:\/\/gazdasagportal.hu\/index.php\/wp-json\/wp\/v2\/posts\/120388\/revisions\/120389"}],"wp:attachment":[{"href":"https:\/\/gazdasagportal.hu\/index.php\/wp-json\/wp\/v2\/media?parent=120388"}],"wp:term":[{"taxonomy":"category","embeddable":true,"href":"https:\/\/gazdasagportal.hu\/index.php\/wp-json\/wp\/v2\/categories?post=120388"},{"taxonomy":"post_tag","embeddable":true,"href":"https:\/\/gazdasagportal.hu\/index.php\/wp-json\/wp\/v2\/tags?post=120388"}],"curies":[{"name":"wp","href":"https:\/\/api.w.org\/{rel}","templated":true}]}}