{"id":120386,"date":"2019-10-13T11:22:17","date_gmt":"2019-10-13T09:22:17","guid":{"rendered":"http:\/\/gazdasagportal.hu\/?p=120386"},"modified":"2019-10-13T09:23:42","modified_gmt":"2019-10-13T07:23:42","slug":"banai-peter-beno-az-unios-atlag-folotti-gazdasagi-novekedes-vonzo-befektetesi-celpontta-teszi-magyarorszagot-es-budapestet","status":"publish","type":"post","link":"https:\/\/gazdasagportal.hu\/index.php\/banai-peter-beno-az-unios-atlag-folotti-gazdasagi-novekedes-vonzo-befektetesi-celpontta-teszi-magyarorszagot-es-budapestet\/","title":{"rendered":"Banai P\u00e9ter Ben\u0151: az uni\u00f3s \u00e1tlag f\u00f6l\u00f6tti gazdas\u00e1gi n\u00f6veked\u00e9s vonz\u00f3 befektet\u00e9si c\u00e9lpontt\u00e1 teszi Magyarorsz\u00e1got \u00e9s Budapestet"},"content":{"rendered":"<p><strong>A magyar gazdas\u00e1g uni\u00f3s \u00e1tlag feletti n\u00f6veked\u00e9snek, a kisz\u00e1m\u00edthat\u00f3 gazdas\u00e1gpolitik\u00e1nak, a cs\u00f6kken\u0151 ad\u00f3terheknek k\u00f6sz\u00f6nhet\u0151en Magyarorsz\u00e1g \u00e9s azon bel\u00fcl kiemelten Budapest a k\u00f6vetkez\u0151 \u00e9vekben is vonz\u00f3 befektet\u00e9si c\u00e9lpont lesz &#8211; t\u00e1j\u00e9koztatta Banai P\u00e9ter Ben\u0151 az MTI-t.<\/strong><!--more--><\/p>\n<div class=\"ads-in-post1\"><div id=\"gazdasagportal.hu_fullbanner_wideboard\"><\/div>\r\n<\/div>\n<p>    A P\u00e9nz\u00fcgyminiszt\u00e9rium \u00e1llamh\u00e1ztart\u00e1s\u00e9rt felel\u0151s \u00e1llamtitk\u00e1ra kiemelte: a magyar gazdas\u00e1g a m\u00e1sodik negyed\u00e9vben 5,2 sz\u00e1zal\u00e9kkal n\u0151tt, amellyel m\u00e1sodik helyen \u00e1ll az uni\u00f3s tagorsz\u00e1gok rangsor\u00e1ban.<br \/>\n    Ezt a hazai \u00e9s nemzetk\u00f6zi elemz\u0151k is egyre ink\u00e1bb elismerik, kedvez\u0151 ir\u00e1nyba m\u00f3dos\u00edtva a Magyarorsz\u00e1gra vonatkoz\u00f3 gazdas\u00e1gi progn\u00f3zisokat. 2010-hez k\u00e9pest \u00edgy m\u00e1r k\u00f6zel 30 sz\u00e1zal\u00e9kkal n\u00f6vekedett a magyar gazdas\u00e1g, a b\u0151v\u00fcl\u00e9s dinamik\u00e1ja pedig stabil alapokon nyugszik. Az el\u00e9rt eredm\u00e9nyek megv\u00e9d\u00e9s\u00e9hez az eddigi munk\u00e1t folytatni kell &#8211; tette hozz\u00e1.<br \/>\n     Az Orsz\u00e1ggy\u0171l\u00e9snek beny\u00fajtott tavalyi z\u00e1rsz\u00e1mad\u00e1sb\u00f3l nemcsak az der\u00fcl ki, hogy az ad\u00f3cs\u00f6kkent\u00e9sek \u00e9s ad\u00f3kedvezm\u00e9nyek t\u00f6bb sz\u00e1zmilli\u00e1rd forintot hagytak a gyermekes csal\u00e1dokn\u00e1l, a lakoss\u00e1gn\u00e1l \u00e9s a v\u00e1llalkoz\u00e1sokn\u00e1l, hanem az is, hogy az \u00f6t sz\u00e1zal\u00e9k feletti gazdas\u00e1gi n\u00f6veked\u00e9snek k\u00f6sz\u00f6nhet\u0151en a tervezettn\u00e9l alacsonyabb, 2,3 sz\u00e1zal\u00e9k lett a k\u00f6lts\u00e9gvet\u00e9s hi\u00e1nya, mik\u00f6zben az \u00e1llamad\u00f3ss\u00e1g mutat\u00f3ja 70,2 sz\u00e1zal\u00e9kra m\u00e9rs\u00e9kl\u0151d\u00f6tt. Ez jelent\u0151sen, 2,7 sz\u00e1zal\u00e9kponttal kisebb az el\u0151z\u0151 \u00e9vhez k\u00e9pest &#8211; id\u00e9zte fel Banai P\u00e9ter Ben\u0151.<br \/>\n     Hozz\u00e1tette: az idei \u00e9v eddigi adatai is b\u00edztat\u00f3ak. A foglalkoztattak l\u00e9tsz\u00e1ma tart\u00f3san meghaladja a 4,5 milli\u00f3t, 10 sz\u00e1zal\u00e9k felett emelkednek a keresetek, az els\u0151 f\u00e9l\u00e9vi, \u00f6t sz\u00e1zal\u00e9kn\u00e1l nagyobb gazdas\u00e1gi b\u0151v\u00fcl\u00e9ssel pedig Magyarorsz\u00e1g az uni\u00f3s tag\u00e1llamok rangsor\u00e1ban a m\u00e1sodik helyen szerepel, azok \u00e1tlag\u00e1t k\u00f6zel n\u00e9gyszeres m\u00e9rt\u00e9kben meghaladva. Az els\u0151 f\u00e9l\u00e9vben az ad\u00f3ss\u00e1gr\u00e1ta 68,2 sz\u00e1zal\u00e9kra cs\u00f6kkent, m\u00edg a k\u00f6lts\u00e9gvet\u00e9s helyzete stabil, a hi\u00e1ny a b\u0151v\u00fcl\u0151 csal\u00e1dt\u00e1mogat\u00e1sok \u00e9s v\u00e9grehajtott ad\u00f3cs\u00f6kkent\u00e9sek mellett is \u00e9v v\u00e9g\u00e9re az 1,8 sz\u00e1zal\u00e9kos szintet \u00e9rheti el. Mindezekb\u0151l az l\u00e1tszik, hogy kisz\u00e1m\u00edthat\u00f3 gazdas\u00e1gi k\u00f6rnyezet biztos\u00edtja a n\u00f6veked\u00e9shez sz\u00fcks\u00e9ges felt\u00e9teleket.<br \/>\n<div class=\"ads-in-post2\"><script async src=\"https:\/\/pagead2.googlesyndication.com\/pagead\/js\/adsbygoogle.js\"><\/script>\r\n<ins class=\"adsbygoogle\"\r\n     style=\"display:block\"\r\n     data-ad-format=\"fluid\"\r\n     data-ad-layout-key=\"-6t+ed+2i-1n-4w\"\r\n     data-ad-client=\"ca-pub-1959107119989764\"\r\n     data-ad-slot=\"4008251320\"><\/ins>\r\n<script>\r\n     (adsbygoogle = window.adsbygoogle || []).push({});\r\n<\/script><\/div>\n     A fentiek alapj\u00e1n nem meglep\u0151, hogy a k\u00fcl\u00f6nf\u00e9le hazai \u00e9s nemzetk\u00f6zi el\u0151rejelz\u00e9sekben sorra kedvez\u0151 ir\u00e1nyba m\u00f3dosulnak a n\u00f6veked\u00e9si v\u00e1rakoz\u00e1sok, ez a szakt\u00e1rca szerint a lassul\u00f3 vil\u00e1ggazdas\u00e1gi k\u00f6rnyezetben is a tervezettn\u00e9l magasabb, 4,6 sz\u00e1zal\u00e9k lehet &#8211; hangs\u00falyozta Banai P\u00e9ter Ben\u0151. Tavasszal a Standard &#038; Poor&#8217;s \u00e9s a Fitch Ratings hitelmin\u0151s\u00edt\u0151k m\u00e1r a befektet\u00e9sre aj\u00e1nlott kateg\u00f3ri\u00e1n bel\u00fcl is egy szinttel, stabil kil\u00e1t\u00e1ssal jav\u00edtott\u00e1k besorol\u00e1sukat, m\u00edg a World Economic Forum (WEF) legfrissebb versenyk\u00e9pess\u00e9gi rangsor\u00e1ban szint\u00e9n el\u0151r\u00e9bb tudott l\u00e9pni Magyarorsz\u00e1g &#8211; emelte ki az \u00e1llamtitk\u00e1r.<br \/>\n     Banai P\u00e9ter Ben\u0151 r\u00e1mutatott: a gazdas\u00e1gpolitikai l\u00e9p\u00e9sek meghat\u00e1roz\u00e1sakor tekintettel kell lenni a bizonytalans\u00e1gokkal, kih\u00edv\u00e1sokkal jellemezhet\u0151 eur\u00f3pai \u00e9s vil\u00e1ggazdas\u00e1gi k\u00f6rnyezetre. Ez\u00e9rt az el\u00e9rt eredm\u00e9nyek megv\u00e9d\u00e9s\u00e9hez \u00e9s az uni\u00f3s \u00e1tlagot a j\u00f6v\u0151ben szint\u00e9n legal\u00e1bb k\u00e9t sz\u00e1zal\u00e9kponttal meghalad\u00f3 gazdas\u00e1gi b\u0151v\u00fcl\u00e9s fenntart\u00e1s\u00e1hoz a Gazdas\u00e1gv\u00e9delmi Akci\u00f3terv int\u00e9zked\u00e9sei \u00e9s a versenyk\u00e9pess\u00e9gi program elemei jelenthetnek garanci\u00e1t.(MTI)<\/p>\n","protected":false},"excerpt":{"rendered":"<p>A magyar gazdas\u00e1g uni\u00f3s \u00e1tlag feletti n\u00f6veked\u00e9snek, a kisz\u00e1m\u00edthat\u00f3 gazdas\u00e1gpolitik\u00e1nak, a cs\u00f6kken\u0151 ad\u00f3terheknek k\u00f6sz\u00f6nhet\u0151en Magyarorsz\u00e1g \u00e9s azon bel\u00fcl kiemelten Budapest a k\u00f6vetkez\u0151 \u00e9vekben is vonz\u00f3 befektet\u00e9si c\u00e9lpont lesz &#8211; t\u00e1j\u00e9koztatta Banai P\u00e9ter Ben\u0151 az MTI-t.<\/p>\n","protected":false},"author":1001003,"featured_media":0,"comment_status":"closed","ping_status":"open","sticky":false,"template":"","format":"standard","meta":[],"categories":[19],"tags":[],"_links":{"self":[{"href":"https:\/\/gazdasagportal.hu\/index.php\/wp-json\/wp\/v2\/posts\/120386"}],"collection":[{"href":"https:\/\/gazdasagportal.hu\/index.php\/wp-json\/wp\/v2\/posts"}],"about":[{"href":"https:\/\/gazdasagportal.hu\/index.php\/wp-json\/wp\/v2\/types\/post"}],"author":[{"embeddable":true,"href":"https:\/\/gazdasagportal.hu\/index.php\/wp-json\/wp\/v2\/users\/1001003"}],"replies":[{"embeddable":true,"href":"https:\/\/gazdasagportal.hu\/index.php\/wp-json\/wp\/v2\/comments?post=120386"}],"version-history":[{"count":1,"href":"https:\/\/gazdasagportal.hu\/index.php\/wp-json\/wp\/v2\/posts\/120386\/revisions"}],"predecessor-version":[{"id":120387,"href":"https:\/\/gazdasagportal.hu\/index.php\/wp-json\/wp\/v2\/posts\/120386\/revisions\/120387"}],"wp:attachment":[{"href":"https:\/\/gazdasagportal.hu\/index.php\/wp-json\/wp\/v2\/media?parent=120386"}],"wp:term":[{"taxonomy":"category","embeddable":true,"href":"https:\/\/gazdasagportal.hu\/index.php\/wp-json\/wp\/v2\/categories?post=120386"},{"taxonomy":"post_tag","embeddable":true,"href":"https:\/\/gazdasagportal.hu\/index.php\/wp-json\/wp\/v2\/tags?post=120386"}],"curies":[{"name":"wp","href":"https:\/\/api.w.org\/{rel}","templated":true}]}}