{"id":120372,"date":"2019-10-12T17:25:42","date_gmt":"2019-10-12T15:25:42","guid":{"rendered":"http:\/\/gazdasagportal.hu\/?p=120372"},"modified":"2019-10-12T09:27:11","modified_gmt":"2019-10-12T07:27:11","slug":"mav-start-forgalomba-allt-az-elso-felujitott-talent-motorvonat-gyor-es-becs-kozott","status":"publish","type":"post","link":"https:\/\/gazdasagportal.hu\/index.php\/mav-start-forgalomba-allt-az-elso-felujitott-talent-motorvonat-gyor-es-becs-kozott\/","title":{"rendered":"M\u00c1V-Start: forgalomba \u00e1llt az els\u0151 fel\u00faj\u00edtott Talent motorvonat Gy\u0151r \u00e9s B\u00e9cs k\u00f6z\u00f6tt"},"content":{"rendered":"<p><strong>Forgalomba \u00e1llt az els\u0151 fel\u00faj\u00edtott Talent motorvonat a Gy\u0151r-Hegyeshalom-B\u00e9cs vas\u00fatvonalon &#8211; k\u00f6z\u00f6lte a M\u00c1V-Start p\u00e9nteken az MTI-vel.<\/strong><!--more--><\/p>\n<div class=\"ads-in-post1\"><div id=\"gazdasagportal.hu_fullbanner_wideboard\"><\/div>\r\n<\/div>\n<p>    A M\u00c1V-Start, a M\u00c1V Vagon \u00e9s az \u00d6BB az id\u00e9n \u00e1prilisban k\u00f6t\u00f6tt k\u00e9t \u00e9vre sz\u00f3l\u00f3 szerz\u0151d\u00e9st a Gy\u0151r \u00e9s B\u00e9cs k\u00f6z\u00f6tti eur\u00e9gi\u00f3s k\u00f6zleked\u00e9sben haszn\u00e1lt t\u00edz Talent motorvonat nagyjav\u00edt\u00e1s\u00e1ra, a konstrukci\u00f3s hiba megsz\u00fcntet\u00e9s\u00e9re.<br \/>\n    A jav\u00edt\u00e1s \u00e9s fel\u00faj\u00edt\u00e1s kiterjedt t\u00f6bbek k\u00f6z\u00f6tt a forg\u00f3v\u00e1z egys\u00e9geire, a f\u00e9krendszerre, a vezet\u0151\u00e1ll\u00e1sra \u00e9s az utast\u00e9rre egyar\u00e1nt.<br \/>\n    Az MTI \u00e9rdekl\u0151d\u00e9s\u00e9re a M\u00c1V k\u00f6z\u00f6lte, az els\u0151 Talent fel\u00faj\u00edt\u00e1sa mintegy 500 milli\u00f3 forintba, a teljes flotta v\u00e1rhat\u00f3an 5 milli\u00e1rd forintba ker\u00fcl majd.<br \/>\n<div class=\"ads-in-post2\"><script async src=\"https:\/\/pagead2.googlesyndication.com\/pagead\/js\/adsbygoogle.js\"><\/script>\r\n<ins class=\"adsbygoogle\"\r\n     style=\"display:block\"\r\n     data-ad-format=\"fluid\"\r\n     data-ad-layout-key=\"-6t+ed+2i-1n-4w\"\r\n     data-ad-client=\"ca-pub-1959107119989764\"\r\n     data-ad-slot=\"4008251320\"><\/ins>\r\n<script>\r\n     (adsbygoogle = window.adsbygoogle || []).push({});\r\n<\/script><\/div>\n    A Bombardier Talent motorvonatok 2006-os korm\u00e1nyzati d\u00f6nt\u00e9s alapj\u00e1n ker\u00fcltek a vas\u00fatt\u00e1rsas\u00e1ghoz, a szerelv\u00e9nyek nagy k\u00f6lts\u00e9gek \u00e1r\u00e1n is csak viszonylag alacsonyabb \u00fczemk\u00e9pess\u00e9ggel tudtak \u00fczemelni az elm\u00falt t\u00f6bb mint t\u00edz \u00e9vben. Jelenleg h\u00e1rom-n\u00e9gy darab j\u00e1rm\u0171 \u00fczemeltethet\u0151, \u00edgy ak\u00e1r egy meghib\u00e1sod\u00e1s is jelent\u0151sen befoly\u00e1solhatja a forgalomba \u00e1ll\u00edthat\u00f3 j\u00e1rm\u0171vek sz\u00e1m\u00e1t.<br \/>\n    A k\u00fcl\u00f6nb\u00f6z\u0151 m\u0171szaki probl\u00e9m\u00e1k k\u00f6vetkezt\u00e9ben a gy\u00e1rt\u00f3val a j\u00e1rm\u0171vek tulajdonosak\u00e9nt a M\u00c1V jelenleg is perben \u00e1ll &#8211; \u00edrt\u00e1k a k\u00f6zlem\u00e9nyben.(MTI)<\/p>\n","protected":false},"excerpt":{"rendered":"<p>Forgalomba \u00e1llt az els\u0151 fel\u00faj\u00edtott Talent motorvonat a Gy\u0151r-Hegyeshalom-B\u00e9cs vas\u00fatvonalon &#8211; k\u00f6z\u00f6lte a M\u00c1V-Start p\u00e9nteken az MTI-vel.<\/p>\n","protected":false},"author":1001003,"featured_media":0,"comment_status":"closed","ping_status":"open","sticky":false,"template":"","format":"standard","meta":[],"categories":[19],"tags":[],"_links":{"self":[{"href":"https:\/\/gazdasagportal.hu\/index.php\/wp-json\/wp\/v2\/posts\/120372"}],"collection":[{"href":"https:\/\/gazdasagportal.hu\/index.php\/wp-json\/wp\/v2\/posts"}],"about":[{"href":"https:\/\/gazdasagportal.hu\/index.php\/wp-json\/wp\/v2\/types\/post"}],"author":[{"embeddable":true,"href":"https:\/\/gazdasagportal.hu\/index.php\/wp-json\/wp\/v2\/users\/1001003"}],"replies":[{"embeddable":true,"href":"https:\/\/gazdasagportal.hu\/index.php\/wp-json\/wp\/v2\/comments?post=120372"}],"version-history":[{"count":1,"href":"https:\/\/gazdasagportal.hu\/index.php\/wp-json\/wp\/v2\/posts\/120372\/revisions"}],"predecessor-version":[{"id":120373,"href":"https:\/\/gazdasagportal.hu\/index.php\/wp-json\/wp\/v2\/posts\/120372\/revisions\/120373"}],"wp:attachment":[{"href":"https:\/\/gazdasagportal.hu\/index.php\/wp-json\/wp\/v2\/media?parent=120372"}],"wp:term":[{"taxonomy":"category","embeddable":true,"href":"https:\/\/gazdasagportal.hu\/index.php\/wp-json\/wp\/v2\/categories?post=120372"},{"taxonomy":"post_tag","embeddable":true,"href":"https:\/\/gazdasagportal.hu\/index.php\/wp-json\/wp\/v2\/tags?post=120372"}],"curies":[{"name":"wp","href":"https:\/\/api.w.org\/{rel}","templated":true}]}}