{"id":120368,"date":"2019-10-12T13:21:35","date_gmt":"2019-10-12T11:21:35","guid":{"rendered":"http:\/\/gazdasagportal.hu\/?p=120368"},"modified":"2019-10-12T09:22:28","modified_gmt":"2019-10-12T07:22:28","slug":"indulhat-a-suzuki-innovacios-projektjenek-utolso-szakasza","status":"publish","type":"post","link":"https:\/\/gazdasagportal.hu\/index.php\/indulhat-a-suzuki-innovacios-projektjenek-utolso-szakasza\/","title":{"rendered":"Indulhat a Suzuki innov\u00e1ci\u00f3s projektj\u00e9nek utols\u00f3 szakasza"},"content":{"rendered":"<p><strong>Megval\u00f3s\u00edt\u00e1s\u00e1nak v\u00e9gs\u0151 f\u00e1zis\u00e1ba l\u00e9p a Magyar Suzuki Zrt. n\u00e9gy\u00e9ves innov\u00e1ci\u00f3s projektje, amelynek keret\u00e9ben t\u00f6bbl\u00e9pcs\u0151s gy\u00e1rtm\u00e1nyfejleszt\u00e9st hajtanak v\u00e9gre a k\u00f6lts\u00e9ghat\u00e9konyabb \u00e9s z\u00f6ldebb termel\u00e9s \u00e9rdek\u00e9ben &#8211; t\u00e1j\u00e9koztatta az MTI-t a t\u00e1rsas\u00e1g.<\/strong><!--more--><\/p>\n<div class=\"ads-in-post1\"><div id=\"gazdasagportal.hu_fullbanner_wideboard\"><\/div>\r\n<\/div>\n<p>    A projekt \u00f6sszk\u00f6lts\u00e9ge 5,308 milli\u00e1rd forint, amelyb\u0151l 2,712 milli\u00e1rd forint saj\u00e1t forr\u00e1s, 2,596 milli\u00e1rd forint pedig  a Sz\u00e9chenyi 2020 program keret\u00e9ben ny\u00fajtott vissza nem t\u00e9r\u00edtend\u0151 t\u00e1mogat\u00e1s. A projektet konzorciumi egy\u00fcttm\u0171k\u00f6d\u00e9sben val\u00f3s\u00edtja meg az aut\u00f3gy\u00e1rt\u00f3 c\u00e9g a Bay Zolt\u00e1n Alkalmazott Kutat\u00e1si K\u00f6zhaszn\u00fa Nonprofit Kft., a PEM\u00dc M\u0171anyagipari Zrt. \u00e9s a P\u00e1zm\u00e1ny P\u00e9ter Katolikus Egyetem Inform\u00e1ci\u00f3s Technol\u00f3giai \u00e9s Bionikai Kara bevon\u00e1s\u00e1val.<br \/>\n    A h\u00e1rom \u00e9ve indult, t\u00f6bbl\u00e9pcs\u0151s gy\u00e1rt\u00e1sfejleszt\u00e9s eredm\u00e9nyek\u00e9ppen a Magyar Suzuki intelligenss\u00e9 tette hegeszt\u00e9si h\u00e1l\u00f3zat\u00e1t, valamint moderniz\u00e1lta logisztikai rendszer\u00e9t &#8211; ismertetik. A k\u00f6zlem\u00e9nyben Urb\u00e1n L\u00e1szl\u00f3, a v\u00e1llalat vez\u00e9rigazgat\u00f3-helyettese hangs\u00falyozta: a digitaliz\u00e1ci\u00f3nak k\u00f6sz\u00f6nhet\u0151en a jap\u00e1n anyav\u00e1llalat tervez\u0151asztalair\u00f3l hamarabb ker\u00fclnek az aut\u00f3k a hazai t\u00f6meggy\u00e1rt\u00e1sba, ez\u00e1ltal felgyors\u00edtva az \u00faj modellek bevezet\u00e9s\u00e9t a magyar piacra.<br \/>\n    Az elm\u00falt id\u0151szakban a Suzuki digitaliz\u00e1lta bels\u0151 alkatr\u00e9szell\u00e1t\u00e1si rendszer\u00e9t is, amely alkalmas arra, hogy azonnal megjelen\u00edtse az anyagmozg\u00e1ssal \u00e9s k\u00e9szletekkel kapcsolatos visszajelz\u00e9seket, ezzel is jav\u00edtva a hat\u00e9konys\u00e1got &#8211; teszik hozz\u00e1 a k\u00f6zlem\u00e9nyben.<br \/>\n<div class=\"ads-in-post2\"><script async src=\"https:\/\/pagead2.googlesyndication.com\/pagead\/js\/adsbygoogle.js\"><\/script>\r\n<ins class=\"adsbygoogle\"\r\n     style=\"display:block\"\r\n     data-ad-format=\"fluid\"\r\n     data-ad-layout-key=\"-6t+ed+2i-1n-4w\"\r\n     data-ad-client=\"ca-pub-1959107119989764\"\r\n     data-ad-slot=\"4008251320\"><\/ins>\r\n<script>\r\n     (adsbygoogle = window.adsbygoogle || []).push({});\r\n<\/script><\/div>\n    A projekt h\u00e1tral\u00e9v\u0151 r\u00e9sz\u00e9ben a Suzuki \u00e9s partnere a jelenleg haszn\u00e1lt alapanyagokn\u00e1l fejlettebb \u00e9g\u00e9sg\u00e1tl\u00e1s\u00fa \u00e9s jobb m\u0171szaki param\u00e9terekkel rendelkez\u0151 polimereket fejleszt. A v\u00e1llalat c\u00e9lja, hogy ezzel is tov\u00e1bb n\u00f6velje modelljei biztons\u00e1g\u00e1t, illetve hozz\u00e1j\u00e1ruljon a k\u00f6rnyezet meg\u00f3v\u00e1s\u00e1hoz \u00e9s aut\u00f3i \u00fczemanyag-felhaszn\u00e1l\u00e1s\u00e1nak cs\u00f6kkent\u00e9s\u00e9hez.<br \/>\n    A projekt a tervek szerint a j\u00f6v\u0151 \u00e9v v\u00e9g\u00e9n z\u00e1rul le.<br \/>\n    A Magyar Suzuki Zrt. 2018-ban t\u00f6bb mint 172 ezer j\u00e1rm\u0171vet gy\u00e1rtott Esztergomban, ennek t\u00falnyom\u00f3 r\u00e9sze, mintegy 122 ezer darab Vitara volt, a t\u00f6bbi S-Cross. A t\u00e1rsas\u00e1g 2018-ban 171 885 j\u00e1rm\u0171vet \u00e9rt\u00e9kes\u00edtett 123 orsz\u00e1gban, ezek 95 sz\u00e1zal\u00e9ka Esztergomban k\u00e9sz\u00fclt.<br \/>\n    A c\u00e9g kor\u00e1bbi t\u00e1j\u00e9koztat\u00e1sa szerint nett\u00f3 \u00e1rbev\u00e9tele 2018-ban 1,953 milli\u00e1rd eur\u00f3 volt a 2017. \u00e9vi 2,1 milli\u00e1rd eur\u00f3 ut\u00e1n. Ebb\u0151l a belf\u00f6ldi \u00e1rbev\u00e9tel 280,4 milli\u00f3 eur\u00f3t tett ki, 18,6 sz\u00e1zal\u00e9kkal b\u0151v\u00fclve. Az ad\u00f3z\u00e1s el\u0151tti eredm\u00e9ny tavaly el\u00e9rte a 82 milli\u00f3 eur\u00f3t, n\u00e9mileg elmaradva a 2017. \u00e9vi 90,8 milli\u00f3 eur\u00f3t\u00f3l.<br \/>\n    A Suzuki leteleped\u00e9se \u00f3ta 1,79 milli\u00e1rd eur\u00f3t fektetett be Magyarorsz\u00e1gon, ebb\u0151l 267 milli\u00f3 eur\u00f3t az ut\u00f3bbi \u00f6t \u00e9vben.<br \/>\n    A Suzuki m\u00e1rka r\u00e9szesed\u00e9se a magyarorsz\u00e1gi \u00faj szem\u00e9lyaut\u00f3k piac\u00e1n az id\u00e9n szeptemberben m\u00e1r el\u00e9rte a 17,7 sz\u00e1zal\u00e9kot.(MTI)<\/p>\n","protected":false},"excerpt":{"rendered":"<p>Megval\u00f3s\u00edt\u00e1s\u00e1nak v\u00e9gs\u0151 f\u00e1zis\u00e1ba l\u00e9p a Magyar Suzuki Zrt. n\u00e9gy\u00e9ves innov\u00e1ci\u00f3s projektje, amelynek keret\u00e9ben t\u00f6bbl\u00e9pcs\u0151s gy\u00e1rtm\u00e1nyfejleszt\u00e9st hajtanak v\u00e9gre a k\u00f6lts\u00e9ghat\u00e9konyabb \u00e9s z\u00f6ldebb termel\u00e9s \u00e9rdek\u00e9ben &#8211; t\u00e1j\u00e9koztatta az MTI-t a t\u00e1rsas\u00e1g.<\/p>\n","protected":false},"author":1001003,"featured_media":0,"comment_status":"closed","ping_status":"open","sticky":false,"template":"","format":"standard","meta":[],"categories":[19],"tags":[],"_links":{"self":[{"href":"https:\/\/gazdasagportal.hu\/index.php\/wp-json\/wp\/v2\/posts\/120368"}],"collection":[{"href":"https:\/\/gazdasagportal.hu\/index.php\/wp-json\/wp\/v2\/posts"}],"about":[{"href":"https:\/\/gazdasagportal.hu\/index.php\/wp-json\/wp\/v2\/types\/post"}],"author":[{"embeddable":true,"href":"https:\/\/gazdasagportal.hu\/index.php\/wp-json\/wp\/v2\/users\/1001003"}],"replies":[{"embeddable":true,"href":"https:\/\/gazdasagportal.hu\/index.php\/wp-json\/wp\/v2\/comments?post=120368"}],"version-history":[{"count":1,"href":"https:\/\/gazdasagportal.hu\/index.php\/wp-json\/wp\/v2\/posts\/120368\/revisions"}],"predecessor-version":[{"id":120369,"href":"https:\/\/gazdasagportal.hu\/index.php\/wp-json\/wp\/v2\/posts\/120368\/revisions\/120369"}],"wp:attachment":[{"href":"https:\/\/gazdasagportal.hu\/index.php\/wp-json\/wp\/v2\/media?parent=120368"}],"wp:term":[{"taxonomy":"category","embeddable":true,"href":"https:\/\/gazdasagportal.hu\/index.php\/wp-json\/wp\/v2\/categories?post=120368"},{"taxonomy":"post_tag","embeddable":true,"href":"https:\/\/gazdasagportal.hu\/index.php\/wp-json\/wp\/v2\/tags?post=120368"}],"curies":[{"name":"wp","href":"https:\/\/api.w.org\/{rel}","templated":true}]}}