{"id":120366,"date":"2019-10-12T11:19:31","date_gmt":"2019-10-12T09:19:31","guid":{"rendered":"http:\/\/gazdasagportal.hu\/?p=120366"},"modified":"2019-10-12T09:21:05","modified_gmt":"2019-10-12T07:21:05","slug":"eros-kereslet-mellett-tovabb-dragultak-az-uj-lakasok-budapesten","status":"publish","type":"post","link":"https:\/\/gazdasagportal.hu\/index.php\/eros-kereslet-mellett-tovabb-dragultak-az-uj-lakasok-budapesten\/","title":{"rendered":"Er\u0151s kereslet mellett tov\u00e1bb dr\u00e1gultak az \u00faj lak\u00e1sok Budapesten"},"content":{"rendered":"<p><strong>Er\u0151s kereslet mellett tov\u00e1bb dr\u00e1gultak az \u00faj lak\u00e1sok Budapesten 2019 harmadik negyed\u00e9v\u00e9ben, az \u00e1tlagos n\u00e9gyzetm\u00e9ter\u00e1r m\u00e1r el\u00e9ri a 925 000 forintot &#8211; k\u00f6z\u00f6lte a Cordia az MTI-vel, a c\u00e9g legfrissebb \u00e1tfog\u00f3 felm\u00e9r\u00e9se alapj\u00e1n.<\/strong><!--more--><\/p>\n<div class=\"ads-in-post1\"><div id=\"gazdasagportal.hu_fullbanner_wideboard\"><\/div>\r\n<\/div>\n<p>    Az \u00e1rak tov\u00e1bbi emelked\u00e9se ir\u00e1ny\u00e1ba hat az elemz\u00e9s szerint, hogy az indul\u00f3 projektek sz\u00e1ma cs\u00f6kken, a m\u00e9g 5 sz\u00e1zal\u00e9kos \u00e1fakulcs mellett megv\u00e1s\u00e1rolhat\u00f3 otthonok k\u00edn\u00e1lata egyre sz\u0171k\u00fcl.<br \/>\n    Pesten az \u00e1tlagos n\u00e9gyzetm\u00e9ter\u00e1r megk\u00f6zel\u00edtette a 890 000 forintot, Bud\u00e1n pedig az 1 milli\u00f3 25 ezer forintot a harmadik negyed\u00e9vben. A f\u0151v\u00e1rosi \u00e1tlag\u00e1r az \u00e9v eleji szintet 11 sz\u00e1zal\u00e9kkal haladta meg, a tavaly harmadik negyed\u00e9vihez k\u00e9pest 16 sz\u00e1zal\u00e9kkal, a 2017 azonos id\u0151szakihoz viszony\u00edtva t\u00f6bb mint 34 sz\u00e1zal\u00e9kkal n\u0151tt a Cordia adatai szerint.<br \/>\n      A k\u00f6zlem\u00e9ny id\u00e9zi F\u00f6ldi Tibort, a Cordia vez\u00e9rigazgat\u00f3j\u00e1t, aki elmondta, hogy az \u00e1remelked\u00e9s \u00fcteme lassult, de ez nem jelent trendfordul\u00f3t a budapesti \u00fajlak\u00e1spiacon, hiszen a kedvezm\u00e9nyes \u00e1fakulcs kifut\u00e1sa, az \u00fajonnan indul\u00f3 projektek sz\u00e1m\u00e1nak cs\u00f6kken\u00e9se, valamint a szigor\u00fabb energetikai el\u0151\u00edr\u00e1sok teljes\u00edt\u00e9se mind a tov\u00e1bbi dr\u00e1gul\u00e1s ir\u00e1ny\u00e1ba hat.<br \/>\n<div class=\"ads-in-post2\"><script async src=\"https:\/\/pagead2.googlesyndication.com\/pagead\/js\/adsbygoogle.js\"><\/script>\r\n<ins class=\"adsbygoogle\"\r\n     style=\"display:block\"\r\n     data-ad-format=\"fluid\"\r\n     data-ad-layout-key=\"-6t+ed+2i-1n-4w\"\r\n     data-ad-client=\"ca-pub-1959107119989764\"\r\n     data-ad-slot=\"4008251320\"><\/ins>\r\n<script>\r\n     (adsbygoogle = window.adsbygoogle || []).push({});\r\n<\/script><\/div>\n    A harmadik negyed\u00e9vben az \u00faj otthonok k\u00edn\u00e1lata stabil maradt, vagyis a tavalyihoz \u00e9s az ez \u00e9v eleji helyzethez hasonl\u00f3an a fejleszt\u0151k szeptember v\u00e9g\u00e9n is mintegy 7000 lak\u00e1st k\u00edn\u00e1ltak elad\u00e1sra &#8211; tette hozz\u00e1. Az indul\u00f3 projektekben tal\u00e1lhat\u00f3 lak\u00e1sok sz\u00e1ma cs\u00f6kkent: a j\u00falius \u00e9s szeptember k\u00f6z\u00f6tt a piacon elad\u00e1sra sz\u00e1nt mintegy 1500 otthon b\u0151 20 sz\u00e1zal\u00e9kkal kevesebb, mint a 2018-ra jellemz\u0151 negyed\u00e9ves \u00e1tlag.<br \/>\n    A Cordia vez\u00e9rigazgat\u00f3ja jelezte: a tavaly \u00e9v v\u00e9gi 6900-r\u00f3l az id\u00e9n okt\u00f3ber elej\u00e9re 4700-ra cs\u00f6kkent az 5 sz\u00e1zal\u00e9kos \u00e1f\u00e1val eladni sz\u00e1nt lak\u00e1sok k\u00edn\u00e1lata.<br \/>\n    A kedvezm\u00e9nyes \u00e1fakulcsot utols\u00f3 lehet\u0151s\u00e9gk\u00e9nt kihaszn\u00e1l\u00f3 v\u00e1s\u00e1rl\u00f3kat sz\u00e1mba v\u00e9ve az idei utols\u00f3 negyed\u00e9v is hasonl\u00f3 sz\u00e1mokat hozhat, \u00edgy 2019 eg\u00e9sz\u00e9ben mintegy 7000 \u00faj lak\u00e1s tal\u00e1lhat vev\u0151re. Meg\u00edt\u00e9l\u00e9s\u00fck szerint a k\u00f6vetkez\u0151 \u00e9vekben jelent\u0151sen sz\u0171k\u00fclhet az el\u00e9rhet\u0151 \u00faj otthonok sz\u00e1ma Budapesten.<br \/>\n    A Cordia a Futureal-csoport tagja, Magyarorsz\u00e1g egyik vezet\u0151 lak\u00f3ingatlan-fejleszt\u0151je, mely sz\u00e1mos lez\u00e1rt \u00e9s folyamatban l\u00e9v\u0151 projekttel rendelkezik mind Magyarorsz\u00e1gon, mind a r\u00e9gi\u00f3 tov\u00e1bbi orsz\u00e1gaiban (Rom\u00e1nia, Lengyelorsz\u00e1g), Spanyolorsz\u00e1gban pedig egy pilotprojekttel van jelen. A v\u00e1llalat eddig itthon \u00e9s k\u00fclf\u00f6ld\u00f6n 5500 otthont \u00e9rt\u00e9kes\u00edtett, t\u00f6bb mint 4000 lak\u00e1s \u00e9p\u00edt\u00e9se jelenleg is zajlik, tov\u00e1bbi t\u00f6bb mint 5000 otthon fejleszt\u00e9s\u00e9t a napokban k\u00e9sz\u00edtik el\u0151.(MTI)<\/p>\n","protected":false},"excerpt":{"rendered":"<p>Er\u0151s kereslet mellett tov\u00e1bb dr\u00e1gultak az \u00faj lak\u00e1sok Budapesten 2019 harmadik negyed\u00e9v\u00e9ben, az \u00e1tlagos n\u00e9gyzetm\u00e9ter\u00e1r m\u00e1r el\u00e9ri a 925 000 forintot &#8211; k\u00f6z\u00f6lte a Cordia az MTI-vel, a c\u00e9g legfrissebb \u00e1tfog\u00f3 felm\u00e9r\u00e9se alapj\u00e1n.<\/p>\n","protected":false},"author":1001003,"featured_media":108569,"comment_status":"closed","ping_status":"open","sticky":false,"template":"","format":"standard","meta":[],"categories":[146,4,19],"tags":[],"_links":{"self":[{"href":"https:\/\/gazdasagportal.hu\/index.php\/wp-json\/wp\/v2\/posts\/120366"}],"collection":[{"href":"https:\/\/gazdasagportal.hu\/index.php\/wp-json\/wp\/v2\/posts"}],"about":[{"href":"https:\/\/gazdasagportal.hu\/index.php\/wp-json\/wp\/v2\/types\/post"}],"author":[{"embeddable":true,"href":"https:\/\/gazdasagportal.hu\/index.php\/wp-json\/wp\/v2\/users\/1001003"}],"replies":[{"embeddable":true,"href":"https:\/\/gazdasagportal.hu\/index.php\/wp-json\/wp\/v2\/comments?post=120366"}],"version-history":[{"count":1,"href":"https:\/\/gazdasagportal.hu\/index.php\/wp-json\/wp\/v2\/posts\/120366\/revisions"}],"predecessor-version":[{"id":120367,"href":"https:\/\/gazdasagportal.hu\/index.php\/wp-json\/wp\/v2\/posts\/120366\/revisions\/120367"}],"wp:featuredmedia":[{"embeddable":true,"href":"https:\/\/gazdasagportal.hu\/index.php\/wp-json\/wp\/v2\/media\/108569"}],"wp:attachment":[{"href":"https:\/\/gazdasagportal.hu\/index.php\/wp-json\/wp\/v2\/media?parent=120366"}],"wp:term":[{"taxonomy":"category","embeddable":true,"href":"https:\/\/gazdasagportal.hu\/index.php\/wp-json\/wp\/v2\/categories?post=120366"},{"taxonomy":"post_tag","embeddable":true,"href":"https:\/\/gazdasagportal.hu\/index.php\/wp-json\/wp\/v2\/tags?post=120366"}],"curies":[{"name":"wp","href":"https:\/\/api.w.org\/{rel}","templated":true}]}}