{"id":120354,"date":"2019-10-11T13:24:16","date_gmt":"2019-10-11T11:24:16","guid":{"rendered":"http:\/\/gazdasagportal.hu\/?p=120354"},"modified":"2019-10-11T13:24:16","modified_gmt":"2019-10-11T11:24:16","slug":"uj-uzemcsarnokot-avatott-a-thermotechnika-tatabanyan","status":"publish","type":"post","link":"https:\/\/gazdasagportal.hu\/index.php\/uj-uzemcsarnokot-avatott-a-thermotechnika-tatabanyan\/","title":{"rendered":"\u00daj \u00fczemcsarnokot avatott a Thermotechnika Tatab\u00e1ny\u00e1n"},"content":{"rendered":"<p><strong>A kereskedelmi \u00e9s vend\u00e9gl\u00e1t\u00f3-ipari h\u0171t\u0151ket gy\u00e1rt\u00f3 Thermotechnika-Crown Cool Kft. p\u00e9nteken Tatab\u00e1ny\u00e1n felavatta 2200 n\u00e9gyzetm\u00e9teres, \u00faj gy\u00e1rt\u00f3csarnok\u00e1t \u00e9s rakt\u00e1r\u00e1t, a beruh\u00e1z\u00e1s \u00e9rt\u00e9ke 450 milli\u00f3 forint.<\/strong><!--more--><\/p>\n<div class=\"ads-in-post1\"><div id=\"gazdasagportal.hu_fullbanner_wideboard\"><\/div>\r\n<\/div>\n<p>    A korm\u00e1ny 2015-ben ind\u00edtott t\u00e1mogat\u00e1si programot olyan v\u00e1llalatoknak, amelyek nem juthattak uni\u00f3s t\u00e1mogat\u00e1shoz. Eddig 78 milli\u00e1rd forint nagyv\u00e1llalati t\u00e1mogat\u00e1s \u00f6sszesen 200 milli\u00e1rd forint \u00e9rt\u00e9k\u0171 beruh\u00e1z\u00e1s megval\u00f3s\u00edt\u00e1s\u00e1t tette lehet\u0151v\u00e9, 2400 \u00faj munkahelyet teremtve &#8211; mondta el k\u00f6sz\u00f6nt\u0151j\u00e9ben az avat\u00f3\u00fcnneps\u00e9gen r\u00e9szt vev\u0151 p\u00e9nz\u00fcgyminiszter.<br \/>\n    Varga Mih\u00e1ly kiemelte, ez a program &#8222;nyomot hagyott&#8221; a gazdas\u00e1gon \u00e9s sz\u00e1mos m\u00e1s int\u00e9zked\u00e9ssel egy\u00fctt hozz\u00e1j\u00e1rult, hogy Magyarorsz\u00e1g az uni\u00f3 h\u00e1rom legnagyobb \u00fctemben fejl\u0151d\u0151 gazdas\u00e1g\u00e1nak egyike legyen. A b\u0151v\u00fcl\u00e9s m\u00e9rt\u00e9ke tavaly el\u00e9rte az 5,1 sz\u00e1zal\u00e9kot.<br \/>\n    A munkan\u00e9lk\u00fclis\u00e9g 3,4 sz\u00e1zal\u00e9kra cs\u00f6kkent, a b\u00e9rek 2019 els\u0151 h\u00e9t h\u00f3napj\u00e1ban brutt\u00f3 \u00e9rt\u00e9kben t\u00edz sz\u00e1zal\u00e9kot n\u00f6vekedtek, a re\u00e1lb\u00e9r-emelked\u00e9s h\u00e9tsz\u00e1zal\u00e9kos volt &#8211; mondta a miniszter.<br \/>\n    Kiss J\u00e1nos, a t\u00e1rsas\u00e1g \u00fcgyvezet\u0151je az MTI-nek elmondta, a fejleszt\u00e9st k\u00f6zel 158 milli\u00f3 forint vissza nem t\u00e9r\u00edtend\u0151 forr\u00e1ssal seg\u00edtette a korm\u00e1ny nagyv\u00e1llalati t\u00e1mogat\u00e1si programja.<br \/>\n    A korszer\u0171 g\u00e9pek \u00fczembe \u00e1ll\u00edt\u00e1sa 30 sz\u00e1zal\u00e9kkal n\u00f6veli a kapacit\u00e1st. Az innen elker\u00fcl\u0151 berendez\u00e9seket horv\u00e1torsz\u00e1gi \u00fczem\u00fckbe telep\u00edtik, az ottani termel\u00e9s felfut\u00e1s\u00e1val a teljes v\u00e1llalatcsoport kapacit\u00e1sa megdupl\u00e1z\u00f3dik \u00e9s k\u00e9tszeres\u00e9re n\u0151 a gy\u00e1rt\u00e1sb\u00f3l sz\u00e1rmaz\u00f3, \u00e9vi 800 milli\u00f3 forintos bev\u00e9tel.<br \/>\n<div class=\"ads-in-post2\"><script async src=\"https:\/\/pagead2.googlesyndication.com\/pagead\/js\/adsbygoogle.js\"><\/script>\r\n<ins class=\"adsbygoogle\"\r\n     style=\"display:block\"\r\n     data-ad-format=\"fluid\"\r\n     data-ad-layout-key=\"-6t+ed+2i-1n-4w\"\r\n     data-ad-client=\"ca-pub-1959107119989764\"\r\n     data-ad-slot=\"4008251320\"><\/ins>\r\n<script>\r\n     (adsbygoogle = window.adsbygoogle || []).push({});\r\n<\/script><\/div>\n    A v\u00e1llalat a kereskedelmi \u00e9s vend\u00e9gl\u00e1t\u00f3-ipari h\u0171t\u0151k sz\u00e9les v\u00e1laszt\u00e9k\u00e1t gy\u00e1rtja. Term\u00e9keik k\u00f6z\u00e9 tartoznak t\u00f6bbek k\u00f6z\u00f6tt az \u00f6nkiszolg\u00e1l\u00f3, bankk\u00e1rty\u00e1val m\u0171k\u00f6d\u0151 h\u0171t\u0151vitrinek, a t\u00f6bb z\u00f3n\u00e1s borh\u0171t\u0151k. A termel\u00e9s 80 sz\u00e1zal\u00e9k\u00e1t Nyugat-Eur\u00f3p\u00e1ba export\u00e1lj\u00e1k.<br \/>\n    A Thermotechnika \u00e9p\u00edtette ki Magyarorsz\u00e1g legnagyobb h\u0171t\u0151szerviz h\u00e1l\u00f3zat\u00e1t, 70 szerel\u0151vel. A gy\u00e1rt\u00e1s mellett kereskedelemmel is foglalkoznak, k\u00edn\u00e1latukban 3000 f\u00e9le professzion\u00e1lis vend\u00e9gl\u00e1t\u00f3-ipari term\u00e9k szerepel.<br \/>\n    A t\u00e1rsas\u00e1g jogel\u0151dje, az 1981-ben alakult Thermotechnika gmk. volt Magyarorsz\u00e1g els\u0151 t\u00e1rsas v\u00e1llalkoz\u00e1sa. A c\u00e9g els\u0151 tev\u00e9kenys\u00e9gek\u00e9nt h\u0171t\u0151g\u00e9pek szervizel\u00e9s\u00e9vel foglalkozott, k\u00e9t m\u00e9rn\u00f6kkel \u00e9s k\u00e9t karbantart\u00f3val indultak.<br \/>\n    A v\u00e1llalkoz\u00e1s 33 \u00e9vel ezel\u0151tt kezdte meg a h\u0171t\u0151g\u00e9pek gy\u00e1rt\u00e1s\u00e1t Tatab\u00e1ny\u00e1n. Jelenleg 114 embert foglalkoztatnak belf\u00f6ld\u00f6n, emellett Rom\u00e1ni\u00e1ban 150, Horv\u00e1torsz\u00e1gban 47 embernek adnak munk\u00e1t. Szlov\u00e1ki\u00e1ban \u00e9s Szerbi\u00e1ban saj\u00e1t gy\u00e1rt\u00e1s\u00fa berendez\u00e9seket forgalmaznak.<br \/>\n    A c\u00e9gcsoport a k\u00fclf\u00f6ldi le\u00e1nyv\u00e1llalatokkal egy\u00fctt 8 milli\u00e1rd forint \u00e1rbev\u00e9telt \u00e9rt el 2018-ban, a magyar egys\u00e9g \u00e1rbev\u00e9tele 4 milli\u00e1rd forint volt, mely a gy\u00e1rt\u00e1sb\u00f3l, a kereskedelemb\u0151l \u00e9s a szerviztev\u00e9kenys\u00e9gb\u0151l tev\u0151d\u00f6tt \u00f6ssze.(MTI)<\/p>\n","protected":false},"excerpt":{"rendered":"<p>A kereskedelmi \u00e9s vend\u00e9gl\u00e1t\u00f3-ipari h\u0171t\u0151ket gy\u00e1rt\u00f3 Thermotechnika-Crown Cool Kft. p\u00e9nteken Tatab\u00e1ny\u00e1n felavatta 2200 n\u00e9gyzetm\u00e9teres, \u00faj gy\u00e1rt\u00f3csarnok\u00e1t \u00e9s rakt\u00e1r\u00e1t, a beruh\u00e1z\u00e1s \u00e9rt\u00e9ke 450 milli\u00f3 forint.<\/p>\n","protected":false},"author":1,"featured_media":0,"comment_status":"closed","ping_status":"open","sticky":false,"template":"","format":"standard","meta":[],"categories":[19],"tags":[],"_links":{"self":[{"href":"https:\/\/gazdasagportal.hu\/index.php\/wp-json\/wp\/v2\/posts\/120354"}],"collection":[{"href":"https:\/\/gazdasagportal.hu\/index.php\/wp-json\/wp\/v2\/posts"}],"about":[{"href":"https:\/\/gazdasagportal.hu\/index.php\/wp-json\/wp\/v2\/types\/post"}],"author":[{"embeddable":true,"href":"https:\/\/gazdasagportal.hu\/index.php\/wp-json\/wp\/v2\/users\/1"}],"replies":[{"embeddable":true,"href":"https:\/\/gazdasagportal.hu\/index.php\/wp-json\/wp\/v2\/comments?post=120354"}],"version-history":[{"count":1,"href":"https:\/\/gazdasagportal.hu\/index.php\/wp-json\/wp\/v2\/posts\/120354\/revisions"}],"predecessor-version":[{"id":120355,"href":"https:\/\/gazdasagportal.hu\/index.php\/wp-json\/wp\/v2\/posts\/120354\/revisions\/120355"}],"wp:attachment":[{"href":"https:\/\/gazdasagportal.hu\/index.php\/wp-json\/wp\/v2\/media?parent=120354"}],"wp:term":[{"taxonomy":"category","embeddable":true,"href":"https:\/\/gazdasagportal.hu\/index.php\/wp-json\/wp\/v2\/categories?post=120354"},{"taxonomy":"post_tag","embeddable":true,"href":"https:\/\/gazdasagportal.hu\/index.php\/wp-json\/wp\/v2\/tags?post=120354"}],"curies":[{"name":"wp","href":"https:\/\/api.w.org\/{rel}","templated":true}]}}