{"id":120352,"date":"2019-10-11T12:40:39","date_gmt":"2019-10-11T10:40:39","guid":{"rendered":"http:\/\/gazdasagportal.hu\/?p=120352"},"modified":"2019-10-11T12:40:39","modified_gmt":"2019-10-11T10:40:39","slug":"kiss-attila-lett-az-e-on-magyarorszagi-tevekenysegeert-felelos-vezerigazgatoja","status":"publish","type":"post","link":"https:\/\/gazdasagportal.hu\/index.php\/kiss-attila-lett-az-e-on-magyarorszagi-tevekenysegeert-felelos-vezerigazgatoja\/","title":{"rendered":"Kiss Attila lett az E.ON magyarorsz\u00e1gi tev\u00e9kenys\u00e9g\u00e9\u00e9rt felel\u0151s vez\u00e9rigazgat\u00f3ja"},"content":{"rendered":"<p><strong>Kiss Attila, az E.ON Hung\u00e1ria Zrt. eln\u00f6k-vez\u00e9rigazgat\u00f3ja 2019.10.11.-t\u0151l kezdve azonnali hat\u00e1llyal kinevez\u00e9st kap arra, hogy egyidej\u0171leg az E.ON \u00f6sszes magyarorsz\u00e1gi tev\u00e9kenys\u00e9g\u00e9re n\u00e9zve vez\u00e9rigazgat\u00f3i szerepk\u00f6rt t\u00f6lts\u00f6n be.<\/strong><!--more--><\/p>\n<div class=\"ads-in-post1\"><div id=\"gazdasagportal.hu_fullbanner_wideboard\"><\/div>\r\n<\/div>\n<p><strong>\u00a0<\/strong><\/p>\n<p>Dr. Thomas K\u00f6nig, az E.ON SE igazgat\u00f3s\u00e1g\u00e1nak tagja, az E.ON Hung\u00e1ria Zrt. Fel\u00fcgyel\u0151 Bizotts\u00e1g\u00e1nak eln\u00f6ke \u00f6r\u00f6mmel jelenti be, hogy Kiss Attila \u2013 aki jelenleg az E.ON Hung\u00e1ria Zrt. eln\u00f6k-vez\u00e9rigazgat\u00f3ja \u2013 kinevez\u00e9st \u00e9s meger\u0151s\u00edt\u00e9st kap azonnali hat\u00e1llyal arra, hogy egyidej\u0171leg az E.ON \u00f6sszes magyarorsz\u00e1gi tev\u00e9kenys\u00e9g\u00e9re n\u00e9zve vez\u00e9rigazgat\u00f3i szerepk\u00f6rt t\u00f6lts\u00f6n be.<\/p>\n<p>&nbsp;<\/p><div id=\"gazda-1720615439\" class=\"gazda-tartalomban gazda-entity-placement\"><script async src=\"https:\/\/pagead2.googlesyndication.com\/pagead\/js\/adsbygoogle.js\"><\/script>\r\n<ins class=\"adsbygoogle\"\r\n     style=\"display:block\"\r\n     data-ad-format=\"fluid\"\r\n     data-ad-layout-key=\"-6t+ed+2i-1n-4w\"\r\n     data-ad-client=\"ca-pub-1959107119989764\"\r\n     data-ad-slot=\"4008251320\"><\/ins>\r\n<script>\r\n     (adsbygoogle = window.adsbygoogle || []).push({});\r\n<\/script><\/div>\n<p>Kiss Attila 1999-ben v\u00e9gzett k\u00f6zgazd\u00e1szk\u00e9nt \u00e9s csatlakozott az E.ON-hoz, az\u00f3ta sz\u00e1mos ter\u00fcleten t\u00f6lt\u00f6tt be vezet\u0151i poz\u00edci\u00f3kat a v\u00e1llalaton bel\u00fcl, Magyarorsz\u00e1gon \u00e9s N\u00e9metorsz\u00e1gban is. 2018. j\u00fanius 1-j\u00e9n az E.ON Hung\u00e1ria Zrt. eln\u00f6k-vez\u00e9rigazgat\u00f3j\u00e1nak nevezt\u00e9k ki, \u00edgy elismerve az \u00e9vek sor\u00e1n az E.ON magyarorsz\u00e1gi \u00fczleti tev\u00e9kenys\u00e9g\u00e9hez ny\u00fajtott jelent\u0151s hozz\u00e1j\u00e1rul\u00e1s\u00e1t.<\/p>\n<p>&nbsp;<\/p>\n<p>\u201e<em>Gratul\u00e1lok Kiss Attil\u00e1nak a kinevez\u00e9s\u00e9hez \u00e9s v\u00e1rakoz\u00e1ssal tekintek az el\u00e9, hogy a j\u00f6v\u0151ben szorosan egy\u00fcttm\u0171k\u00f6dve dolgozhassunk egy\u00fctt.<\/em>\u201d \u2013 mondta Dr. Thomas K\u00f6nig.<br \/>\n<div class=\"ads-in-post2\"><script async src=\"https:\/\/pagead2.googlesyndication.com\/pagead\/js\/adsbygoogle.js\"><\/script>\r\n<ins class=\"adsbygoogle\"\r\n     style=\"display:block\"\r\n     data-ad-format=\"fluid\"\r\n     data-ad-layout-key=\"-6t+ed+2i-1n-4w\"\r\n     data-ad-client=\"ca-pub-1959107119989764\"\r\n     data-ad-slot=\"4008251320\"><\/ins>\r\n<script>\r\n     (adsbygoogle = window.adsbygoogle || []).push({});\r\n<\/script><\/div>\n","protected":false},"excerpt":{"rendered":"<p>Kiss Attila, az E.ON Hung\u00e1ria Zrt. eln\u00f6k-vez\u00e9rigazgat\u00f3ja 2019.10.11.-t\u0151l kezdve azonnali hat\u00e1llyal kinevez\u00e9st kap arra, hogy egyidej\u0171leg az E.ON \u00f6sszes magyarorsz\u00e1gi tev\u00e9kenys\u00e9g\u00e9re n\u00e9zve vez\u00e9rigazgat\u00f3i szerepk\u00f6rt t\u00f6lts\u00f6n be.<\/p>\n","protected":false},"author":1,"featured_media":0,"comment_status":"closed","ping_status":"open","sticky":false,"template":"","format":"standard","meta":[],"categories":[19],"tags":[],"_links":{"self":[{"href":"https:\/\/gazdasagportal.hu\/index.php\/wp-json\/wp\/v2\/posts\/120352"}],"collection":[{"href":"https:\/\/gazdasagportal.hu\/index.php\/wp-json\/wp\/v2\/posts"}],"about":[{"href":"https:\/\/gazdasagportal.hu\/index.php\/wp-json\/wp\/v2\/types\/post"}],"author":[{"embeddable":true,"href":"https:\/\/gazdasagportal.hu\/index.php\/wp-json\/wp\/v2\/users\/1"}],"replies":[{"embeddable":true,"href":"https:\/\/gazdasagportal.hu\/index.php\/wp-json\/wp\/v2\/comments?post=120352"}],"version-history":[{"count":1,"href":"https:\/\/gazdasagportal.hu\/index.php\/wp-json\/wp\/v2\/posts\/120352\/revisions"}],"predecessor-version":[{"id":120353,"href":"https:\/\/gazdasagportal.hu\/index.php\/wp-json\/wp\/v2\/posts\/120352\/revisions\/120353"}],"wp:attachment":[{"href":"https:\/\/gazdasagportal.hu\/index.php\/wp-json\/wp\/v2\/media?parent=120352"}],"wp:term":[{"taxonomy":"category","embeddable":true,"href":"https:\/\/gazdasagportal.hu\/index.php\/wp-json\/wp\/v2\/categories?post=120352"},{"taxonomy":"post_tag","embeddable":true,"href":"https:\/\/gazdasagportal.hu\/index.php\/wp-json\/wp\/v2\/tags?post=120352"}],"curies":[{"name":"wp","href":"https:\/\/api.w.org\/{rel}","templated":true}]}}