{"id":120350,"date":"2019-10-11T11:38:14","date_gmt":"2019-10-11T09:38:14","guid":{"rendered":"http:\/\/gazdasagportal.hu\/?p=120350"},"modified":"2019-10-11T11:38:14","modified_gmt":"2019-10-11T09:38:14","slug":"kizarolag-kecskemeten-gyartjak-a-mercedes-benz-amg-performance-kompakt-modelljeit","status":"publish","type":"post","link":"https:\/\/gazdasagportal.hu\/index.php\/kizarolag-kecskemeten-gyartjak-a-mercedes-benz-amg-performance-kompakt-modelljeit\/","title":{"rendered":"Kiz\u00e1r\u00f3lag Kecskem\u00e9ten gy\u00e1rtj\u00e1k a Mercedes-Benz AMG Performance kompakt modelljeit"},"content":{"rendered":"<p><strong>A Mercedes-Benz kecskem\u00e9ti gy\u00e1r\u00e1ban id\u00e9n harmadszor indult el sikeres sorozatgy\u00e1rt\u00e1s: a CLA Coup\u00e9 \u00e9s a CLA Shooting Brake ut\u00e1n most az els\u0151 Mercedes-AMG Performance modellek g\u00f6rd\u00fcltek le a gy\u00e1rt\u00f3szalagr\u00f3l.\u00a0 A Mercedes-AMG A 45 4MATIC+, a Mercedes-AMG CLA 45 4MATIC+ Coup\u00e9 \u00e9s a Mercedes-AMG CLA 45 4MATIC+ Shooting Brake modellek egyszerre ker\u00fcltek gy\u00e1rt\u00f3sorra, amelyekb\u0151l mindegyik S-verzi\u00f3k\u00e9nt is kaphat\u00f3 lesz. Mindh\u00e1rom Mercedes-AMG Performance modell kiz\u00e1r\u00f3lag Kecskem\u00e9ten k\u00e9sz\u00fcl, \u00e9s az els\u0151 aut\u00f3k mindegyike a k\u00fcl\u00f6nben csak opcion\u00e1lisan el\u00e9rhet\u0151 AMG aerodinamikai- csomaggal lett felszerelve. Mivel az els\u0151 legy\u00e1rtott aut\u00f3k Lengyelorsz\u00e1gba ker\u00fclnek, a lengyel nemzeti z\u00e1szl\u00f3 sz\u00edneiben pomp\u00e1znak: \u201esarki feh\u00e9r\u201d, \u201ejupiterv\u00f6r\u00f6s\u201d, valamint \u201ematt sziklasz\u00fcrke\u201c f\u00e9nyez\u00e9st kaptak.\u00a0<\/strong><!--more--><\/p>\n<div class=\"ads-in-post1\"><div id=\"gazdasagportal.hu_fullbanner_wideboard\"><\/div>\r\n<\/div>\n<p>\u00c9s amilyen k\u00fcl\u00f6nlegesek az \u00faj AMG-Performance-aut\u00f3k, olyan egyed\u00fcl\u00e1ll\u00f3 a kecskem\u00e9ti csapat is, amely a gy\u00e1rt\u00e1sukban r\u00e9szt vesz. \u201eMinden \u00faj sz\u00e9ria indul\u00e1sa komoly el\u0151k\u00e9sz\u00fcletet ig\u00e9nyel. Most, az AMG t\u00edpusok eset\u00e9ben sem volt ez m\u00e1sk\u00e9nt. Az el\u0151k\u00e9sz\u00fcletek a kecskem\u00e9ti gy\u00e1rban m\u00e1r 2018-ban megkezd\u0151dtek, szorosan egy\u00fcttm\u0171k\u00f6dve az AMG-vel, az\u00e9rt, hogy m\u00e1r a gy\u00e1rt\u00f3szalagr\u00f3l els\u0151k\u00e9nt legurul\u00f3 AMG-modellek is a megszokott Mercedes-Benz cs\u00facsmin\u0151s\u00e9gben k\u00e9sz\u00fcljenek\u201d \u2013 mondta Christian Wolff gy\u00e1rigazgat\u00f3.<\/p>\n<p>A Mercedes-Benz Manufacturing Hungary Kft. gy\u00e1rt\u00e1sban r\u00e9sztvev\u0151 munkat\u00e1rsait h\u00f3napokon kereszt\u00fcl k\u00e9pezt\u00e9k az AMG-modellekn\u00e9l alkalmazott egyedi munkafolyamatokra, az \u00f6sszeszerel\u0151 \u00fczemben tal\u00e1lhat\u00f3 tanul\u00f3szigeteken.<\/p><div id=\"gazda-2486338670\" class=\"gazda-tartalomban gazda-entity-placement\"><script async src=\"https:\/\/pagead2.googlesyndication.com\/pagead\/js\/adsbygoogle.js\"><\/script>\r\n<ins class=\"adsbygoogle\"\r\n     style=\"display:block\"\r\n     data-ad-format=\"fluid\"\r\n     data-ad-layout-key=\"-6t+ed+2i-1n-4w\"\r\n     data-ad-client=\"ca-pub-1959107119989764\"\r\n     data-ad-slot=\"4008251320\"><\/ins>\r\n<script>\r\n     (adsbygoogle = window.adsbygoogle || []).push({});\r\n<\/script><\/div>\n<p>Az AMG-modellek k\u00fcl\u00f6nleges form\u00e1j\u00fa karossz\u00e9ri\u00e1j\u00e1nak \u2013 mint p\u00e9ld\u00e1ul a sz\u00e9lesebb els\u0151 s\u00e1rv\u00e9d\u0151 \u2013 el\u0151\u00e1ll\u00edt\u00e1sa \u00e9s felszerel\u00e9se kimondottan nagy szakmai hozz\u00e1\u00e9rt\u00e9st ig\u00e9nyel, mind a pr\u00e9s\u00fczemben, mind a karossz\u00e9ria\u00fczemben. A fel\u00fcletkezel\u0151 \u00fczemben pedig egy \u00faj, innovat\u00edv f\u00e9nyez\u0151rendszer tov\u00e1bbi, k\u00fcl\u00f6nleges sz\u00ednek alkalmaz\u00e1s\u00e1ra biztos\u00edt lehet\u0151s\u00e9get. Mindez teljesen \u00faj kih\u00edv\u00e1st jelent a munkat\u00e1rsak sz\u00e1m\u00e1ra, ugyanis sz\u00e1mos \u00faj, k\u00fcl\u00f6nleges alkatr\u00e9sz is helyet kapott ezeken a modelleken.<\/p>\n<p>A Mercedes-AMG modellek \u00f6ssz\u00e9rt\u00e9kes\u00edt\u00e9se haz\u00e1nkban 2019 els\u0151 f\u00e9l\u00e9v\u00e9ben t\u00f6bb mint dupl\u00e1j\u00e1ra n\u0151tt 2018 azonos id\u0151szak\u00e1hoz k\u00e9pest. Ebben szerepet j\u00e1tszott az is, hogy az \u00e9rdekl\u0151d\u0151ket m\u00e1r k\u00e9t hazai Mercedes-AMG Performance Center v\u00e1rja, ahol speci\u00e1lisan k\u00e9pzett, dedik\u00e1lt \u00e9rt\u00e9kes\u00edt\u0151k szakmai tan\u00e1csai seg\u00edtenek a megfelel\u0151 modell kiv\u00e1laszt\u00e1s\u00e1ban.<\/p>\n<div class=\"ads-in-post2\"><script async src=\"https:\/\/pagead2.googlesyndication.com\/pagead\/js\/adsbygoogle.js\"><\/script>\r\n<ins class=\"adsbygoogle\"\r\n     style=\"display:block\"\r\n     data-ad-format=\"fluid\"\r\n     data-ad-layout-key=\"-6t+ed+2i-1n-4w\"\r\n     data-ad-client=\"ca-pub-1959107119989764\"\r\n     data-ad-slot=\"4008251320\"><\/ins>\r\n<script>\r\n     (adsbygoogle = window.adsbygoogle || []).push({});\r\n<\/script><\/div>\n<strong>M\u00e9g hangs\u00falyosabb AMG formajegyek, magasabb kateg\u00f3ri\u00e1kat id\u00e9z\u0151 teljes\u00edtm\u00e9ny<\/strong><\/p>\n<p>Leny\u0171g\u00f6z\u0151 teljes\u00edtm\u00e9ny, egyed\u00fcl\u00e1ll\u00f3 menetdinamika, kifejez\u0151 megjelen\u00e9s jellemzi a Mercedes-AMG vadonat\u00faj A 45 4MATIC+ \u00e9s A 45 S 4MATIC+, a CLA 45 4MATIC+ Coup\u00e9 \u00e9s CLA 45 S 4MATIC+ Coup\u00e9, illetve a CLA 45 4MATIC+ Shooting Brake \u00e9s a CLA 45 S 4MATIC+ Shooting Brake kompakt sportmodelljeit.<\/p>\n<p>Az \u00faj Mercedes-AMG csal\u00e1d tagjai mostant\u00f3l m\u00e9g hangs\u00falyosabb megjelen\u00e9ssel b\u00fcszk\u00e9lkedhetnek; sportos vonalvezet\u00e9s\u00fck m\u00e1r \u00e1ll\u00f3 helyzetben is dinamikus vezet\u00e9si \u00e9lm\u00e9nyt \u00edg\u00e9r. A kompakt AMG modellek t\u00f6rt\u00e9net\u00fck sor\u00e1n el\u0151sz\u00f6r kapt\u00e1k meg a jellegzetes AMG h\u0171t\u0151r\u00e1csot, ami k\u00fcl\u00f6n\u00f6sen agressz\u00edv fell\u00e9p\u00e9st k\u00f6lcs\u00f6n\u00f6z nekik. E\u00a0sportos aut\u00f3k\u00a0sz\u00edve-lelke az \u00fajonnan fejlesztett 2,0 literes turb\u00f3motor, amely a 285 kW (387 l\u00f3er\u0151s), illetve\u00a0S-verzi\u00f3k\u00e9nt 310 kW-os,\u00a0(421 l\u00f3er\u0151s) teljes\u00edtm\u00e9ny\u00e9vel a leger\u0151sebb nagysz\u00e9ri\u00e1s n\u00e9gyhengeres hajt\u00f3m\u0171 a vil\u00e1gon. Ez az egyed\u00fcl\u00e1ll\u00f3 motor k\u00f6lcs\u00f6nzi a\u00a0h\u00e1rom kompakt sportaut\u00f3nak a\u00a0jellemz\u0151en er\u0151teljes, m\u00e1r motorind\u00edt\u00e1skor egy\u00e9rtelm\u0171 AMG-hangj\u00e1t. Az el\u0151z\u0151 n\u00e9gyhengeres AMG er\u0151forr\u00e1s teljes\u00edtm\u00e9nye is leny\u0171g\u00f6z\u0151 volt, de az AMG m\u00e9rn\u00f6keinek ezt tov\u00e1bbi 40 l\u00f3er\u0151vel siker\u00fclt t\u00falsz\u00e1rnyalniuk, mik\u00f6zben a maxim\u00e1lis forgat\u00f3nyomat\u00e9k 475-r\u0151l 500 Nm-re emelkedett \u2013 de m\u00e1r a 387 l\u00f3er\u0151t \u00e9s 480 Nm-t leadni k\u00e9pes alapkivitel is fel\u00fclm\u00falja a kor\u00e1bbi AMG 2.0 n\u00e9gyhengeres motor tud\u00e1s\u00e1t.<\/p>\n<p>A 421 l\u00f3er\u0151s S-kivitelek a gyorsul\u00e1s tekintet\u00e9ben is rekordid\u0151re k\u00e9pesek: \u00e1ll\u00f3 helyzetb\u0151l 100 km\/h sebess\u00e9gre az A 45 S 4MATIC+ 3,9, m\u00edg a CLA 45 S 4MATIC+ \u00e9s a CLA 45 S 4MATIC+ Shooting Brake 4 m\u00e1sodperc alatt k\u00e9pes felgyorsulni. A cs\u00facssebess\u00e9get az alapmodellekn\u00e9l 250, az S-v\u00e1ltozatokn\u00e1l 270 km\/h-ra korl\u00e1tozza az elektronika. Az opcion\u00e1lis AMG Driver\u2019s csomag megrendel\u00e9s\u00e9vel az alapkivitelekn\u00e9l is megemelhet\u0151 a cs\u00facssebess\u00e9g 270 km\/h-ra.<\/p>\n<p>A kiv\u00e1l\u00f3 min\u0151s\u00e9g\u0171, modern kialak\u00edt\u00e1s\u00fa bels\u0151 t\u00e9r sportos elemeivel, magas felszerelts\u00e9g\u00e9vel, illetve az intuit\u00edv MBUX multim\u00e9di\u00e1s rendszer r\u00e9v\u00e9n szoros kapcsolatot teremt az ember \u00e9s a g\u00e9p k\u00f6z\u00f6tt.<\/p>\n<p>A vegyes <strong>fogyaszt\u00e1si adat<\/strong> az NEDC m\u00e9r\u00e9si ciklusra vet\u00edtve az A 45 4MATIC+ \/ A 45 S 4MATIC+ modellek eset\u00e9ben 8,4-8,3 l\/100 km (vegyes CO2-kibocs\u00e1t\u00e1s: 192-189 g\/km). A CLA 45 4MATIC+ \/ CLA 45 S 4MATIC+ Coup\u00e9 modelln\u00e9l 8,3-8,21 l\/100 km a vegyes fogyaszt\u00e1si adat (vegyes CO2-kibocs\u00e1t\u00e1s: 189-185 g\/km), m\u00edg a CLA 45 4MATIC+ Shooting Brake \/ CLA 45 S 4MATIC+ Shooting Brake modellek eset\u00e9ben 8,4-8,2 l\/100 km a vegyes fogyaszt\u00e1si adat (vegyes CO2-kibocs\u00e1t\u00e1s:191-188 g\/km).<\/p>\n","protected":false},"excerpt":{"rendered":"<p>A Mercedes-Benz kecskem\u00e9ti gy\u00e1r\u00e1ban id\u00e9n harmadszor indult el sikeres sorozatgy\u00e1rt\u00e1s: a CLA Coup\u00e9 \u00e9s a CLA Shooting Brake ut\u00e1n most az els\u0151 Mercedes-AMG Performance modellek g\u00f6rd\u00fcltek le a gy\u00e1rt\u00f3szalagr\u00f3l.\u00a0 A Mercedes-AMG A 45 4MATIC+, a Mercedes-AMG CLA 45 4MATIC+ Coup\u00e9 \u00e9s a Mercedes-AMG CLA 45 4MATIC+ Shooting Brake modellek egyszerre ker\u00fcltek gy\u00e1rt\u00f3sorra, amelyekb\u0151l mindegyik S-verzi\u00f3k\u00e9nt &#8230;<\/p>\n","protected":false},"author":1,"featured_media":0,"comment_status":"closed","ping_status":"open","sticky":false,"template":"","format":"standard","meta":[],"categories":[4,19],"tags":[],"_links":{"self":[{"href":"https:\/\/gazdasagportal.hu\/index.php\/wp-json\/wp\/v2\/posts\/120350"}],"collection":[{"href":"https:\/\/gazdasagportal.hu\/index.php\/wp-json\/wp\/v2\/posts"}],"about":[{"href":"https:\/\/gazdasagportal.hu\/index.php\/wp-json\/wp\/v2\/types\/post"}],"author":[{"embeddable":true,"href":"https:\/\/gazdasagportal.hu\/index.php\/wp-json\/wp\/v2\/users\/1"}],"replies":[{"embeddable":true,"href":"https:\/\/gazdasagportal.hu\/index.php\/wp-json\/wp\/v2\/comments?post=120350"}],"version-history":[{"count":1,"href":"https:\/\/gazdasagportal.hu\/index.php\/wp-json\/wp\/v2\/posts\/120350\/revisions"}],"predecessor-version":[{"id":120351,"href":"https:\/\/gazdasagportal.hu\/index.php\/wp-json\/wp\/v2\/posts\/120350\/revisions\/120351"}],"wp:attachment":[{"href":"https:\/\/gazdasagportal.hu\/index.php\/wp-json\/wp\/v2\/media?parent=120350"}],"wp:term":[{"taxonomy":"category","embeddable":true,"href":"https:\/\/gazdasagportal.hu\/index.php\/wp-json\/wp\/v2\/categories?post=120350"},{"taxonomy":"post_tag","embeddable":true,"href":"https:\/\/gazdasagportal.hu\/index.php\/wp-json\/wp\/v2\/tags?post=120350"}],"curies":[{"name":"wp","href":"https:\/\/api.w.org\/{rel}","templated":true}]}}