{"id":120326,"date":"2019-10-10T15:02:54","date_gmt":"2019-10-10T13:02:54","guid":{"rendered":"http:\/\/gazdasagportal.hu\/?p=120326"},"modified":"2019-10-10T15:02:54","modified_gmt":"2019-10-10T13:02:54","slug":"ep-a-tagallamoknak-surgosen-meg-kell-allapodniuk-az-unio-kovetkezo-koltsegveteserol","status":"publish","type":"post","link":"https:\/\/gazdasagportal.hu\/index.php\/ep-a-tagallamoknak-surgosen-meg-kell-allapodniuk-az-unio-kovetkezo-koltsegveteserol\/","title":{"rendered":"EP: a tag\u00e1llamoknak s\u00fcrg\u0151sen meg kell \u00e1llapodniuk az uni\u00f3 k\u00f6vetkez\u0151 k\u00f6lts\u00e9gvet\u00e9s\u00e9r\u0151l"},"content":{"rendered":"<p><strong>Az Eur\u00f3pai Uni\u00f3 tag\u00e1llamainak a lehet\u0151 leghamarabb k\u00f6z\u00f6s \u00e1ll\u00e1spontra kell jutniuk az uni\u00f3 2020 ut\u00e1ni, hossz\u00fa t\u00e1v\u00fa k\u00f6lts\u00e9gvet\u00e9s\u00e9r\u0151l, annak k\u00e9sedelmes elfogad\u00e1sa miatt zavar keletkezhet a 2021-es uni\u00f3s programok finansz\u00edroz\u00e1s\u00e1ban &#8211; sz\u00f6gezt\u00e9k le az Eur\u00f3pai Parlament (EP) k\u00e9pvisel\u0151i cs\u00fct\u00f6rt\u00f6k\u00f6n, k\u00e9tnapos br\u00fcsszeli plen\u00e1ris \u00fcl\u00e9s\u00fck\u00f6n.<\/strong><!--more--><\/p>\n<div class=\"ads-in-post1\"><div id=\"gazdasagportal.hu_fullbanner_wideboard\"><\/div>\r\n<\/div>\n<p>    A 426 t\u00e1mogat\u00f3, 163 ellenszavazat \u00e9s 67 tart\u00f3zkod\u00e1s mellett elfogadott \u00e1ll\u00e1sfoglal\u00e1sban a k\u00e9pvisel\u0151k v\u00e9szforgat\u00f3k\u00f6nyv k\u00e9sz\u00edt\u00e9s\u00e9re k\u00e9rt\u00e9k fel az Eur\u00f3pai Bizotts\u00e1got, mert egy\u00e9rtelm\u0171 kock\u00e1zat\u00e1t l\u00e1tj\u00e1k annak, hogy az Eur\u00f3pai Uni\u00f3 Tan\u00e1cs\u00e1val tartand\u00f3 t\u00e1rgyal\u00e1sok nem z\u00e1rulnak le 2020 v\u00e9g\u00e9ig.<br \/>\n    A k\u00e9pvisel\u0151k \u00e1ll\u00e1sfoglal\u00e1sukban meger\u0151s\u00edtett\u00e9k a k\u00f6vetkez\u0151 uni\u00f3s keretk\u00f6lts\u00e9gvet\u00e9sr\u0151l az el\u0151z\u0151 parlamenti ciklusban elfogadott parlamenti \u00e1ll\u00e1spontot. Noha a tan\u00e1cs\u00e1nak m\u00e9g nem siker\u00fclt kialak\u00edtania \u00e1ll\u00e1spontj\u00e1t a k\u00e9rd\u00e9sben, az Eur\u00f3pai Parlament 2018 novembere \u00f3ta k\u00e9szen \u00e1ll a t\u00e1rgyal\u00e1sokra &#8211; h\u00fazt\u00e1k al\u00e1.<br \/>\n    Az \u00e9ghajlatv\u00e1ltoz\u00e1s \u00fcgy\u00e9t kiemelve azt hangs\u00falyozt\u00e1k, hogy a p\u00e1rizsi kl\u00edmac\u00e9lok el\u00e9r\u00e9se \u00e9rdek\u00e9ben &#8222;a politikai \u00e9s p\u00e9nz\u00fcgyi er\u0151fesz\u00edt\u00e9sek ter\u00e9n s\u00fcrg\u0151sen \u00fajabb ugr\u00e1sszer\u0171 v\u00e1ltoz\u00e1sra van sz\u00fcks\u00e9g&#8221;, amelyet &#8222;az uni\u00f3s k\u00f6lts\u00e9gvet\u00e9snek t\u00fckr\u00f6znie kell&#8221;.<br \/>\n<div class=\"ads-in-post2\"><script async src=\"https:\/\/pagead2.googlesyndication.com\/pagead\/js\/adsbygoogle.js\"><\/script>\r\n<ins class=\"adsbygoogle\"\r\n     style=\"display:block\"\r\n     data-ad-format=\"fluid\"\r\n     data-ad-layout-key=\"-6t+ed+2i-1n-4w\"\r\n     data-ad-client=\"ca-pub-1959107119989764\"\r\n     data-ad-slot=\"4008251320\"><\/ins>\r\n<script>\r\n     (adsbygoogle = window.adsbygoogle || []).push({});\r\n<\/script><\/div>\n    Deutsch Tam\u00e1s fideszes eur\u00f3pai parlamenti k\u00e9pvisel\u0151 az MTI-hez eljuttatott k\u00f6zlem\u00e9ny\u00e9ben kijelentette: jelenlegi form\u00e1j\u00e1ban elfogadhatatlan a 2021-2027 k\u00f6z\u00f6tti p\u00e9nz\u00fcgyi keretterv javaslata.<br \/>\n    Azt hangs\u00falyozta, hogy az Eur\u00f3pai Bizotts\u00e1g tervezete kett\u0151s m\u00e9rc\u00e9t alkalmaz, r\u00e1ad\u00e1sul jelent\u0151sen cs\u00f6kkenten\u00e9 a region\u00e1lis fejleszt\u00e9si \u00e9s az agr\u00e1rforr\u00e1sokat is. A magyar korm\u00e1ny sz\u00e1m\u00e1ra elfogadhatatlan, hogy a magyarorsz\u00e1gi r\u00e9gi\u00f3k 24 sz\u00e1zal\u00e9kos forr\u00e1sveszt\u00e9st szenvedjenek el, ahogy elfogadhatatlan a Magyarorsz\u00e1g eset\u00e9ben javasolt 16,4 sz\u00e1zal\u00e9kos v\u00e1g\u00e1s a k\u00f6zvetlen kifizet\u00e9sek, valamint a 26,6 sz\u00e1zal\u00e9kos forr\u00e1sveszt\u00e9s a vid\u00e9kfejleszt\u00e9si t\u00e1mogat\u00e1sok ter\u00e9n a k\u00f6z\u00f6s uni\u00f3s agr\u00e1rpolitik\u00e1ban is.<br \/>\n    &#8222;Elutas\u00edtjuk a k\u00f6z\u00f6ss\u00e9gi forr\u00e1sok szubjekt\u00edv, politikai b\u00fcntet\u00e9sk\u00e9nt alkalmazhat\u00f3, \u00fagynevezett jog\u00e1llamis\u00e1gi felt\u00e9telekhez k\u00f6t\u00e9s\u00e9t, a gazdas\u00e1gilag, munkahelyteremt\u00e9s szempontj\u00e1b\u00f3l j\u00f3l teljes\u00edt\u0151 r\u00e9gi\u00f3k politikai v\u00e1dak alapj\u00e1n t\u00f6rt\u00e9n\u0151 b\u00fcntet\u00e9s\u00e9t&#8221; &#8211; fogalmazott a k\u00e9pvisel\u0151.<br \/>\n    Az uni\u00f3s fejleszt\u00e9si p\u00e9nzek nem k\u00f6ny\u00f6radom\u00e1nyok. A magyar r\u00e9gi\u00f3k objekt\u00edv felt\u00e9telek alapj\u00e1n jogosultak ezekre a forr\u00e1sokra. Egy uni\u00f3s int\u00e9zm\u00e9ny sz\u00e1m\u00e1ra sem megengedhet\u0151, hogy a politikai nyom\u00e1sgyakorl\u00e1s eszk\u00f6zek\u00e9nt tekintsen a fejleszt\u00e9si forr\u00e1sokra &#8211; emelte ki.<br \/>\n    Szavai szerint az uni\u00f3s tervek t\u00fckr\u00e9ben, amelyek h\u00e1tr\u00e1nyos helyzetbe hozn\u00e1k a magyar r\u00e9gi\u00f3kat, k\u00fcl\u00f6n\u00f6sen szomor\u00fa a magyar ellenz\u00e9k arra vonatkoz\u00f3 pr\u00f3b\u00e1lkoz\u00e1sa, hogy a j\u00f6v\u0151ben ne Magyarorsz\u00e1gon d\u00f6ntsenek arr\u00f3l, hova jutnak az uni\u00f3s fejleszt\u00e9si p\u00e9nzek. &#8222;Egyed\u00fcl a magyarorsz\u00e1gi ellenz\u00e9k az, amely minden er\u0151t \u00e9s energi\u00e1t arra ford\u00edt, hogy min\u00e9l kevesebb p\u00e9nzt kapjon Magyarorsz\u00e1g \u00e9s a magyar emberek. \u00c9letvesz\u00e9lyes, Magyarorsz\u00e1g ellen ny\u00edlt t\u00e1mad\u00e1st jelent\u0151 elk\u00e9pzel\u00e9s ez, melynek \u00e9rtelm\u00e9ben elveszik a Magyarorsz\u00e1gnak j\u00e1r\u00f3 fejleszt\u00e9si p\u00e9nzeket&#8221; &#8211; tette hozz\u00e1 Deutsch Tam\u00e1s.(MTI)<\/p>\n","protected":false},"excerpt":{"rendered":"<p>Az Eur\u00f3pai Uni\u00f3 tag\u00e1llamainak a lehet\u0151 leghamarabb k\u00f6z\u00f6s \u00e1ll\u00e1spontra kell jutniuk az uni\u00f3 2020 ut\u00e1ni, hossz\u00fa t\u00e1v\u00fa k\u00f6lts\u00e9gvet\u00e9s\u00e9r\u0151l, annak k\u00e9sedelmes elfogad\u00e1sa miatt zavar keletkezhet a 2021-es uni\u00f3s programok finansz\u00edroz\u00e1s\u00e1ban &#8211; sz\u00f6gezt\u00e9k le az Eur\u00f3pai Parlament (EP) k\u00e9pvisel\u0151i cs\u00fct\u00f6rt\u00f6k\u00f6n, k\u00e9tnapos br\u00fcsszeli plen\u00e1ris \u00fcl\u00e9s\u00fck\u00f6n.<\/p>\n","protected":false},"author":1,"featured_media":0,"comment_status":"closed","ping_status":"open","sticky":false,"template":"","format":"standard","meta":[],"categories":[12,246],"tags":[],"_links":{"self":[{"href":"https:\/\/gazdasagportal.hu\/index.php\/wp-json\/wp\/v2\/posts\/120326"}],"collection":[{"href":"https:\/\/gazdasagportal.hu\/index.php\/wp-json\/wp\/v2\/posts"}],"about":[{"href":"https:\/\/gazdasagportal.hu\/index.php\/wp-json\/wp\/v2\/types\/post"}],"author":[{"embeddable":true,"href":"https:\/\/gazdasagportal.hu\/index.php\/wp-json\/wp\/v2\/users\/1"}],"replies":[{"embeddable":true,"href":"https:\/\/gazdasagportal.hu\/index.php\/wp-json\/wp\/v2\/comments?post=120326"}],"version-history":[{"count":1,"href":"https:\/\/gazdasagportal.hu\/index.php\/wp-json\/wp\/v2\/posts\/120326\/revisions"}],"predecessor-version":[{"id":120327,"href":"https:\/\/gazdasagportal.hu\/index.php\/wp-json\/wp\/v2\/posts\/120326\/revisions\/120327"}],"wp:attachment":[{"href":"https:\/\/gazdasagportal.hu\/index.php\/wp-json\/wp\/v2\/media?parent=120326"}],"wp:term":[{"taxonomy":"category","embeddable":true,"href":"https:\/\/gazdasagportal.hu\/index.php\/wp-json\/wp\/v2\/categories?post=120326"},{"taxonomy":"post_tag","embeddable":true,"href":"https:\/\/gazdasagportal.hu\/index.php\/wp-json\/wp\/v2\/tags?post=120326"}],"curies":[{"name":"wp","href":"https:\/\/api.w.org\/{rel}","templated":true}]}}