{"id":120267,"date":"2019-10-08T16:33:17","date_gmt":"2019-10-08T14:33:17","guid":{"rendered":"http:\/\/gazdasagportal.hu\/?p=120267"},"modified":"2019-10-08T15:14:36","modified_gmt":"2019-10-08T13:14:36","slug":"szeptemberben-csokkentek-a-termeloi-arak-az-egyesult-allamokban","status":"publish","type":"post","link":"https:\/\/gazdasagportal.hu\/index.php\/szeptemberben-csokkentek-a-termeloi-arak-az-egyesult-allamokban\/","title":{"rendered":"Szeptemberben cs\u00f6kkentek a termel\u0151i \u00e1rak az Egyes\u00fclt \u00c1llamokban"},"content":{"rendered":"<p><strong>A v\u00e1rt n\u00f6veked\u00e9s helyett nyolc h\u00f3napja a legnagyobb m\u00e9rt\u00e9kben cs\u00f6kkentek havi b\u00e1zison szeptemberben a termel\u0151i \u00e1rak az Egyes\u00fclt \u00c1llamokban a washingtoni munka\u00fcgyi miniszt\u00e9rium statisztikai int\u00e9zete, a Bureau of Labor Statistics kedden publik\u00e1lt jelent\u00e9se alapj\u00e1n.<\/strong><!--more--><\/p>\n<div class=\"ads-in-post1\"><div id=\"gazdasagportal.hu_fullbanner_wideboard\"><\/div>\r\n<\/div>\n<p>A termel\u0151i \u00e1rak szezon\u00e1lis kiigaz\u00edt\u00e1ssal 0,3 sz\u00e1zal\u00e9kkal cs\u00f6kkentek szeptemberben az el\u0151z\u0151 havihoz k\u00e9pest az augusztusi 0,1 sz\u00e1zal\u00e9kos \u00e9s j\u00faliusi 0,2 sz\u00e1zal\u00e9kos havi n\u00f6veked\u00e9s ut\u00e1n. Elemz\u0151k 0,1 sz\u00e1zal\u00e9kos havi \u00e1remelked\u00e9st v\u00e1rtak szeptemberre.<br \/>\nA termel\u0151i \u00e1rak szeptemberben nyolc h\u00f3napja, az id\u00e9n janu\u00e1r \u00f3ta a legnagyobb m\u00e9rt\u00e9kben cs\u00f6kkentek havi b\u00e1zison.<br \/>\nEnergia \u00e9s \u00e9lelmiszer\u00e1rak n\u00e9lk\u00fcl (maginfl\u00e1ci\u00f3) a termel\u0151i \u00e1rak szint\u00e9n 0,3 sz\u00e1zal\u00e9kkal cs\u00f6kkentek a v\u00e1rt 0,2 sz\u00e1zal\u00e9kos n\u00f6veked\u00e9s helyett. Augusztusban 0,3 sz\u00e1zal\u00e9k volt a havi maginfl\u00e1ci\u00f3.<br \/>\n<div class=\"ads-in-post2\"><script async src=\"https:\/\/pagead2.googlesyndication.com\/pagead\/js\/adsbygoogle.js\"><\/script>\r\n<ins class=\"adsbygoogle\"\r\n     style=\"display:block\"\r\n     data-ad-format=\"fluid\"\r\n     data-ad-layout-key=\"-6t+ed+2i-1n-4w\"\r\n     data-ad-client=\"ca-pub-1959107119989764\"\r\n     data-ad-slot=\"4008251320\"><\/ins>\r\n<script>\r\n     (adsbygoogle = window.adsbygoogle || []).push({});\r\n<\/script><\/div>\nAz egy \u00e9vvel kor\u00e1bbihoz k\u00e9pest szeptemberben 1,4 sz\u00e1zal\u00e9kkal n\u0151ttek a termel\u0151i \u00e1rak, kev\u00e9sb\u00e9 az augusztusi 1,8 sz\u00e1zal\u00e9kkal megegyez\u0151 piaci v\u00e1rakoz\u00e1sokn\u00e1l. A szeptemberi 1,4 sz\u00e1zal\u00e9kos \u00e9ves \u00e1remelked\u00e9s 2016 novembere \u00f3ta a legkisebb.<br \/>\nEnergia- \u00e9s \u00e9lelmiszer\u00e1rak n\u00e9lk\u00fcl a termel\u0151i \u00e1rak 2,0 sz\u00e1zal\u00e9kkal emelkedtek, kev\u00e9sb\u00e9 az el\u0151z\u0151 havi 2,3 sz\u00e1zal\u00e9kkal megegyez\u0151 v\u00e1rakoz\u00e1sokn\u00e1l.<br \/>\n<a title=\"Hely megnyit\u00e1sa\" href=\"https:\/\/www.bls.gov\/news.release\/ppi.nr0.htm\" target=\"_blank\" rel=\"noopener noreferrer\">https:\/\/www.bls.gov\/news.release\/ppi.nr0.htm<\/a><\/p>\n<p>&nbsp;<br \/>\n(MTI)<\/p><div id=\"gazda-1305875035\" class=\"gazda-tartalomban gazda-entity-placement\"><script async src=\"https:\/\/pagead2.googlesyndication.com\/pagead\/js\/adsbygoogle.js\"><\/script>\r\n<ins class=\"adsbygoogle\"\r\n     style=\"display:block\"\r\n     data-ad-format=\"fluid\"\r\n     data-ad-layout-key=\"-6t+ed+2i-1n-4w\"\r\n     data-ad-client=\"ca-pub-1959107119989764\"\r\n     data-ad-slot=\"4008251320\"><\/ins>\r\n<script>\r\n     (adsbygoogle = window.adsbygoogle || []).push({});\r\n<\/script><\/div>\n","protected":false},"excerpt":{"rendered":"<p>A v\u00e1rt n\u00f6veked\u00e9s helyett nyolc h\u00f3napja a legnagyobb m\u00e9rt\u00e9kben cs\u00f6kkentek havi b\u00e1zison szeptemberben a termel\u0151i \u00e1rak az Egyes\u00fclt \u00c1llamokban a washingtoni munka\u00fcgyi miniszt\u00e9rium statisztikai int\u00e9zete, a Bureau of Labor Statistics kedden publik\u00e1lt jelent\u00e9se alapj\u00e1n.<\/p>\n","protected":false},"author":1,"featured_media":0,"comment_status":"closed","ping_status":"open","sticky":false,"template":"","format":"standard","meta":[],"categories":[246],"tags":[],"_links":{"self":[{"href":"https:\/\/gazdasagportal.hu\/index.php\/wp-json\/wp\/v2\/posts\/120267"}],"collection":[{"href":"https:\/\/gazdasagportal.hu\/index.php\/wp-json\/wp\/v2\/posts"}],"about":[{"href":"https:\/\/gazdasagportal.hu\/index.php\/wp-json\/wp\/v2\/types\/post"}],"author":[{"embeddable":true,"href":"https:\/\/gazdasagportal.hu\/index.php\/wp-json\/wp\/v2\/users\/1"}],"replies":[{"embeddable":true,"href":"https:\/\/gazdasagportal.hu\/index.php\/wp-json\/wp\/v2\/comments?post=120267"}],"version-history":[{"count":1,"href":"https:\/\/gazdasagportal.hu\/index.php\/wp-json\/wp\/v2\/posts\/120267\/revisions"}],"predecessor-version":[{"id":120268,"href":"https:\/\/gazdasagportal.hu\/index.php\/wp-json\/wp\/v2\/posts\/120267\/revisions\/120268"}],"wp:attachment":[{"href":"https:\/\/gazdasagportal.hu\/index.php\/wp-json\/wp\/v2\/media?parent=120267"}],"wp:term":[{"taxonomy":"category","embeddable":true,"href":"https:\/\/gazdasagportal.hu\/index.php\/wp-json\/wp\/v2\/categories?post=120267"},{"taxonomy":"post_tag","embeddable":true,"href":"https:\/\/gazdasagportal.hu\/index.php\/wp-json\/wp\/v2\/tags?post=120267"}],"curies":[{"name":"wp","href":"https:\/\/api.w.org\/{rel}","templated":true}]}}