{"id":120259,"date":"2019-10-08T15:31:31","date_gmt":"2019-10-08T13:31:31","guid":{"rendered":"http:\/\/gazdasagportal.hu\/?p=120259"},"modified":"2019-10-08T15:02:39","modified_gmt":"2019-10-08T13:02:39","slug":"atadtak-a-szombathely-arvizvedelmet-szolgalo-dozmati-viztarozot","status":"publish","type":"post","link":"https:\/\/gazdasagportal.hu\/index.php\/atadtak-a-szombathely-arvizvedelmet-szolgalo-dozmati-viztarozot\/","title":{"rendered":"\u00c1tadt\u00e1k a Szombathely \u00e1rv\u00edzv\u00e9delm\u00e9t szolg\u00e1l\u00f3 dozmati v\u00edzt\u00e1roz\u00f3t"},"content":{"rendered":"<p><strong>\u00c1tadt\u00e1k a Szombathely \u00e9s t\u00f6bb k\u00f6rnyez\u0151 telep\u00fcl\u00e9s \u00e1rv\u00edzv\u00e9delm\u00e9t szolg\u00e1l\u00f3 dozmati \u00e1rv\u00edzv\u00e9delmi t\u00e1roz\u00f3t kedden, a l\u00e9tes\u00edtm\u00e9ny t\u00f6bb mint k\u00e9tmilli\u00e1rd forint korm\u00e1nyzati t\u00e1mogat\u00e1ssal \u00e9p\u00fclt meg.<\/strong><!--more--><\/p>\n<div class=\"ads-in-post1\"><div id=\"gazdasagportal.hu_fullbanner_wideboard\"><\/div>\r\n<\/div>\n<p>    Schweickhardt Gyula, az Innov\u00e1ci\u00f3s \u00e9s Technol\u00f3giai Miniszt\u00e9rium (ITM) k\u00f6rnyezeti \u00e9s energiahat\u00e9konys\u00e1gi operat\u00edv programok\u00e9rt felel\u0151s helyettes \u00e1llamtitk\u00e1ra az esem\u00e9nyen \u00fagy fogalmazott: a v\u00edz\u00fcgyi szakemberek r\u00e9g\u00f3ta s\u00fcrgett\u00e9k a beruh\u00e1z\u00e1st, amellyel most teljess\u00e9 v\u00e1lt a vasi megyesz\u00e9khely \u00e9s t\u00f6bb k\u00f6rnyez\u0151 telep\u00fcl\u00e9s v\u00e9delme.<br \/>\n    Sz\u00f3lt arr\u00f3l, hogy az 1332 milli\u00e1rd forintos k\u00f6rnyezeti \u00e9s energiahat\u00e9konys\u00e1gi programb\u00f3l 382 milli\u00e1rdot ford\u00edtanak olyan \u00e1rv\u00edzv\u00e9delmi l\u00e9tes\u00edtm\u00e9nyekre, amelyek a lakoss\u00e1g biztons\u00e1g\u00e1t szolg\u00e1lj\u00e1k.<br \/>\n    Hozz\u00e1f\u0171zte: jelenleg 106 olyan projekt van az orsz\u00e1gban, amely ezt a c\u00e9lt szolg\u00e1lja, ezek k\u00f6z\u00fcl 26 m\u00e1r elk\u00e9sz\u00fclt.<br \/>\n    L\u00e1ng Istv\u00e1n, az Orsz\u00e1gos V\u00edz\u00fcgyi F\u0151igazgat\u00f3s\u00e1g vezet\u0151je azt emelte ki: Magyarorsz\u00e1gon a kl\u00edmav\u00e1ltoz\u00e1s k\u00f6vetkezt\u00e9ben rendk\u00edv\u00fcli m\u00e9rt\u00e9kben n\u0151tt a csapad\u00e9k intenzit\u00e1sa, ez\u00e9rt sz\u00fcks\u00e9g lesz a dozmatihoz hasonl\u00f3 t\u00e1roz\u00f3kra.<br \/>\n    Hende Csaba, az Orsz\u00e1ggy\u0171l\u00e9s aleln\u00f6ke, a t\u00e9rs\u00e9g fideszes orsz\u00e1ggy\u0171l\u00e9si k\u00e9pvisel\u0151je kifejtette: a biztons\u00e1g er\u0151s\u00edt\u00e9se mellett a beruh\u00e1z\u00e1s ahhoz is hozz\u00e1j\u00e1rul, hogy Szombathely \u00e9lhet\u0151bb v\u00e1ros legyen, megny\u00edlik a lehet\u0151s\u00e9g ugyanis arra, hogy az \u00e1rv\u00edzvesz\u00e9ly megsz\u0171nt\u00e9vel a Perint-patak ment\u00e9n egy \u00fajabb rekre\u00e1ci\u00f3s \u00f6vezet alakuljon ki, fut\u00f3p\u00e1ly\u00e1val, s\u00e9t\u00e1l\u00f3\u00fattal, padokkal.<br \/>\n    Pusk\u00e1s Tivadar (Fidesz-KDNP), Szombathely polg\u00e1rmestere arr\u00f3l sz\u00f3lt, a v\u00e1ros lak\u00f3i k\u00f6z\u00fcl sokan m\u00e9g eml\u00e9keznek az 1965-\u00f6s nagy \u00e1rv\u00edzre, amelyhez hasonl\u00f3 a luk\u00e1csh\u00e1zi \u00e9s a dozmati t\u00e1roz\u00f3 fel\u00e9p\u00fcl\u00e9s\u00e9vel m\u00e1r soha nem fenyegeti a v\u00e1rost.<br \/>\n<div class=\"ads-in-post2\"><script async src=\"https:\/\/pagead2.googlesyndication.com\/pagead\/js\/adsbygoogle.js\"><\/script>\r\n<ins class=\"adsbygoogle\"\r\n     style=\"display:block\"\r\n     data-ad-format=\"fluid\"\r\n     data-ad-layout-key=\"-6t+ed+2i-1n-4w\"\r\n     data-ad-client=\"ca-pub-1959107119989764\"\r\n     data-ad-slot=\"4008251320\"><\/ins>\r\n<script>\r\n     (adsbygoogle = window.adsbygoogle || []).push({});\r\n<\/script><\/div>\n    Eml\u00e9keztetett arra, hogy a dozmati v\u00edzt\u00e1roz\u00f3 fontoss\u00e1g\u00e1t a Modern v\u00e1rosok program \u00f6ssze\u00e1ll\u00edt\u00e1sa sor\u00e1n is felvetett\u00e9k, \u00edgy az a korm\u00e1ny t\u00e1mogat\u00e1s\u00e1nak k\u00f6sz\u00f6nhet\u0151en meg\u00e9p\u00fclhetett.<br \/>\n    A dozmati \u00e1rv\u00edzv\u00e9delmi t\u00e1roz\u00f3 Szombathely \u00e9s a k\u00f6rnyez\u0151 telep\u00fcl\u00e9sek &#8211; Bucsu, Dozmat, Torony \u00e9s S\u00e9 &#8211; \u00e1rv\u00edzi biztons\u00e1g\u00e1t szolg\u00e1lja. A t\u00e1roz\u00f3 v\u00f6lgyz\u00e1r\u00f3g\u00e1tja a Vas megyei Dozmat k\u00f6zs\u00e9g nyugati belter\u00fcleti hat\u00e1ra felett, az Arany-patakon \u00e9p\u00fclt, hossza 421 m\u00e9ter, legnagyobb magass\u00e1ga megk\u00f6zel\u00edti a nyolc m\u00e9tert.<br \/>\n    A 44,1 hekt\u00e1rnyi t\u00e1roz\u00f3t\u00e9r 1,13 milli\u00f3 k\u00f6bm\u00e9ternyi v\u00edz befogad\u00e1s\u00e1ra alkalmas. A fejleszt\u00e9s r\u00e9szek\u00e9nt egy 7,2 hekt\u00e1r v\u00edzfel\u00fclet\u0171, \u00e1lland\u00f3 viz\u0171 tavat is kialak\u00edtottak, amely kedvez\u0151 teret ny\u00fajt a v\u00edzin\u00f6v\u00e9nyek, a v\u00edzhez k\u00f6t\u0151d\u0151 \u00e1llatvil\u00e1g megteleped\u00e9s\u00e9nek, ugyanakkor az Arany-patakon kereszt\u00fcl jav\u00edtja a szombathelyi Cs\u00f3nak\u00e1z\u00f3-t\u00f3 v\u00edzp\u00f3tl\u00e1s\u00e1t is.(MTI)<\/p>\n","protected":false},"excerpt":{"rendered":"<p>\u00c1tadt\u00e1k a Szombathely \u00e9s t\u00f6bb k\u00f6rnyez\u0151 telep\u00fcl\u00e9s \u00e1rv\u00edzv\u00e9delm\u00e9t szolg\u00e1l\u00f3 dozmati \u00e1rv\u00edzv\u00e9delmi t\u00e1roz\u00f3t kedden, a l\u00e9tes\u00edtm\u00e9ny t\u00f6bb mint k\u00e9tmilli\u00e1rd forint korm\u00e1nyzati t\u00e1mogat\u00e1ssal \u00e9p\u00fclt meg.<\/p>\n","protected":false},"author":1,"featured_media":0,"comment_status":"closed","ping_status":"open","sticky":false,"template":"","format":"standard","meta":[],"categories":[4],"tags":[],"_links":{"self":[{"href":"https:\/\/gazdasagportal.hu\/index.php\/wp-json\/wp\/v2\/posts\/120259"}],"collection":[{"href":"https:\/\/gazdasagportal.hu\/index.php\/wp-json\/wp\/v2\/posts"}],"about":[{"href":"https:\/\/gazdasagportal.hu\/index.php\/wp-json\/wp\/v2\/types\/post"}],"author":[{"embeddable":true,"href":"https:\/\/gazdasagportal.hu\/index.php\/wp-json\/wp\/v2\/users\/1"}],"replies":[{"embeddable":true,"href":"https:\/\/gazdasagportal.hu\/index.php\/wp-json\/wp\/v2\/comments?post=120259"}],"version-history":[{"count":1,"href":"https:\/\/gazdasagportal.hu\/index.php\/wp-json\/wp\/v2\/posts\/120259\/revisions"}],"predecessor-version":[{"id":120260,"href":"https:\/\/gazdasagportal.hu\/index.php\/wp-json\/wp\/v2\/posts\/120259\/revisions\/120260"}],"wp:attachment":[{"href":"https:\/\/gazdasagportal.hu\/index.php\/wp-json\/wp\/v2\/media?parent=120259"}],"wp:term":[{"taxonomy":"category","embeddable":true,"href":"https:\/\/gazdasagportal.hu\/index.php\/wp-json\/wp\/v2\/categories?post=120259"},{"taxonomy":"post_tag","embeddable":true,"href":"https:\/\/gazdasagportal.hu\/index.php\/wp-json\/wp\/v2\/tags?post=120259"}],"curies":[{"name":"wp","href":"https:\/\/api.w.org\/{rel}","templated":true}]}}