{"id":120257,"date":"2019-10-08T15:00:49","date_gmt":"2019-10-08T13:00:49","guid":{"rendered":"http:\/\/gazdasagportal.hu\/?p=120257"},"modified":"2019-10-08T15:00:50","modified_gmt":"2019-10-08T13:00:50","slug":"itm-teljesen-fel-vannak-toltve-a-magyarorszagi-foldgaztarozok","status":"publish","type":"post","link":"https:\/\/gazdasagportal.hu\/index.php\/itm-teljesen-fel-vannak-toltve-a-magyarorszagi-foldgaztarozok\/","title":{"rendered":"ITM: teljesen fel vannak t\u00f6ltve a magyarorsz\u00e1gi f\u00f6ldg\u00e1zt\u00e1roz\u00f3k"},"content":{"rendered":"<p><strong>Magyarorsz\u00e1g felk\u00e9sz\u00fclt a f\u0171t\u00e9si szezonra, a hazai f\u00f6ldg\u00e1zt\u00e1roz\u00f3k teljesen fel vannak t\u00f6ltve &#8211; mondta Schanda Tam\u00e1s, az Innov\u00e1ci\u00f3s \u00e9s Technol\u00f3giai Miniszt\u00e9rium (ITM) parlamenti \u00e1llamtitk\u00e1ra kedden Budapesten sajt\u00f3t\u00e1j\u00e9koztat\u00f3n.  <\/strong><!--more--><\/p>\n<div class=\"ads-in-post1\"><div id=\"gazdasagportal.hu_fullbanner_wideboard\"><\/div>\r\n<\/div>\n<p>    Hangs\u00falyozta: az\u00e9rt, hogy az ell\u00e1t\u00e1s ne ker\u00fclhessen vesz\u00e9lybe, a korm\u00e1ny mintegy 20 sz\u00e1zal\u00e9kkal, 1,45 milli\u00e1rd k\u00f6bm\u00e9terre emelte a biztons\u00e1gi k\u00e9szlet sz\u00fcks\u00e9ges m\u00e9rt\u00e9k\u00e9t id\u00e9n tavasszal. Az ezen fel\u00fcl fennmarad\u00f3 mintegy 4,87 milli\u00e1rd k\u00f6bm\u00e9ter a kereskedelmi k\u00e9szlet.<br \/>\n    Az \u00e1llamtitk\u00e1r felid\u00e9zte, hogy a korm\u00e1ny sz\u00e1mos int\u00e9zked\u00e9st hozott az elm\u00falt \u00e9vekben, amelyek eredm\u00e9nyek\u00e9ppen az embereknek kevesebbet kell fizetni\u00fck a k\u00f6z\u00fczemi ell\u00e1t\u00e1s\u00e9rt. Schanda Tam\u00e1s ezek k\u00f6z\u00f6tt eml\u00edtette a rezsics\u00f6kkent\u00e9st, a nyugd\u00edjasoknak juttatott rezsiutalv\u00e1nyt \u00e9s az Otthon melege programot.<br \/>\n    Jelezte, hogy utolj\u00e1ra a 2000-es \u00e9ves elej\u00e9n volt p\u00e9lda a g\u00e1zt\u00e1roz\u00f3k 85 sz\u00e1zal\u00e9k k\u00f6r\u00fcli t\u00f6lt\u00f6tts\u00e9g\u00e9re, ezt most jelent\u0151sen meghaladja a k\u00e9szlet.<br \/>\n    Az \u00e1llamtitk\u00e1r kit\u00e9rt arra, hogy az Orb\u00e1n-korm\u00e1ny 2013-t\u00f3l cs\u00f6kkenti a rezsit, m\u00edg a Gyurcs\u00e1ny-Bajnai korm\u00e1nyok k\u00e9t-h\u00e1romszoros\u00e1ra emelt\u00e9k a g\u00e1z \u00e9s a villany \u00e1r\u00e1t.<br \/>\n    Hozz\u00e1tette, hogy a magyar gazdas\u00e1g kiemelked\u0151 teljes\u00edtm\u00e9ny\u00e9nek k\u00f6sz\u00f6nhet\u0151en rezsiutalv\u00e1nyt kaphattak a nyugd\u00edjasok.<br \/>\n<div class=\"ads-in-post2\"><script async src=\"https:\/\/pagead2.googlesyndication.com\/pagead\/js\/adsbygoogle.js\"><\/script>\r\n<ins class=\"adsbygoogle\"\r\n     style=\"display:block\"\r\n     data-ad-format=\"fluid\"\r\n     data-ad-layout-key=\"-6t+ed+2i-1n-4w\"\r\n     data-ad-client=\"ca-pub-1959107119989764\"\r\n     data-ad-slot=\"4008251320\"><\/ins>\r\n<script>\r\n     (adsbygoogle = window.adsbygoogle || []).push({});\r\n<\/script><\/div>\n    Felh\u00edvta a figyelmet arra is, hogy az Otthon melege program keret\u00e9ben most is van nyitott ki\u00edr\u00e1s, a t\u00e1vh\u0151vel ell\u00e1tott t\u00e1rsash\u00e1zak p\u00e1ly\u00e1zhatnak mintegy 2 milli\u00e1rd forintos keretre.<br \/>\n    A szeptember 24-\u00e9n indult programra eddig csaknem 110 p\u00e1ly\u00e1zatot ny\u00fajtottak be, t\u00f6bb mint egymilli\u00e1rd forint \u00e9rt\u00e9kben &#8211; ismertette Schanda Tam\u00e1s, jelezve, hogy a keret fele m\u00e9g rendelkez\u00e9sre \u00e1ll, \u00edgy \u00e9rdemes jelentkezni, mert a t\u00e1mogatott korszer\u0171s\u00edt\u00e9ssel jelent\u0151sen cs\u00f6kkenthet\u0151k a rezsik\u00f6lts\u00e9gek.<br \/>\n    Kaderj\u00e1k P\u00e9ter, az ITM energia\u00fcgyek\u00e9rt \u00e9s kl\u00edmapolitik\u00e1\u00e9rt felel\u0151s \u00e1llamtitk\u00e1ra kiemelte, hogy az energiaell\u00e1t\u00e1s biztons\u00e1g\u00e1nak garant\u00e1l\u00e1sa \u00e9s az energiaf\u00fcggetlens\u00e9g er\u0151s\u00edt\u00e9se a magyar energiapolitika kiemelt c\u00e9lja.<br \/>\n    Hozz\u00e1tette, ebben az \u00e9vben a f\u00f6ldg\u00e1zell\u00e1t\u00e1s biztons\u00e1ga volt a k\u00f6z\u00e9ppontban.<br \/>\n    Eml\u00e9keztetett, hogy az \u00e9v v\u00e9g\u00e9n lej\u00e1r az orosz-ukr\u00e1n g\u00e1ztranzit-szerz\u0151d\u00e9s, \u00e9s a helyzet fesz\u00fclt Oroszorsz\u00e1g \u00e9s Ukrajna k\u00f6z\u00f6tt.<br \/>\n    Minden lehet\u0151s\u00e9gre k\u00e9sz\u00fclni kell, ez\u00e9rt is fontos a g\u00e1zt\u00e1rol\u00f3k teljes t\u00f6lt\u00f6tts\u00e9gi szintje &#8211; fogalmazott.<br \/>\n    A tavalyi \u00e9v azonos id\u0151szak\u00e1hoz k\u00e9pest 1,58 milli\u00e1rd k\u00f6bm\u00e9terrel, 33,4 sz\u00e1zal\u00e9kkal t\u00f6bb f\u00f6ldg\u00e1z van a t\u00e1rol\u00f3kban &#8211; tette hozz\u00e1 az \u00e1llamtitk\u00e1r.<br \/>\n    A teljes t\u00e1rol\u00f3i mennyis\u00e9g 126 napra lenne elegend\u0151 az eg\u00e9sz orsz\u00e1g, \u00e9s 263 napra a lakoss\u00e1gi fogyaszt\u00f3k ell\u00e1t\u00e1s\u00e1ra &#8211; h\u00edvta fel a figyelmet.<br \/>\n    Kaderj\u00e1k P\u00e9ter a hazai energiapolitika f\u0151bb c\u00e9ljai k\u00f6z\u00f6tt eml\u00edtette az orsz\u00e1g importkitetts\u00e9g\u00e9nek cs\u00f6kkent\u00e9s\u00e9t \u00e9s a hazai termel\u00e9s, illetve a meg\u00fajul\u00f3 energiaforr\u00e1sok felhaszn\u00e1l\u00e1s\u00e1nak n\u00f6vel\u00e9s\u00e9t.<br \/>\n    A g\u00e1zell\u00e1t\u00e1s biztons\u00e1g\u00e1t tov\u00e1bb jav\u00edtja, hogy elk\u00e9sz\u00fclt a rom\u00e1n-magyar g\u00e1zh\u00e1l\u00f3zati \u00f6sszek\u00f6ttet\u00e9s b\u0151v\u00edt\u00e9se, emellett folyamatban van a szlov\u00e1k-magyar \u00f6sszek\u00f6t\u0151 vezet\u00e9k b\u0151v\u00edt\u00e9se is &#8211; mondta.(MTI)<\/p>\n","protected":false},"excerpt":{"rendered":"<p>Magyarorsz\u00e1g felk\u00e9sz\u00fclt a f\u0171t\u00e9si szezonra, a hazai f\u00f6ldg\u00e1zt\u00e1roz\u00f3k teljesen fel vannak t\u00f6ltve &#8211; mondta Schanda Tam\u00e1s, az Innov\u00e1ci\u00f3s \u00e9s Technol\u00f3giai Miniszt\u00e9rium (ITM) parlamenti \u00e1llamtitk\u00e1ra kedden Budapesten sajt\u00f3t\u00e1j\u00e9koztat\u00f3n.<\/p>\n","protected":false},"author":1,"featured_media":0,"comment_status":"closed","ping_status":"open","sticky":false,"template":"","format":"standard","meta":[],"categories":[19],"tags":[],"_links":{"self":[{"href":"https:\/\/gazdasagportal.hu\/index.php\/wp-json\/wp\/v2\/posts\/120257"}],"collection":[{"href":"https:\/\/gazdasagportal.hu\/index.php\/wp-json\/wp\/v2\/posts"}],"about":[{"href":"https:\/\/gazdasagportal.hu\/index.php\/wp-json\/wp\/v2\/types\/post"}],"author":[{"embeddable":true,"href":"https:\/\/gazdasagportal.hu\/index.php\/wp-json\/wp\/v2\/users\/1"}],"replies":[{"embeddable":true,"href":"https:\/\/gazdasagportal.hu\/index.php\/wp-json\/wp\/v2\/comments?post=120257"}],"version-history":[{"count":1,"href":"https:\/\/gazdasagportal.hu\/index.php\/wp-json\/wp\/v2\/posts\/120257\/revisions"}],"predecessor-version":[{"id":120258,"href":"https:\/\/gazdasagportal.hu\/index.php\/wp-json\/wp\/v2\/posts\/120257\/revisions\/120258"}],"wp:attachment":[{"href":"https:\/\/gazdasagportal.hu\/index.php\/wp-json\/wp\/v2\/media?parent=120257"}],"wp:term":[{"taxonomy":"category","embeddable":true,"href":"https:\/\/gazdasagportal.hu\/index.php\/wp-json\/wp\/v2\/categories?post=120257"},{"taxonomy":"post_tag","embeddable":true,"href":"https:\/\/gazdasagportal.hu\/index.php\/wp-json\/wp\/v2\/tags?post=120257"}],"curies":[{"name":"wp","href":"https:\/\/api.w.org\/{rel}","templated":true}]}}