{"id":120255,"date":"2019-10-08T13:50:02","date_gmt":"2019-10-08T11:50:02","guid":{"rendered":"http:\/\/gazdasagportal.hu\/?p=120255"},"modified":"2019-10-08T13:50:02","modified_gmt":"2019-10-08T11:50:02","slug":"brexit-brit-kormanyforras-london-nem-keszul-uj-megallapodasi-javaslattal","status":"publish","type":"post","link":"https:\/\/gazdasagportal.hu\/index.php\/brexit-brit-kormanyforras-london-nem-keszul-uj-megallapodasi-javaslattal\/","title":{"rendered":"Brexit &#8211; Brit korm\u00e1nyforr\u00e1s: London nem k\u00e9sz\u00fcl \u00faj meg\u00e1llapod\u00e1si javaslattal"},"content":{"rendered":"<p><strong>Brit korm\u00e1nyforr\u00e1s szerint London nem k\u00e9sz\u00edt \u00faj javaslatot a brit EU-tags\u00e1g megsz\u0171n\u00e9s\u00e9nek (Brexit) felt\u00e9teleir\u0151l, ha a jelenlegi brit javaslatokr\u00f3l nem siker\u00fcl egyezs\u00e9gre jutni.<\/strong><!--more--><\/p>\n<div class=\"ads-in-post1\"><div id=\"gazdasagportal.hu_fullbanner_wideboard\"><\/div>\r\n<\/div>\n<p>    A Downing Street t\u00e1j\u00e9koztat\u00e1sa szerint Angela Merkel n\u00e9met kancell\u00e1r kedden telefonon k\u00f6z\u00f6lte Boris Johnson brit minisztereln\u00f6kkel, hogy a mostani brit javaslatcsomag alapj\u00e1n &#8222;rendk\u00edv\u00fcl val\u00f3sz\u00edn\u0171tlennek&#8221; tartja a meg\u00e1llapod\u00e1st.<br \/>\n    A The Spectator c\u00edm\u0171, a korm\u00e1nyz\u00f3 brit Konzervat\u00edv P\u00e1rthoz k\u00f6zel\u00e1ll\u00f3 heti politikai foly\u00f3irat online kiad\u00e1sa kedden ismertette egy meg nem nevezett korm\u00e1nyzati illet\u00e9kes helyzet\u00e9rt\u00e9kel\u00e9s\u00e9t, amely szerint viszont ha Johnson minap beterjesztett meg\u00e1llapod\u00e1si javaslatcsomagja &#8222;kim\u00falik a k\u00f6vetkez\u0151 n\u00e9h\u00e1ny napban&#8221;, London nem tesz k\u00eds\u00e9rletet az ind\u00edtv\u00e1ny \u00fajj\u00e1\u00e9leszt\u00e9s\u00e9re.<br \/>\n    A korm\u00e1nyzati illet\u00e9kes a foly\u00f3iratnak eljuttatott terjedelmes, hivatalosan nem c\u00e1folt fejteget\u00e9s\u00e9ben lesz\u00f6gezi azt is, hogy a brit korm\u00e1ny a jogi tan\u00e1csad\u00f3kt\u00f3l kapott szakv\u00e9lem\u00e9nyek alapj\u00e1n &#8222;mindenf\u00e9le m\u00f3don&#8221; meg tudja akad\u00e1lyozni az okt\u00f3ber 31-\u00e9n esed\u00e9kes kil\u00e9p\u00e9s halaszt\u00e1s\u00e1t, \u00e9s \u00fagy fogja tekinteni, hogy a halaszt\u00e1st t\u00e1mogat\u00f3 EU-tagorsz\u00e1gok &#8222;ellens\u00e9ges m\u00f3don&#8221; beavatkoznak a brit belpolitik\u00e1ba.<br \/>\n<div class=\"ads-in-post2\"><script async src=\"https:\/\/pagead2.googlesyndication.com\/pagead\/js\/adsbygoogle.js\"><\/script>\r\n<ins class=\"adsbygoogle\"\r\n     style=\"display:block\"\r\n     data-ad-format=\"fluid\"\r\n     data-ad-layout-key=\"-6t+ed+2i-1n-4w\"\r\n     data-ad-client=\"ca-pub-1959107119989764\"\r\n     data-ad-slot=\"4008251320\"><\/ins>\r\n<script>\r\n     (adsbygoogle = window.adsbygoogle || []).push({});\r\n<\/script><\/div>\n    A korm\u00e1nyforr\u00e1s szerint &#8211; aki a The Daily Telegraph c\u00edm\u0171, a The Spectatort is gondoz\u00f3 kiad\u00f3i csoporthoz tartoz\u00f3 konzervat\u00edv brit napilap v\u00e9lem\u00e9nye szerint nem m\u00e1s, mint Dominic Cummings, Johnson befoly\u00e1sos \u00e9s rendk\u00edv\u00fcl EU-szkeptikus f\u0151tan\u00e1csad\u00f3ja &#8211; a halaszt\u00e1st ellenz\u0151 EU-orsz\u00e1gok viszont &#8222;a sor elej\u00e9re&#8221; \u00e1llhatnak a j\u00f6v\u0151beni egy\u00fcttm\u0171k\u00f6d\u00e9sr\u0151l sz\u00f3l\u00f3 t\u00e1rgyal\u00e1sokon.<br \/>\n    Az elm\u00falt napokban a brit sajt\u00f3ban t\u00f6bbsz\u00f6r felmer\u00fclt az az \u00e9rtes\u00fcl\u00e9s, hogy Boris Johnson m\u00e1s EU-tagorsz\u00e1gokt\u00f3l, k\u00f6zt\u00fck p\u00e9ld\u00e1ul Magyarorsz\u00e1gt\u00f3l k\u00e9rn\u00e9 a Brexit esetleges halaszt\u00e1s\u00e1nak megv\u00e9t\u00f3z\u00e1s\u00e1t, ha a halaszt\u00e1s kezdem\u00e9nyez\u00e9s\u00e9re a brit korm\u00e1ny r\u00e1k\u00e9nyszer\u00fclne.<br \/>\n    Szijj\u00e1rt\u00f3 P\u00e9ter k\u00fclgazdas\u00e1gi \u00e9s k\u00fcl\u00fcgyminiszter, aki a m\u00falt h\u00e9ten Londonban t\u00e1rgyalt, a magyar k\u00f6zm\u00e9di\u00e1nak nyilatkozva err\u0151l a k\u00e9rd\u00e9sr\u0151l \u00fagy fogalmazott, hogy &#8222;olvastuk az err\u0151l sz\u00f3l\u00f3 pletyk\u00e1kat, de (a magyar korm\u00e1nyhoz) nem \u00e9rkezett ilyen megkeres\u00e9s&#8221;.<br \/>\n    A londoni als\u00f3h\u00e1z &#8211; a Konzervat\u00edv P\u00e1rt sz\u00e1mos, a tory frakci\u00f3b\u00f3l az\u00f3ta elt\u00e1vol\u00edtott k\u00e9pvisel\u0151j\u00e9nek t\u00e1mogat\u00e1s\u00e1val &#8211; a m\u00falt h\u00f3nap elej\u00e9n elfogadta azt az ellenz\u00e9ki kezdem\u00e9nyez\u00e9s\u0171 t\u00f6rv\u00e9nytervezetet, amelynek alapj\u00e1n ha a j\u00f6v\u0151 h\u00e9t v\u00e9g\u00e9ig a brit parlament nem j\u00e1rul hozz\u00e1 egy \u00faj Brexit-meg\u00e1llapod\u00e1shoz \u00e9s a meg\u00e1llapod\u00e1s n\u00e9lk\u00fcli Brexithez sem, Johnsonnak kezdem\u00e9nyeznie kell az EU-n\u00e1l a kil\u00e9p\u00e9s elhalaszt\u00e1s\u00e1t h\u00e1rom h\u00f3nappal, vagyis 2020. janu\u00e1r 31-ig.<br \/>\n    Johnson az ut\u00f3bbi hetekben t\u00f6bbsz\u00f6r is hat\u00e1rozottan lesz\u00f6gezte, hogy erre semmilyen k\u00f6r\u00fclm\u00e9nyek k\u00f6z\u00f6tt nem lesz hajland\u00f3, \u00e9s a brit EU-tags\u00e1g okt\u00f3ber 31-\u00e9n mindenk\u00e9ppen megsz\u0171nik, ak\u00e1r meg\u00e1llapod\u00e1ssal, ak\u00e1r an\u00e9lk\u00fcl.<br \/>\n    Folyamatosan hangoztatja ugyanakkor azt az \u00e1ll\u00e1spontj\u00e1t is, hogy a korm\u00e1ny tartja mag\u00e1t a meg\u00e1llapod\u00e1s n\u00e9lk\u00fcli Brexitet tilt\u00f3 t\u00f6rv\u00e9nyhez.<br \/>\n    A brit minisztereln\u00f6k eddig nem r\u00e9szletezte, hogy ezt a nyilv\u00e1nval\u00f3 ellentmond\u00e1st mik\u00e9pp oldan\u00e1 fel.<br \/>\n    A The Spectator \u00e1ltal kedden id\u00e9zett korm\u00e1nyforr\u00e1s err\u0151l a k\u00e9rd\u00e9sr\u0151l \u00fagy fogalmaz: a brit korm\u00e1ny vil\u00e1goss\u00e1 fogja tenni, hogy nem hajland\u00f3 tov\u00e1bb t\u00e1rgyalni, \u00edgy teljesen \u00e9rtelmetlen lenne a Brexit b\u00e1rmif\u00e9le halaszt\u00e1sa. Az EU &#8222;azt hiszi, hogy tov\u00e1bbi halaszt\u00e1s eset\u00e9n \u00fajabb \u00e9s m\u00e9g \u00fajabb javaslatokkal \u00e1llunk majd el\u0151, de ez nem fog megt\u00f6rt\u00e9nni&#8221; &#8211; id\u00e9zi Downing Street-i forr\u00e1s\u00e1t a foly\u00f3irat.<br \/>\n    A londoni minisztereln\u00f6ki hivatal sz\u00f3viv\u0151j\u00e9nek keddi t\u00e1j\u00e9koztat\u00e1sa szerint Angela Merkel n\u00e9met kancell\u00e1r \u00e9s Boris Johnson f\u00e9l\u00f3r\u00e1s keddi telefonbesz\u00e9lget\u00e9se alapj\u00e1n a meg\u00e1llapod\u00e1s imm\u00e1r &#8222;gyakorlatilag lehetetlennek t\u0171nik&#8221;.<br \/>\n    A Downing Street illet\u00e9kes\u00e9nek besz\u00e1mol\u00f3ja szerint Merkel ragaszkodott ahhoz, hogy a meg\u00e1llapod\u00e1s fej\u00e9ben \u00c9szak-\u00cdrorsz\u00e1gnak az EU v\u00e1muni\u00f3j\u00e1ban kell maradnia, annak \u00e9rdek\u00e9ben, hogy ne legyen sz\u00fcks\u00e9g az \u00edr-\u00e9szak\u00edr hat\u00e1ron hossz\u00fa \u00e9vek \u00f3ta nem l\u00e9tez\u0151 fizikai hat\u00e1rellen\u0151rz\u00e9s \u00fajb\u00f3li bevezet\u00e9s\u00e9re.<br \/>\n    A brit korm\u00e1ny \u00e1ltal a m\u00falt h\u00e9ten beterjesztett \u00faj javaslatcsomag sarkalatos elemei k\u00f6z\u00e9 tartozik ugyanakkor, hogy \u00c9szak-\u00cdrorsz\u00e1g a Brexitet k\u00f6vet\u0151 \u00e1tmeneti id\u0151szak ut\u00e1n nem az EU v\u00e1muni\u00f3j\u00e1nak, hanem teljes m\u00e9rt\u00e9kben az Egyes\u00fclt Kir\u00e1lys\u00e1g v\u00e1mt\u00e9rs\u00e9g\u00e9nek tagja lenne, \u00f6sszhangban azzal az alapelvvel, hogy az Egyes\u00fclt Kir\u00e1lys\u00e1g egys\u00e9ges eg\u00e9szk\u00e9nt hagyja el az Eur\u00f3pai Uni\u00f3t \u00e9s annak v\u00e1muni\u00f3j\u00e1t is.<br \/>\n    A BBC \u00e1ltal kedden n\u00e9v n\u00e9lk\u00fcl id\u00e9zett br\u00fcsszeli forr\u00e1sok gyakorlatilag k\u00e9ts\u00e9gbe vont\u00e1k a brit korm\u00e1nyf\u0151 \u00e9s a n\u00e9met kancell\u00e1r telefonbesz\u00e9lget\u00e9s\u00e9nek a Downing Street \u00e1ltal ismertetett verzi\u00f3j\u00e1t, mondv\u00e1n: ez nem elfogadott uni\u00f3s \u00e1ll\u00e1spontot t\u00fckr\u00f6z, \u00e9s az EU nem is ezt a nyelvezetet haszn\u00e1lja.(MTI)<\/p>\n","protected":false},"excerpt":{"rendered":"<p>Brit korm\u00e1nyforr\u00e1s szerint London nem k\u00e9sz\u00edt \u00faj javaslatot a brit EU-tags\u00e1g megsz\u0171n\u00e9s\u00e9nek (Brexit) felt\u00e9teleir\u0151l, ha a jelenlegi brit javaslatokr\u00f3l nem siker\u00fcl egyezs\u00e9gre jutni.<\/p>\n","protected":false},"author":1,"featured_media":0,"comment_status":"closed","ping_status":"open","sticky":false,"template":"","format":"standard","meta":[],"categories":[12],"tags":[],"_links":{"self":[{"href":"https:\/\/gazdasagportal.hu\/index.php\/wp-json\/wp\/v2\/posts\/120255"}],"collection":[{"href":"https:\/\/gazdasagportal.hu\/index.php\/wp-json\/wp\/v2\/posts"}],"about":[{"href":"https:\/\/gazdasagportal.hu\/index.php\/wp-json\/wp\/v2\/types\/post"}],"author":[{"embeddable":true,"href":"https:\/\/gazdasagportal.hu\/index.php\/wp-json\/wp\/v2\/users\/1"}],"replies":[{"embeddable":true,"href":"https:\/\/gazdasagportal.hu\/index.php\/wp-json\/wp\/v2\/comments?post=120255"}],"version-history":[{"count":1,"href":"https:\/\/gazdasagportal.hu\/index.php\/wp-json\/wp\/v2\/posts\/120255\/revisions"}],"predecessor-version":[{"id":120256,"href":"https:\/\/gazdasagportal.hu\/index.php\/wp-json\/wp\/v2\/posts\/120255\/revisions\/120256"}],"wp:attachment":[{"href":"https:\/\/gazdasagportal.hu\/index.php\/wp-json\/wp\/v2\/media?parent=120255"}],"wp:term":[{"taxonomy":"category","embeddable":true,"href":"https:\/\/gazdasagportal.hu\/index.php\/wp-json\/wp\/v2\/categories?post=120255"},{"taxonomy":"post_tag","embeddable":true,"href":"https:\/\/gazdasagportal.hu\/index.php\/wp-json\/wp\/v2\/tags?post=120255"}],"curies":[{"name":"wp","href":"https:\/\/api.w.org\/{rel}","templated":true}]}}