{"id":120251,"date":"2019-10-08T12:29:40","date_gmt":"2019-10-08T10:29:40","guid":{"rendered":"http:\/\/gazdasagportal.hu\/?p=120251"},"modified":"2019-10-08T12:29:40","modified_gmt":"2019-10-08T10:29:40","slug":"megtorpant-a-vallalatok-beruhazasi-szandeka","status":"publish","type":"post","link":"https:\/\/gazdasagportal.hu\/index.php\/megtorpant-a-vallalatok-beruhazasi-szandeka\/","title":{"rendered":"Megtorpant a v\u00e1llalatok beruh\u00e1z\u00e1si sz\u00e1nd\u00e9ka"},"content":{"rendered":"<p><strong>Egyel\u0151re v\u00e1rat mag\u00e1ra a nagyv\u00e1llalati beruh\u00e1z\u00e1sok \u00e9l\u00e9nk\u00fcl\u00e9se \u2013 der\u00fcl ki a K&amp;H nagyv\u00e1llalati n\u00f6veked\u00e9si index legut\u00f3bbi adataib\u00f3l.<\/strong> <strong>Az elm\u00falt f\u00e9l \u00e9vben tapasztalt fellend\u00fcl\u00e9st k\u00f6vet\u0151en ugyanis visszaesett a v\u00e1llalatok beruh\u00e1z\u00e1si sz\u00e1nd\u00e9ka, \u00e9s jelenleg a c\u00e9gek kevesebb mint fele tervez valamilyen fejleszt\u00e9st a k\u00f6vetkez\u0151 egy \u00e9v sor\u00e1n. Emellett a c\u00e9gek t\u00f6bbs\u00e9ge a beruh\u00e1z\u00e1sokra sz\u00e1nt \u00f6sszeget sem tervezi n\u00f6velni. A c\u00e9lokat tekintve egy\u00e9rtelm\u0171en a technol\u00f3giai fejleszt\u00e9sek \u00e1llnak az \u00e9len, \u00e9s els\u0151sorban az ipari, \u00e9p\u00edt\u0151ipari \u00e9s a 2-3,9 milli\u00e1rd \u00e9ves \u00e1rbev\u00e9tel\u0171 c\u00e9gekn\u00e9l v\u00e1rhat\u00f3 legink\u00e1bb beruh\u00e1z\u00e1s a k\u00f6vetkez\u0151 egy \u00e9vben.<\/strong><!--more--><\/p>\n<div class=\"ads-in-post1\"><div id=\"gazdasagportal.hu_fullbanner_wideboard\"><\/div>\r\n<\/div>\n<p>&nbsp;<\/p>\n<p>A hazai, 2 milli\u00e1rd forint feletti \u00e9ves \u00e1rbev\u00e9tel\u0171, nem-\u00e1llami nagyv\u00e1llalatok beruh\u00e1z\u00e1si sz\u00e1nd\u00e9ka az el\u0151z\u0151 k\u00e9t negyed\u00e9vi fellend\u00fcl\u00e9st k\u00f6vet\u0151en visszakorrig\u00e1lt. \u201eA <strong>K&amp;H nagyv\u00e1llalati n\u00f6veked\u00e9si index<\/strong> eredm\u00e9nye szerint az el\u0151z\u0151 negyed\u00e9vi 53%-r\u00f3l 45%-ra cs\u00f6kkent azoknak a c\u00e9geknek az ar\u00e1nya, amelyek a k\u00f6vetkez\u0151 1 \u00e9vben fejleszteni k\u00edv\u00e1nnak. A v\u00e1llalatok r\u00e9sz\u00e9r\u0151l teh\u00e1t most alacsonyabb beruh\u00e1z\u00e1si intenzit\u00e1s v\u00e1rhat\u00f3, emellett pedig azt is l\u00e1tni kell, hogy tov\u00e1bbra sem siker\u00fcl tart\u00f3san 50% felett tartani a fejleszt\u00e9si sz\u00e1nd\u00e9kot\u201d \u2013 mondta el <strong>Patrick Van Overloop, a K&amp;H \u00dczleti \u00fcgyfelek div\u00edzi\u00f3 vezet\u0151je<\/strong>. \u201eHa megn\u00e9zz\u00fck a konkr\u00e9t c\u00e9lokat, a megval\u00f3s\u00edtand\u00f3 beruh\u00e1z\u00e1sokn\u00e1l er\u0151teljesen visszaesett a hosszabb t\u00e1von gazdas\u00e1gi b\u0151v\u00fcl\u00e9st el\u0151seg\u00edt\u0151 beruh\u00e1z\u00e1sok, mint a technol\u00f3giai fejleszt\u00e9sek, a kapacit\u00e1sb\u0151v\u00edt\u00e9sben gondolkod\u00f3k ar\u00e1nya pedig gyakorlatilag nem v\u00e1ltozott az el\u0151z\u0151 negyed\u00e9vhez k\u00e9pest\u201d \u2013 tette hozz\u00e1 a szakember.<\/p><div id=\"gazda-695248816\" class=\"gazda-tartalomban gazda-entity-placement\"><script async src=\"https:\/\/pagead2.googlesyndication.com\/pagead\/js\/adsbygoogle.js\"><\/script>\r\n<ins class=\"adsbygoogle\"\r\n     style=\"display:block\"\r\n     data-ad-format=\"fluid\"\r\n     data-ad-layout-key=\"-6t+ed+2i-1n-4w\"\r\n     data-ad-client=\"ca-pub-1959107119989764\"\r\n     data-ad-slot=\"4008251320\"><\/ins>\r\n<script>\r\n     (adsbygoogle = window.adsbygoogle || []).push({});\r\n<\/script><\/div>\n<p>&nbsp;<\/p>\n<p>A beruh\u00e1z\u00e1sokra sz\u00e1nt \u00f6sszegekben sem v\u00e1rhat\u00f3 nagy fellend\u00fcl\u00e9s, hiszen enyh\u00e9n er\u0151s\u00f6d\u00f6tt azoknak az ar\u00e1nya, akik id\u00e9n szinten tartj\u00e1k a fejleszt\u00e9sekre ford\u00edtand\u00f3 k\u00f6lts\u00e9geket (70%), mik\u00f6zben az el\u0151z\u0151 negyed\u00e9vhez k\u00e9pest 29%-r\u00f3l 23%-ra visszaesett azon v\u00e1llalatok ar\u00e1nya, akik n\u00f6velni tervezik beruh\u00e1z\u00e1saik \u00e9rt\u00e9k\u00e9t.<\/p>\n<p>&nbsp;<\/p>\n<p><strong>Az ipar h\u00fazhatja a beruh\u00e1z\u00e1sokat<\/strong><\/p>\n<p>A beruh\u00e1z\u00e1si sz\u00e1nd\u00e9k \u00f6sszef\u00fcgg a c\u00e9g m\u00e9ret\u00e9vel, de m\u00edg \u00e1ltal\u00e1ban a c\u00e9g m\u00e9ret\u00e9vel p\u00e1rhuzamosan a beruh\u00e1z\u00e1si hajland\u00f3s\u00e1g is n\u0151, most ennek a ford\u00edtottja igaz. Jelenleg a 2-3,9 milli\u00e1rd \u00e9ves \u00e1rbev\u00e9tel\u0171 c\u00e9gekn\u00e9l v\u00e1rhat\u00f3 legink\u00e1bb \u00e9s a 10 milli\u00e1rd \u00e9ves \u00e1rbev\u00e9telt meghalad\u00f3 c\u00e9gekn\u00e9l a legkev\u00e9sb\u00e9 valamilyen fejleszt\u00e9s a v\u00e1llalatvezet\u0151k v\u00e1rakoz\u00e1sai alapj\u00e1n. A m\u00e9ret mellett a tev\u00e9kenys\u00e9gi k\u00f6r is meghat\u00e1roz\u00f3, ha beruh\u00e1z\u00e1sokr\u00f3l van sz\u00f3. Jelenleg az ipari, \u00e9p\u00edt\u0151ipari c\u00e9gek j\u00f3val nyitottabbak a beruh\u00e1z\u00e1sokra (58%), mik\u00f6zben a kereskedelemben \u00e9s a szolg\u00e1ltat\u00f3 szektorban enn\u00e9l j\u00f3val visszafogottabbak (38% \u00e9s 34%).<\/p>\n<p>&nbsp;<\/p>\n<div class=\"ads-in-post2\"><script async src=\"https:\/\/pagead2.googlesyndication.com\/pagead\/js\/adsbygoogle.js\"><\/script>\r\n<ins class=\"adsbygoogle\"\r\n     style=\"display:block\"\r\n     data-ad-format=\"fluid\"\r\n     data-ad-layout-key=\"-6t+ed+2i-1n-4w\"\r\n     data-ad-client=\"ca-pub-1959107119989764\"\r\n     data-ad-slot=\"4008251320\"><\/ins>\r\n<script>\r\n     (adsbygoogle = window.adsbygoogle || []).push({});\r\n<\/script><\/div>\n&nbsp;<\/p>\n<p><strong>A K&amp;H nagyv\u00e1llalati n\u00f6veked\u00e9si index kutat\u00e1sr\u00f3l<\/strong><\/p>\n<p>A hazai nagyv\u00e1llalatok jelent\u0151s gazdas\u00e1gi szerepe miatt a K&amp;H Csoport a GfK Hung\u00e1ria Piackutat\u00f3 Int\u00e9zettel egy\u00fcttm\u0171k\u00f6d\u00e9sben 2014-t\u0151l kezd\u0151d\u0151en \u00e1tfog\u00f3 negyed\u00e9ves kutat\u00e1st v\u00e9gez, amelyben felt\u00e9rk\u00e9pezi a hazai nem-\u00e1llami nagyv\u00e1llalati szektor aktu\u00e1lis helyzet\u00e9t, valamint hogy hogyan l\u00e1tj\u00e1k saj\u00e1t c\u00e9g\u00fck \u00e9s a gazdas\u00e1gi k\u00f6rnyezet v\u00e1ltoz\u00e1sait a k\u00f6vetkez\u0151 egy \u00e9vben. A kutat\u00e1s 250, a 2 milli\u00e1rd forint \u00e9ves \u00e1rbev\u00e9telt meghalad\u00f3, nem \u00e1llami tulajdon\u00fa c\u00e9g d\u00f6nt\u00e9shoz\u00f3j\u00e1nak megk\u00e9rdez\u00e9s\u00e9vel t\u00f6rt\u00e9nik. A legut\u00f3bbi felm\u00e9r\u00e9s 2019. m\u00e1jus 27. \u00e9s j\u00fanius 21. k\u00f6z\u00f6tt zajlott.<\/p>\n<p>&nbsp;<\/p>\n<p><strong>\u00a0<\/strong><\/p>\n<p><strong>A K&amp;H Csoport<\/strong><\/p>\n<p>Az orsz\u00e1g egyik vezet\u0151 \u00e9s orsz\u00e1gosan k\u00f6zel 4000 munkat\u00e1rsat foglalkoztat\u00f3 p\u00e9nzint\u00e9zetek\u00e9nt a K&amp;H c\u00e9lja, hogy \u00fcgyfelei ig\u00e9nyeit mindenkor magas szinten el\u00e9g\u00edtse ki, \u00e9s a lehet\u0151 legteljesebb term\u00e9kpalett\u00e1t ny\u00fajtsa sz\u00e1mukra. A K&amp;H orsz\u00e1gszerte 208 lakoss\u00e1gi fi\u00f3kot m\u0171k\u00f6dtet, \u00e9s csoportszinten t\u00f6bb mint m\u00e1sf\u00e9lmilli\u00f3 \u00fcgyf\u00e9lnek k\u00edn\u00e1l p\u00e9nz\u00fcgyi szolg\u00e1ltat\u00e1sokat. A magyar gazdas\u00e1g m\u0171k\u00f6d\u00e9s\u00e9t t\u00f6bb mint 2200 milli\u00e1rd forintnyi kihelyezett hitel- \u00e9s hiteljelleg\u0171 \u00e1llom\u00e1nnyal seg\u00edti h\u00e1ztart\u00e1sok, kisv\u00e1llalkoz\u00e1sok, v\u00e1llalatok \u00e9s \u00f6nkorm\u00e1nyzatok finansz\u00edroz\u00e1s\u00e1n kereszt\u00fcl. A c\u00e9gcsoport teljes tev\u00e9kenys\u00e9ge hozz\u00e1vet\u0151legesen 4000 magyar besz\u00e1ll\u00edt\u00f3nak \u00e9s mintegy 700 banki \u00e9s biztos\u00edt\u00e1si \u00fcgyn\u00f6knek biztos\u00edt megrendel\u00e9seket \u00e9s folyamatos tev\u00e9kenys\u00e9get<\/p>\n<p><strong>\u00a0<\/strong><\/p>\n<p><strong>K&amp;H Bank<\/strong><\/p>\n<p><u>2019 els\u0151 f\u00e9l\u00e9v\u00e9nek v\u00e9g\u00e9n:<\/u><\/p>\n<p>saj\u00e1t t\u0151ke (IFRS konszolid\u00e1lt, nem audit\u00e1lt): <strong>332 milli\u00e1rd forint<\/strong><\/p>\n<p>m\u00e9rlegf\u0151\u00f6sszeg: (IFRS konszolid\u00e1lt, nem audit\u00e1lt): <strong>3 199 milli\u00e1rd forint<\/strong><\/p>\n<p>ad\u00f3z\u00e1s ut\u00e1ni eredm\u00e9ny (IFRS konszolid\u00e1lt, nem audit\u00e1lt):<strong> 26,3 milli\u00e1rd forint<\/strong><\/p>\n<p><strong>\u00a0<\/strong><\/p>\n<p><strong>K&amp;H Biztos\u00edt\u00f3<\/strong><\/p>\n<p><u>2019 els\u0151 f\u00e9l\u00e9v\u00e9nek v\u00e9g\u00e9n:<\/u><\/p>\n<p>saj\u00e1t t\u0151ke (IFRS konszolid\u00e1lt, nem audit\u00e1lt): <strong>13,5 milli\u00e1rd forint<\/strong><\/p>\n<p>m\u00e9rlegf\u0151\u00f6sszeg (IFRS konszolid\u00e1lt, nem audit\u00e1lt): <strong>179,0 milli\u00e1rd forint<\/strong><\/p>\n<p>biztos\u00edt\u00e1stechnikai eredm\u00e9ny (IFRS konszolid\u00e1lt, nem audit\u00e1lt): <strong>3,7 milli\u00e1rd forint<\/strong><\/p>\n<p>ad\u00f3z\u00e1s ut\u00e1ni eredm\u00e9ny: (IFRS konszolid\u00e1lt, nem audit\u00e1lt): <strong>2,7 milli\u00e1rd forint<\/strong><\/p>\n","protected":false},"excerpt":{"rendered":"<p>Egyel\u0151re v\u00e1rat mag\u00e1ra a nagyv\u00e1llalati beruh\u00e1z\u00e1sok \u00e9l\u00e9nk\u00fcl\u00e9se \u2013 der\u00fcl ki a K&amp;H nagyv\u00e1llalati n\u00f6veked\u00e9si index legut\u00f3bbi adataib\u00f3l. Az elm\u00falt f\u00e9l \u00e9vben tapasztalt fellend\u00fcl\u00e9st k\u00f6vet\u0151en ugyanis visszaesett a v\u00e1llalatok beruh\u00e1z\u00e1si sz\u00e1nd\u00e9ka, \u00e9s jelenleg a c\u00e9gek kevesebb mint fele tervez valamilyen fejleszt\u00e9st a k\u00f6vetkez\u0151 egy \u00e9v sor\u00e1n. Emellett a c\u00e9gek t\u00f6bbs\u00e9ge a beruh\u00e1z\u00e1sokra sz\u00e1nt \u00f6sszeget sem tervezi &#8230;<\/p>\n","protected":false},"author":1,"featured_media":0,"comment_status":"closed","ping_status":"open","sticky":false,"template":"","format":"standard","meta":[],"categories":[19],"tags":[],"_links":{"self":[{"href":"https:\/\/gazdasagportal.hu\/index.php\/wp-json\/wp\/v2\/posts\/120251"}],"collection":[{"href":"https:\/\/gazdasagportal.hu\/index.php\/wp-json\/wp\/v2\/posts"}],"about":[{"href":"https:\/\/gazdasagportal.hu\/index.php\/wp-json\/wp\/v2\/types\/post"}],"author":[{"embeddable":true,"href":"https:\/\/gazdasagportal.hu\/index.php\/wp-json\/wp\/v2\/users\/1"}],"replies":[{"embeddable":true,"href":"https:\/\/gazdasagportal.hu\/index.php\/wp-json\/wp\/v2\/comments?post=120251"}],"version-history":[{"count":1,"href":"https:\/\/gazdasagportal.hu\/index.php\/wp-json\/wp\/v2\/posts\/120251\/revisions"}],"predecessor-version":[{"id":120252,"href":"https:\/\/gazdasagportal.hu\/index.php\/wp-json\/wp\/v2\/posts\/120251\/revisions\/120252"}],"wp:attachment":[{"href":"https:\/\/gazdasagportal.hu\/index.php\/wp-json\/wp\/v2\/media?parent=120251"}],"wp:term":[{"taxonomy":"category","embeddable":true,"href":"https:\/\/gazdasagportal.hu\/index.php\/wp-json\/wp\/v2\/categories?post=120251"},{"taxonomy":"post_tag","embeddable":true,"href":"https:\/\/gazdasagportal.hu\/index.php\/wp-json\/wp\/v2\/tags?post=120251"}],"curies":[{"name":"wp","href":"https:\/\/api.w.org\/{rel}","templated":true}]}}