{"id":120247,"date":"2019-10-08T10:29:14","date_gmt":"2019-10-08T08:29:14","guid":{"rendered":"http:\/\/gazdasagportal.hu\/?p=120247"},"modified":"2019-10-08T10:29:14","modified_gmt":"2019-10-08T08:29:14","slug":"ksh-28-szazalekkal-nottek-az-arak-szeptemberben","status":"publish","type":"post","link":"https:\/\/gazdasagportal.hu\/index.php\/ksh-28-szazalekkal-nottek-az-arak-szeptemberben\/","title":{"rendered":"KSH: 2,8 sz\u00e1zal\u00e9kkal n\u0151ttek az \u00e1rak szeptemberben"},"content":{"rendered":"<p><strong>A fogyaszt\u00f3i \u00e1rak \u00e1tlagosan 2,8 sz\u00e1zal\u00e9kkal voltak magasabbak szeptemberben az egy \u00e9vvel kor\u00e1bbiakn\u00e1l, augusztushoz viszony\u00edtva 0,1 sz\u00e1zal\u00e9kkal emelkedtek &#8211; jelentette a K\u00f6zponti Statisztikai Hivatal (KSH) kedden.<\/strong><!--more--><\/p>\n<div class=\"ads-in-post1\"><div id=\"gazdasagportal.hu_fullbanner_wideboard\"><\/div>\r\n<\/div>\n<p>    A szezon\u00e1lisan kiigaz\u00edtott \u00e9ves maginfl\u00e1ci\u00f3 az el\u0151z\u0151 havi 3,7 sz\u00e1zal\u00e9kr\u00f3l 3,9 sz\u00e1zal\u00e9kra n\u0151tt szeptemberben, \u00e9s 0,2 sz\u00e1zal\u00e9k ut\u00e1n 0,4 sz\u00e1zal\u00e9k volt a havi maginfl\u00e1ci\u00f3.<br \/>\n    A szeptemberi infl\u00e1ci\u00f3 janu\u00e1r \u00f3ta a legalacsonyabb \u00e9s jobban lassult az elemz\u0151k v\u00e1rakoz\u00e1s\u00e1n\u00e1l, akik 3,0 sz\u00e1zal\u00e9kos szeptemberi infl\u00e1ci\u00f3ra sz\u00e1m\u00edtottak az augusztusi 3,1 sz\u00e1zal\u00e9kot k\u00f6vet\u0151en.<br \/>\n    Az \u00e9lelmiszerek \u00e9s a doh\u00e1ny\u00e1ruk \u00e1ra emelkedett legjobban egy \u00e9v alatt, 5,1 sz\u00e1zal\u00e9kkal, illetve 12,3 sz\u00e1zal\u00e9kkal.<br \/>\n    Az \u00e9lelmiszereken bel\u00fcl a sert\u00e9sh\u00fas \u00e1ra 13,3 sz\u00e1zal\u00e9kkal emelkedett, ami 1,8 sz\u00e1zal\u00e9kponttal nagyobb az augusztusin\u00e1l. A keny\u00e9r \u00e1r\u00e1nak 8,5 sz\u00e1zal\u00e9kos emelked\u00e9se l\u00e9nyeg\u00e9ben az el\u0151z\u0151 havival megegyezik, a liszt \u00e1r\u00e1nak 7,2 sz\u00e1zal\u00e9kos emelked\u00e9se 11,3 sz\u00e1zal\u00e9kr\u00f3l f\u00e9kez\u0151d\u00f6tt le. Az id\u00e9ny\u00e1ras \u00e9lelmiszerek \u00e1remelked\u00e9se \u00e1tlagosan 6,5 sz\u00e1zal\u00e9kos volt. Az augusztusi 31,3 sz\u00e1zal\u00e9kr\u00f3l 19,4 sz\u00e1zal\u00e9kra f\u00e9kez\u0151d\u00f6tt a burgonya dr\u00e1gul\u00e1sa, a friss z\u00f6lds\u00e9gek\u00e9 23,6 sz\u00e1zal\u00e9kr\u00f3l 4,6 sz\u00e1zal\u00e9kra.<br \/>\n<div class=\"ads-in-post2\"><script async src=\"https:\/\/pagead2.googlesyndication.com\/pagead\/js\/adsbygoogle.js\"><\/script>\r\n<ins class=\"adsbygoogle\"\r\n     style=\"display:block\"\r\n     data-ad-format=\"fluid\"\r\n     data-ad-layout-key=\"-6t+ed+2i-1n-4w\"\r\n     data-ad-client=\"ca-pub-1959107119989764\"\r\n     data-ad-slot=\"4008251320\"><\/ins>\r\n<script>\r\n     (adsbygoogle = window.adsbygoogle || []).push({});\r\n<\/script><\/div>\n    Az \u00fczemanyagok \u00e9ves \u00e1rcs\u00f6kken\u00e9se az augusztusi 2,6 sz\u00e1zal\u00e9kr\u00f3l 4,6 sz\u00e1zal\u00e9kra v\u00e1ltozott. A szolg\u00e1ltat\u00e1sok 3,4 sz\u00e1zal\u00e9kkal dr\u00e1gultak egy \u00e9v alatt, az augusztusi 2,8 sz\u00e1zal\u00e9kos \u00e1remelked\u00e9s ut\u00e1n. Ezen bel\u00fcl a lakb\u00e9rek m\u00e1sodik h\u00f3napja mutatnak k\u00e9tsz\u00e1mjegy\u0171 emelked\u00e9st, 10,7 sz\u00e1zal\u00e9kost.<br \/>\n    A tart\u00f3s fogyaszt\u00e1si cikkek 1,4 sz\u00e1zal\u00e9kkal kevesebbe ker\u00fcltek, mint egy \u00e9vvel ezel\u0151tt, \u00e9ppen \u00fagy, mint augusztusban, ezen bel\u00fcl csak az \u00e9kszerek \u00e1remelked\u00e9se ugrott meg 4,4 sz\u00e1zal\u00e9kr\u00f3l 7,0 sz\u00e1zal\u00e9kra.<br \/>\n    Augusztushoz viszony\u00edtva az \u00e9lelmiszerek \u00e1ra \u00e1tlagosan nem v\u00e1ltozott szeptemberben, ezen bel\u00fcl azonban a tej 2,3 sz\u00e1zal\u00e9kkal, a tejterm\u00e9k 1,2, a sert\u00e9sh\u00fas 2,2 sz\u00e1zal\u00e9kkal dr\u00e1gult.<br \/>\n    Az id\u00e9ny\u00e1ras \u00e9lelmiszerek \u00e1ra 4,9 sz\u00e1zal\u00e9kkal cs\u00f6kkent, ugyanakkor e n\u00e9lk\u00fcl sz\u00e1molva az \u00e9lelmiszer\u00e1rak \u00e1tlagosan 0,6 sz\u00e1zal\u00e9kkal n\u0151ttek.<br \/>\n    A szeszes italok, doh\u00e1ny\u00e1ruk \u00e1ra \u00e1tlagosan 0,3 sz\u00e1zal\u00e9kkal, ezen bel\u00fcl a doh\u00e1ny\u00e1ruk\u00e9 0,7 sz\u00e1zal\u00e9kkal emelkedett.<br \/>\n    A szolg\u00e1ltat\u00e1sok\u00e9rt 0,2 sz\u00e1zal\u00e9kkal kellett t\u00f6bbet fizetni, ezen bel\u00fcl a telefon- \u00e9s internetszolg\u00e1ltat\u00e1sok 3,1 sz\u00e1zal\u00e9kkal dr\u00e1g\u00e1bbak, az \u00fcd\u00fcl\u00e9si szolg\u00e1ltat\u00e1sok 3,8 sz\u00e1zal\u00e9kkal olcs\u00f3bbak lettek.<br \/>\n    A ruh\u00e1zkod\u00e1si cikkek \u00e1ra 1,0 sz\u00e1zal\u00e9kkal n\u0151tt.<br \/>\n    Az \u00fczemanyagok \u00e1ra 0,9 sz\u00e1zal\u00e9kkal cs\u00f6kkent szeptemberben az egy h\u00f3nappal kor\u00e1bbihoz k\u00e9pest.<br \/>\n    Janu\u00e1r-szeptemberben a fogyaszt\u00f3i \u00e1rak \u00e1tlagosan 3,3 sz\u00e1zal\u00e9kkal n\u0151ttek az el\u0151z\u0151 \u00e9v azonos id\u0151szak\u00e1hoz k\u00e9pest.(MTI)<\/p>\n","protected":false},"excerpt":{"rendered":"<p>A fogyaszt\u00f3i \u00e1rak \u00e1tlagosan 2,8 sz\u00e1zal\u00e9kkal voltak magasabbak szeptemberben az egy \u00e9vvel kor\u00e1bbiakn\u00e1l, augusztushoz viszony\u00edtva 0,1 sz\u00e1zal\u00e9kkal emelkedtek &#8211; jelentette a K\u00f6zponti Statisztikai Hivatal (KSH) kedden.<\/p>\n","protected":false},"author":1,"featured_media":0,"comment_status":"closed","ping_status":"open","sticky":false,"template":"","format":"standard","meta":[],"categories":[19],"tags":[],"_links":{"self":[{"href":"https:\/\/gazdasagportal.hu\/index.php\/wp-json\/wp\/v2\/posts\/120247"}],"collection":[{"href":"https:\/\/gazdasagportal.hu\/index.php\/wp-json\/wp\/v2\/posts"}],"about":[{"href":"https:\/\/gazdasagportal.hu\/index.php\/wp-json\/wp\/v2\/types\/post"}],"author":[{"embeddable":true,"href":"https:\/\/gazdasagportal.hu\/index.php\/wp-json\/wp\/v2\/users\/1"}],"replies":[{"embeddable":true,"href":"https:\/\/gazdasagportal.hu\/index.php\/wp-json\/wp\/v2\/comments?post=120247"}],"version-history":[{"count":1,"href":"https:\/\/gazdasagportal.hu\/index.php\/wp-json\/wp\/v2\/posts\/120247\/revisions"}],"predecessor-version":[{"id":120248,"href":"https:\/\/gazdasagportal.hu\/index.php\/wp-json\/wp\/v2\/posts\/120247\/revisions\/120248"}],"wp:attachment":[{"href":"https:\/\/gazdasagportal.hu\/index.php\/wp-json\/wp\/v2\/media?parent=120247"}],"wp:term":[{"taxonomy":"category","embeddable":true,"href":"https:\/\/gazdasagportal.hu\/index.php\/wp-json\/wp\/v2\/categories?post=120247"},{"taxonomy":"post_tag","embeddable":true,"href":"https:\/\/gazdasagportal.hu\/index.php\/wp-json\/wp\/v2\/tags?post=120247"}],"curies":[{"name":"wp","href":"https:\/\/api.w.org\/{rel}","templated":true}]}}