{"id":120239,"date":"2019-10-08T08:33:37","date_gmt":"2019-10-08T06:33:37","guid":{"rendered":"http:\/\/gazdasagportal.hu\/?p=120239"},"modified":"2019-10-08T08:33:37","modified_gmt":"2019-10-08T06:33:37","slug":"az-amerikai-elnok-a-gazdasaga-tonkretetelevel-fenyegeti-torokorszagot","status":"publish","type":"post","link":"https:\/\/gazdasagportal.hu\/index.php\/az-amerikai-elnok-a-gazdasaga-tonkretetelevel-fenyegeti-torokorszagot\/","title":{"rendered":"Az amerikai eln\u00f6k a gazdas\u00e1ga t\u00f6nkret\u00e9tel\u00e9vel fenyegeti T\u00f6r\u00f6korsz\u00e1got"},"content":{"rendered":"<p><strong>Donald Trump amerikai eln\u00f6k a gazdas\u00e1ga teljes t\u00f6nkret\u00e9tel\u00e9vel \u00e9s megsemmis\u00edt\u00e9s\u00e9vel fenyegette meg T\u00f6r\u00f6korsz\u00e1got h\u00e9tf\u0151i Twitter-bejegyz\u00e9s\u00e9ben.<\/strong><!--more--><\/p>\n<div class=\"ads-in-post1\"><div id=\"gazdasagportal.hu_fullbanner_wideboard\"><\/div>\r\n<\/div>\n<p>    Az eln\u00f6k hangs\u00falyozta: &#8222;amennyiben T\u00f6r\u00f6korsz\u00e1g olyan l\u00e9p\u00e9st tesz, amelyet kimagasl\u00f3 \u00e9s p\u00e1ratlan b\u00f6lcsess\u00e9gem alapj\u00e1n megengedhetetlennek \u00edt\u00e9lek, abban az esetben t\u00f6nkreteszem \u00e9s elt\u00f6rl\u00f6m a t\u00f6r\u00f6k gazdas\u00e1got&#8221;.<br \/>\n     A Feh\u00e9r H\u00e1z vas\u00e1rnap este k\u00f6zlem\u00e9nyben jelentette be, hogy nem t\u00e1mogatja a v\u00e1rhat\u00f3 t\u00f6r\u00f6k hadm\u0171veleteket \u00c9szak-Sz\u00edri\u00e1ban, \u00e9s &#8211; ahogyan Stephanie Grisham sz\u00f3viv\u0151n\u0151 fogalmazott &#8211; &#8222;nem is bonyol\u00f3dik bele&#8221;. Az amerikai katon\u00e1k h\u00e9tf\u0151n meg is kezdt\u00e9k a kivonul\u00e1st Sz\u00edria \u00e9szakkeleti vid\u00e9keir\u0151l.<br \/>\n     T\u00f6r\u00f6korsz\u00e1g a h\u00e9t v\u00e9g\u00e9n csapatokat \u00e9s fegyvereket vont \u00f6ssze a Sz\u00edri\u00e1val szomsz\u00e9dos hat\u00e1rra azt k\u00f6vet\u0151en, hogy Recep Tayyip Erdogan t\u00f6r\u00f6k eln\u00f6k bejelentette, orsz\u00e1ga hadm\u0171veleteket ind\u00edt az Egyes\u00fclt \u00c1llamok \u00e1ltal t\u00e1mogatott kurd fegyveres koal\u00edci\u00f3, a Sz\u00edriai Demokratikus Er\u0151k (SDF) ellen. Az eln\u00f6k lesz\u00f6gezte: abban az esetben teszi t\u00f6nkre a t\u00f6r\u00f6k gazdas\u00e1got, ha Recep Tayyip Erdogan t\u00f6r\u00f6k \u00e1llamf\u0151 &#8222;megengedhetetlen&#8221; hadm\u0171veletet hajt v\u00e9gre.<br \/>\n     A Pentagon h\u00e9tf\u0151n k\u00f6zlem\u00e9nyben er\u0151s\u00edtette meg, hogy az Egyes\u00fclt \u00c1llamok nem helyesli T\u00f6r\u00f6korsz\u00e1g v\u00e1rhat\u00f3 offenz\u00edv\u00e1j\u00e1t, \u00e9s az amerikai hadsereg semmif\u00e9le m\u00f3don nem t\u00e1mogatja ezt katonailag.<br \/>\n     &#8222;A v\u00e9delmi miniszt\u00e9rium &#8211; mint ahogyan az eln\u00f6k is &#8211; vil\u00e1goss\u00e1 tette T\u00f6r\u00f6korsz\u00e1g sz\u00e1m\u00e1ra, hogy nem helyeselj\u00fck a t\u00f6r\u00f6k hadm\u0171veletet \u00c9szak-Sz\u00edri\u00e1ban. Az Egyes\u00fclt \u00c1llamok hadereje nem t\u00e1mogat ilyen hadm\u0171veletet \u00e9s nem is bonyol\u00f3dik bele&#8221; &#8211; fogalmazott k\u00f6zlem\u00e9ny\u00e9ben Jonathan Hoffman, a Pentagon sz\u00f3viv\u0151je. Hozz\u00e1tette azt is: Mark Esper v\u00e9delmi miniszter \u00e9s Mark Milley, a vez\u00e9rkari f\u0151n\u00f6k\u00f6k egyes\u00edtett bizotts\u00e1g\u00e1nak vezet\u0151je tudatta t\u00f6r\u00f6k partnereivel, hogy &#8222;egyoldal\u00fa akci\u00f3k kock\u00e1zatot jelentenek T\u00f6r\u00f6korsz\u00e1g sz\u00e1m\u00e1ra&#8221;.<br \/>\n     Az amerikai \u00e9s az orosz v\u00e9delmi miniszter h\u00e9tf\u0151n telefonbesz\u00e9lget\u00e9st folytatott egym\u00e1ssal, \u00e9rtes\u00fcl\u00e9sek szerint az amerikai f\u00e9l kezdem\u00e9nyez\u00e9s\u00e9re. A besz\u00e9lget\u00e9s tartalm\u00e1r\u00f3l semmilyen r\u00e9szletet nem hoztak nyilv\u00e1noss\u00e1gra.<br \/>\n     Donald Trump d\u00f6nt\u00e9s\u00e9t a saj\u00e1t p\u00e1rtj\u00e1ban is \u00e9les b\u00edr\u00e1latokkal illett\u00e9k. T\u00f6bb tekint\u00e9lyes republik\u00e1nus politikus ellentmond\u00e1sosnak min\u0151s\u00edtve Triump d\u00f6nt\u00e9s\u00e9t, arra h\u00edvta fel a figyelmet: az eln\u00f6k ezzel l\u00e9nyeg\u00e9ben lehet\u0151v\u00e9 teszi T\u00f6r\u00f6korsz\u00e1gnak, hogy lerohanja \u00c9szak-Sz\u00edri\u00e1t \u00e9s ak\u00e1r meg is semmis\u00edtse az Egyes\u00fclt \u00c1llamokkal sz\u00f6vets\u00e9ges kurd mil\u00edci\u00e1kat.<br \/>\n     Lindsey Graham, a Trump szoros sz\u00f6vets\u00e9gesek\u00e9nt sz\u00e1mon tartott d\u00e9l-karolinai republik\u00e1nus szen\u00e1tor Twitter-bejegyz\u00e9s\u00e9ben \u00fagy fogalmazott: &#8222;ha a sajt\u00f3jelent\u00e9sek pontosak, akkor katasztr\u00f3fa van sz\u00fclet\u0151ben&#8221;. A politikus azt j\u00f3solta, hogy a sz\u00edriai kurdok Bass\u00e1r el-Aszad sz\u00edriai eln\u00f6kkel \u00e9s Ir\u00e1nnal sz\u00f6vetkezhetnek, megromolhat T\u00f6r\u00f6korsz\u00e1g \u00e9s az amerikai kongresszus k\u00f6z\u00f6tti viszony, \u00e9s nem utols\u00f3 sorban visszat\u00e9rhet az Iszl\u00e1m \u00c1llam nev\u0171 terrorszervezet is. &#8222;A kurdok cserbenhagy\u00e1sa foltot ejt Amerika tisztess\u00e9g\u00e9n&#8221; &#8211; \u00edrta a mikroblogban.<br \/>\n     Graham nyilatkozott a Fox telev\u00edzi\u00f3nak is. Lesz\u00f6gezte: &#8222;a legnagyobb hazugs\u00e1g az, hogy az Iszl\u00e1m \u00c1llamot legy\u0151zt\u00fck&#8221;.<br \/>\n<div class=\"ads-in-post2\"><script async src=\"https:\/\/pagead2.googlesyndication.com\/pagead\/js\/adsbygoogle.js\"><\/script>\r\n<ins class=\"adsbygoogle\"\r\n     style=\"display:block\"\r\n     data-ad-format=\"fluid\"\r\n     data-ad-layout-key=\"-6t+ed+2i-1n-4w\"\r\n     data-ad-client=\"ca-pub-1959107119989764\"\r\n     data-ad-slot=\"4008251320\"><\/ins>\r\n<script>\r\n     (adsbygoogle = window.adsbygoogle || []).push({});\r\n<\/script><\/div>\n     Marco Rubio, floridai republik\u00e1nus szen\u00e1tor &#8211; szint\u00e9n a Twitteren &#8211; &#8222;s\u00falyos hib\u00e1nak&#8221; min\u0151s\u00edtette a Feh\u00e9r H\u00e1z d\u00f6nt\u00e9s\u00e9t, amelynek szerinte &#8222;Sz\u00edri\u00e1n t\u00falmutat\u00f3 k\u00f6vetkezm\u00e9nyei lesznek&#8221;.<br \/>\n     Liz Cheney wyomingi republik\u00e1nus k\u00e9pvisel\u0151 &#8222;katasztrof\u00e1lis hib\u00e1r\u00f3l&#8221; \u00edrt mikroblogj\u00e1ban. &#8222;Ez a d\u00f6nt\u00e9s figyelmen k\u00edv\u00fcl hagyja 2001. szeptember 11-e tanuls\u00e1gait. T\u00f6bb ezer m\u00e9rf\u00f6ldnyire l\u00e9v\u0151 terrorist\u00e1k ezeket a biztons\u00e1gos f\u00e9szkeket arra tudj\u00e1k \u00e9s fogj\u00e1k is haszn\u00e1lni, hogy t\u00e1mad\u00e1sokat ind\u00edtsanak az Egyes\u00fclt \u00c1llamok ellen&#8221; &#8211; \u00edrta Cheney.<br \/>\n     Nikki Haley volt ENSZ-nagyk\u00f6vet arra mutatott r\u00e1, hogy az Egyes\u00fclt \u00c1llamoknak mindig t\u00e1mogatnia kell sz\u00f6vets\u00e9geseit, ha azt v\u00e1rja el, hogy \u0151k is t\u00e1mogass\u00e1k az Egyes\u00fclt \u00c1llamokat.<br \/>\n    Mitch McConnell, a szen\u00e1tus republik\u00e1nus frakci\u00f3j\u00e1nak vezet\u0151je k\u00f6zlem\u00e9nyt adott ki, amelyben arra h\u00edvta fel a figyelmet, hogy &#8222;egy elsietett kivonul\u00e1sb\u00f3l&#8221; Oroszorsz\u00e1g, Ir\u00e1n \u00e9s Bass\u00e1r el-Aszad sz\u00edriai eln\u00f6k h\u00fazna hasznot. &#8222;Ez megn\u00f6veln\u00e9 annak a kock\u00e1zat\u00e1t, hogy az Iszl\u00e1m \u00c1llam \u00e9s m\u00e1s terrorista csoportok \u00fajraszervez\u0151djenek&#8221; &#8211; hangs\u00falyozta McConnell. Azt tan\u00e1csolta az eln\u00f6knek, hogy &#8222;\u00e9ljen az amerikai vezet\u0151 szereppel&#8221;.<br \/>\n     Susan Collins Maine-i szen\u00e1tor &#8222;sz\u00f6rnyen ostoba d\u00f6nt\u00e9snek&#8221;, Mitt Romney, Utah szen\u00e1tora pedig &#8222;\u00e1rul\u00e1snak&#8221; nevezte a kivonul\u00e1st Sz\u00edri\u00e1b\u00f3l.<br \/>\n    A republik\u00e1nus politikusok k\u00f6z\u00fcl eddig egyed\u00fclik\u00e9nt Rand Paul kentuckyi szen\u00e1tor vette v\u00e9delm\u00e9be az eln\u00f6k d\u00f6nt\u00e9s\u00e9t. \u0150 \u00fagy nyilatkozott, hogy Trump csup\u00e1n v\u00e9grehajtja azt, amit 2016-os v\u00e1laszt\u00e1si kamp\u00e1ny\u00e1ban \u00edg\u00e9rt.<br \/>\n    A Politico c\u00edm\u0171 lap &#8211; meg nem nevezett forr\u00e1sokra hivatkoz\u00f3 &#8211; \u00e9rtes\u00fcl\u00e9sei szerint az enl\u00f6k vas\u00e1rnap \u00e9jjel a nemzetbiztons\u00e1gi \u00fcgyekben illet\u00e9kes tan\u00e1csad\u00f3i v\u00e9lem\u00e9ny\u00e9nek ellen\u00e9ben d\u00f6nt\u00f6tt, \u00e9s l\u00e9p\u00e9s\u00e9vel meg is lepte \u0151ket. Nancy Pelosi, demokrata p\u00e1rti h\u00e1zeln\u00f6k arra sz\u00f3l\u00edtotta fel Trumpot, hogy &#8222;v\u00e1ltoztassa meg vesz\u00e9lyes d\u00f6nt\u00e9s\u00e9t&#8221;.(MTI)<\/p>\n","protected":false},"excerpt":{"rendered":"<p>Donald Trump amerikai eln\u00f6k a gazdas\u00e1ga teljes t\u00f6nkret\u00e9tel\u00e9vel \u00e9s megsemmis\u00edt\u00e9s\u00e9vel fenyegette meg T\u00f6r\u00f6korsz\u00e1got h\u00e9tf\u0151i Twitter-bejegyz\u00e9s\u00e9ben.<\/p>\n","protected":false},"author":1,"featured_media":0,"comment_status":"closed","ping_status":"open","sticky":false,"template":"","format":"standard","meta":[],"categories":[246],"tags":[],"_links":{"self":[{"href":"https:\/\/gazdasagportal.hu\/index.php\/wp-json\/wp\/v2\/posts\/120239"}],"collection":[{"href":"https:\/\/gazdasagportal.hu\/index.php\/wp-json\/wp\/v2\/posts"}],"about":[{"href":"https:\/\/gazdasagportal.hu\/index.php\/wp-json\/wp\/v2\/types\/post"}],"author":[{"embeddable":true,"href":"https:\/\/gazdasagportal.hu\/index.php\/wp-json\/wp\/v2\/users\/1"}],"replies":[{"embeddable":true,"href":"https:\/\/gazdasagportal.hu\/index.php\/wp-json\/wp\/v2\/comments?post=120239"}],"version-history":[{"count":1,"href":"https:\/\/gazdasagportal.hu\/index.php\/wp-json\/wp\/v2\/posts\/120239\/revisions"}],"predecessor-version":[{"id":120240,"href":"https:\/\/gazdasagportal.hu\/index.php\/wp-json\/wp\/v2\/posts\/120239\/revisions\/120240"}],"wp:attachment":[{"href":"https:\/\/gazdasagportal.hu\/index.php\/wp-json\/wp\/v2\/media?parent=120239"}],"wp:term":[{"taxonomy":"category","embeddable":true,"href":"https:\/\/gazdasagportal.hu\/index.php\/wp-json\/wp\/v2\/categories?post=120239"},{"taxonomy":"post_tag","embeddable":true,"href":"https:\/\/gazdasagportal.hu\/index.php\/wp-json\/wp\/v2\/tags?post=120239"}],"curies":[{"name":"wp","href":"https:\/\/api.w.org\/{rel}","templated":true}]}}