{"id":120233,"date":"2019-10-07T17:52:03","date_gmt":"2019-10-07T15:52:03","guid":{"rendered":"http:\/\/gazdasagportal.hu\/?p=120233"},"modified":"2019-10-07T16:53:11","modified_gmt":"2019-10-07T14:53:11","slug":"megalapitasanak-ketszazadik-evfordulojat-unnepli-az-erste","status":"publish","type":"post","link":"https:\/\/gazdasagportal.hu\/index.php\/megalapitasanak-ketszazadik-evfordulojat-unnepli-az-erste\/","title":{"rendered":"Megalap\u00edt\u00e1s\u00e1nak k\u00e9tsz\u00e1zadik \u00e9vfordul\u00f3j\u00e1t \u00fcnnepli az Erste"},"content":{"rendered":"<ul>\n<li><strong>Az Erste Csoport el\u0151dj\u00e9t 1819. okt\u00f3ber 4-\u00e9n, B\u00e9csben alap\u00edtott\u00e1k Erste Oesterreichische Spar-Casse (Els\u0151 Osztr\u00e1k Takar\u00e9kp\u00e9nzt\u00e1r) n\u00e9ven<\/strong><\/li>\n<li><strong>Az Erste Bank Hungary is hozz\u00e1j\u00e1rul ahhoz, hogy az Erste Csoport v\u00e1ljon Kelet-K\u00f6z\u00e9p-Eur\u00f3pa vezet\u0151 bankcsoportj\u00e1v\u00e1<\/strong><\/li>\n<li><strong>Az Erste 1827-ben nyitotta meg els\u0151 magyarorsz\u00e1gi fi\u00f3kj\u00e1t<\/strong><\/li>\n<\/ul>\n<p>&nbsp;<!--more--><\/p>\n<div class=\"ads-in-post1\"><div id=\"gazdasagportal.hu_fullbanner_wideboard\"><\/div>\r\n<\/div>\n<p>\u201e<em>Korra, nemre, t\u00e1rsadalmi st\u00e1tuszra, vagy nemzetis\u00e9gre val\u00f3 tekintettel senki sem z\u00e1rhat\u00f3 ki a megtakar\u00edt\u00f3k sz\u00e1m\u00e1ra k\u00edn\u00e1lt el\u0151ny\u00f6kb\u0151l<\/em>\u201d \u2013 sz\u00f6gezi le Kelet-K\u00f6z\u00e9p-Eur\u00f3pa els\u0151 takar\u00e9kp\u00e9nzt\u00e1r\u00e1nak alap\u00edt\u00f3 okirata. Ezen elvek ment\u00e9n a 200 \u00e9vvel ezel\u0151tt, B\u00e9csben alap\u00edtott Erste tov\u00e1bbra is arra t\u00f6rekszik, hogy a kelet-k\u00f6z\u00e9p-eur\u00f3pai t\u00e9rs\u00e9g minden polg\u00e1ra sz\u00e1m\u00e1ra el\u00e9rhet\u0151v\u00e9 tegye a p\u00e9nz\u00fcgyi \u00e9s t\u00e1rsadalmi fejl\u0151d\u00e9st. E mer\u00e9sz elv \u2013 vagyis \u201e<em>a j\u00f3l\u00e9t elterjeszt\u00e9se \u00e9s megszil\u00e1rd\u00edt\u00e1sa<\/em>\u201d \u2013 alapj\u00e1n az Erste 1819-es megalap\u00edt\u00e1s\u00e1t k\u00f6vet\u0151en sz\u00e1mos takar\u00e9kbank j\u00f6tt l\u00e9tre szerte a r\u00e9gi\u00f3ban.<\/p>\n<p>&nbsp;<\/p><div id=\"gazda-1799751607\" class=\"gazda-tartalomban gazda-entity-placement\"><script async src=\"https:\/\/pagead2.googlesyndication.com\/pagead\/js\/adsbygoogle.js\"><\/script>\r\n<ins class=\"adsbygoogle\"\r\n     style=\"display:block\"\r\n     data-ad-format=\"fluid\"\r\n     data-ad-layout-key=\"-6t+ed+2i-1n-4w\"\r\n     data-ad-client=\"ca-pub-1959107119989764\"\r\n     data-ad-slot=\"4008251320\"><\/ins>\r\n<script>\r\n     (adsbygoogle = window.adsbygoogle || []).push({});\r\n<\/script><\/div>\n<p>A mai Magyarorsz\u00e1g ter\u00fclet\u00e9n a fenti alapelvek ment\u00e9n l\u00e9trehozott els\u0151 takar\u00e9kbank 1827-ben, Gy\u0151rben alakult meg. Ma az Erste Bank Hungary t\u00f6bb mint egymilli\u00f3 \u00fcgyfelet szolg\u00e1l ki amellett, hogy elk\u00f6telezett maradt a p\u00e9nz\u00fcgyi tudatoss\u00e1g kialak\u00edt\u00e1sa mellett.<\/p>\n<p>&nbsp;<\/p>\n<p>Andreas Treichl, az Erste Group Bank AG vez\u00e9rigazgat\u00f3ja: \u201eB\u00fcszk\u00e9k vagyunk \u00f6r\u00f6ks\u00e9g\u00fcnkre, valamint arra, hogy alap\u00edt\u00e1skori elveink t\u00fal\u00e9lt\u00e9k az id\u0151k viharait \u00e9s relev\u00e1nsak maradtak ma is. Az eml\u00edtett alapelvek \u00e9s el\u0151remutat\u00f3 gondolkod\u00e1sunk form\u00e1lta azt a p\u00e9nzint\u00e9zetet, ami m\u00e1ra az Erste Csoportt\u00e1 n\u0151tte ki mag\u00e1t: egy modern, lakoss\u00e1gi \u00e9s kereskedelmi bankk\u00e1, amely komolyan elk\u00f6telezett Kelet-K\u00f6z\u00e9p-Eur\u00f3pa ir\u00e1nt. J\u00f6v\u0151beli utunkat is az alap\u00edt\u00e1skori elvek vez\u00e9rlik, hiszen tov\u00e1bbra is \u00fcgyfeleink seg\u00edts\u00e9g\u00e9re lesz\u00fcnk abban, hogy gondozz\u00e1k p\u00e9nz\u00fcgyi eg\u00e9szs\u00e9g\u00fcket, megteremts\u00e9k \u00e9s megszil\u00e1rd\u00edts\u00e1k maguknak a j\u00f3l\u00e9tet, valamint \u00faj \u00fczleti \u00f6lteteket \u00e9s szem\u00e9lyes c\u00e9lkit\u0171z\u00e9seket val\u00f3s\u00edtsanak meg\u201d.<\/p>\n<div class=\"ads-in-post2\"><script async src=\"https:\/\/pagead2.googlesyndication.com\/pagead\/js\/adsbygoogle.js\"><\/script>\r\n<ins class=\"adsbygoogle\"\r\n     style=\"display:block\"\r\n     data-ad-format=\"fluid\"\r\n     data-ad-layout-key=\"-6t+ed+2i-1n-4w\"\r\n     data-ad-client=\"ca-pub-1959107119989764\"\r\n     data-ad-slot=\"4008251320\"><\/ins>\r\n<script>\r\n     (adsbygoogle = window.adsbygoogle || []).push({});\r\n<\/script><\/div>\n&nbsp;<\/p>\n<p>Jelasity Radov\u00e1n, az Erste Bank Hungary vez\u00e9rigazgat\u00f3ja: B\u00fcszk\u00e9k vagyunk arra, hogy a r\u00e9gi\u00f3 legnagyobb bankcsoportj\u00e1nak r\u00e9szek\u00e9nt seg\u00edthetj\u00fck Magyarorsz\u00e1g n\u00f6veked\u00e9s\u00e9t, \u00e9s ezzel a j\u00f3l\u00e9t kiterjeszt\u00e9s\u00e9t. Magunk\u00e9nak valljuk a takar\u00e9kp\u00e9nzt\u00e1r 200 \u00e9ves alapelveit, igyeksz\u00fcnk minden nap bizony\u00edtani, hogy az Erste t\u00f6bb, mint egy bank: tan\u00e1csot adunk \u00fcgyfeleinknek, seg\u00edtj\u00fck a p\u00e9nz\u00fcgyi stabilit\u00e1suk megteremt\u00e9s\u00e9t. T\u00f6bb olyan szervezetnek, t\u00e1rsadalmi v\u00e1llalkoz\u00e1snak seg\u00edt\u00fcnk tud\u00e1sunkkal, illetve finansz\u00edroz\u00e1ssal, melyek h\u00e1tr\u00e1nyos helyzet\u0171 embereknek adnak munk\u00e1t, \u00e9rt\u00e9ket teremtenek. Az Erste Bank elk\u00f6telezett a r\u00e9gi\u00f3 \u00e9s Magyarorsz\u00e1g mellett, fejleszt\u00e9seivel folyamatosan alkalmazkodik \u00fcgyfelei ig\u00e9nyeihez, innov\u00e1ci\u00f3ival p\u00e9ld\u00e1t mutat a p\u00e9nz\u00fcgyi szektornak. A meg\u00fajul\u00e1s k\u00e9pess\u00e9ge tett minket felk\u00e9sz\u00fcltt\u00e9 az elm\u00falt \u00e9vekben el\u00e9rt gyors b\u0151v\u00fcl\u00e9sre, hat\u00e9konys\u00e1gunk n\u00f6vel\u00e9s\u00e9re, amelynek eredm\u00e9nyek\u00e9nt hossz\u00fa t\u00e1von is a legnagyobb magyar bankok k\u00f6z\u00f6tt lehet\u00fcnk.\u201d<\/p>\n<p>&nbsp;<\/p>\n","protected":false},"excerpt":{"rendered":"<p>Az Erste Csoport el\u0151dj\u00e9t 1819. okt\u00f3ber 4-\u00e9n, B\u00e9csben alap\u00edtott\u00e1k Erste Oesterreichische Spar-Casse (Els\u0151 Osztr\u00e1k Takar\u00e9kp\u00e9nzt\u00e1r) n\u00e9ven Az Erste Bank Hungary is hozz\u00e1j\u00e1rul ahhoz, hogy az Erste Csoport v\u00e1ljon Kelet-K\u00f6z\u00e9p-Eur\u00f3pa vezet\u0151 bankcsoportj\u00e1v\u00e1 Az Erste 1827-ben nyitotta meg els\u0151 magyarorsz\u00e1gi fi\u00f3kj\u00e1t &nbsp;<\/p>\n","protected":false},"author":1,"featured_media":0,"comment_status":"closed","ping_status":"open","sticky":false,"template":"","format":"standard","meta":[],"categories":[4,12,19],"tags":[],"_links":{"self":[{"href":"https:\/\/gazdasagportal.hu\/index.php\/wp-json\/wp\/v2\/posts\/120233"}],"collection":[{"href":"https:\/\/gazdasagportal.hu\/index.php\/wp-json\/wp\/v2\/posts"}],"about":[{"href":"https:\/\/gazdasagportal.hu\/index.php\/wp-json\/wp\/v2\/types\/post"}],"author":[{"embeddable":true,"href":"https:\/\/gazdasagportal.hu\/index.php\/wp-json\/wp\/v2\/users\/1"}],"replies":[{"embeddable":true,"href":"https:\/\/gazdasagportal.hu\/index.php\/wp-json\/wp\/v2\/comments?post=120233"}],"version-history":[{"count":1,"href":"https:\/\/gazdasagportal.hu\/index.php\/wp-json\/wp\/v2\/posts\/120233\/revisions"}],"predecessor-version":[{"id":120234,"href":"https:\/\/gazdasagportal.hu\/index.php\/wp-json\/wp\/v2\/posts\/120233\/revisions\/120234"}],"wp:attachment":[{"href":"https:\/\/gazdasagportal.hu\/index.php\/wp-json\/wp\/v2\/media?parent=120233"}],"wp:term":[{"taxonomy":"category","embeddable":true,"href":"https:\/\/gazdasagportal.hu\/index.php\/wp-json\/wp\/v2\/categories?post=120233"},{"taxonomy":"post_tag","embeddable":true,"href":"https:\/\/gazdasagportal.hu\/index.php\/wp-json\/wp\/v2\/tags?post=120233"}],"curies":[{"name":"wp","href":"https:\/\/api.w.org\/{rel}","templated":true}]}}