{"id":120196,"date":"2019-10-06T11:31:45","date_gmt":"2019-10-06T09:31:45","guid":{"rendered":"http:\/\/gazdasagportal.hu\/?p=120196"},"modified":"2019-10-06T11:31:45","modified_gmt":"2019-10-06T09:31:45","slug":"heti-makronaptar-inflacios-ipari-adatok-varhatoak-a-jovo-heten","status":"publish","type":"post","link":"https:\/\/gazdasagportal.hu\/index.php\/heti-makronaptar-inflacios-ipari-adatok-varhatoak-a-jovo-heten\/","title":{"rendered":"Heti makronapt\u00e1r &#8211; Infl\u00e1ci\u00f3s, ipari adatok v\u00e1rhat\u00f3ak a j\u00f6v\u0151 h\u00e9ten"},"content":{"rendered":"<p><strong>T\u00f6bb statisztikai adat is megjelenik a k\u00f6vetkez\u0151 h\u00e9ten, k\u00f6z\u00fcl\u00fck kiemelkedik a szeptemberi infl\u00e1ci\u00f3s adat \u00e9s az augusztusi ipari termel\u00e9s, valamint az \u00e1llamh\u00e1ztart\u00e1s k\u00f6zponti alrendszer\u00e9nek szeptember v\u00e9gi helyzet\u00e9r\u0151l sz\u00f3l\u00f3 gyorst\u00e1j\u00e9koztat\u00f3.<\/strong><!--more--><\/p>\n<div class=\"ads-in-post1\"><div id=\"gazdasagportal.hu_fullbanner_wideboard\"><\/div>\r\n<\/div>\n<p>    H\u00e9tf\u0151n k\u00f6zli a K\u00f6zponti Statisztikai Hivatal (KSH) az ipari termel\u00e9s augusztusi alakul\u00e1s\u00e1nak els\u0151 becsl\u00e9s\u00e9t. J\u00faliusban az ipari termel\u00e9s volumene 12,0 sz\u00e1zal\u00e9kkal n\u0151tt az egy \u00e9vvel kor\u00e1bbihoz k\u00e9pest. A munkanaphat\u00e1st\u00f3l megtiszt\u00edtott adatok  szerint 8,7 sz\u00e1zal\u00e9kkal emelkedett a termel\u00e9s. 2017 m\u00e1rciusa \u00f3ta nem volt ekkor n\u00f6veked\u00e9s az ipari termel\u00e9sben. Az els\u0151 f\u00e9l\u00e9vi 5,4 sz\u00e1zal\u00e9kos n\u00f6veked\u00e9s ut\u00e1n az els\u0151 h\u00e9t h\u00f3napban 6,3 sz\u00e1zal\u00e9kkal n\u0151tt a kibocs\u00e1t\u00e1s a tavalyi 3,5 sz\u00e1zal\u00e9kot k\u00f6vet\u0151en.<br \/>\n    Kedden k\u00f6zli a P\u00e9nz\u00fcgyminiszt\u00e9rium (PM) az \u00e1llamh\u00e1ztart\u00e1s k\u00f6zponti alrendszer\u00e9nek szeptemberi v\u00e9gi helyzet\u00e9r\u0151l sz\u00f3l\u00f3 gyorst\u00e1j\u00e9koztat\u00f3j\u00e1t. Az \u00e1llamh\u00e1ztart\u00e1s k\u00f6zponti alrendszer\u00e9nek hi\u00e1nya augusztusban 158,0 milli\u00e1rd forint volt, \u00edgy a deficit az els\u0151 nyolc h\u00f3napban 510,8 milli\u00e1rd forintot tett ki., ami az \u00e9ves terv 51,2 sz\u00e1zal\u00e9ka.<br \/>\n    Szint\u00e9n kedden a K\u00f6zponti Statisztikai Hivatal (KSH) publik\u00e1lja a fogyaszt\u00f3i \u00e1rak szeptemberi statisztik\u00e1j\u00e1t. Augusztusban \u00e1tlagosan 3,1 sz\u00e1zal\u00e9kkal n\u0151ttek a fogyaszt\u00f3i \u00e1rak az egy \u00e9vvel kor\u00e1bbiakhoz k\u00e9pest, j\u00faliushoz viszony\u00edtva 0,1 sz\u00e1zal\u00e9kkal cs\u00f6kkentek. Az \u00e9ves \u00e1remelked\u00e9s \u00fcteme harmadik h\u00f3napja cs\u00f6kken, j\u00faliusban 3,3 sz\u00e1zal\u00e9kos volt.<br \/>\n<div class=\"ads-in-post2\"><script async src=\"https:\/\/pagead2.googlesyndication.com\/pagead\/js\/adsbygoogle.js\"><\/script>\r\n<ins class=\"adsbygoogle\"\r\n     style=\"display:block\"\r\n     data-ad-format=\"fluid\"\r\n     data-ad-layout-key=\"-6t+ed+2i-1n-4w\"\r\n     data-ad-client=\"ca-pub-1959107119989764\"\r\n     data-ad-slot=\"4008251320\"><\/ins>\r\n<script>\r\n     (adsbygoogle = window.adsbygoogle || []).push({});\r\n<\/script><\/div>\n    Szerd\u00e1n a k\u00fclkereskedelmi forgalom augusztusi els\u0151 becsl\u00e9se jelenik meg. J\u00faliusban az export eur\u00f3ban sz\u00e1molt \u00e9rt\u00e9ke 8,3, az import\u00e9 9,2 sz\u00e1zal\u00e9kkal haladta meg az egy \u00e9vvel kor\u00e1bbit, az el\u0151z\u0151 havi 7,3 sz\u00e1zal\u00e9kos, illetve 2,3 sz\u00e1zal\u00e9kos cs\u00f6kken\u00e9s ut\u00e1n. A 204 milli\u00f3 eur\u00f3 havi exportt\u00f6bblet 53 milli\u00f3 eur\u00f3val kevesebb a tavaly j\u00faliusin\u00e1l. Az \u00e9v els\u0151 h\u00e9t h\u00f3napj\u00e1ban az export 3,9 sz\u00e1zal\u00e9kkal, az import 6,0 sz\u00e1zal\u00e9kkal emelkedett a tavalyi \u00e9v azonos id\u0151szak\u00e1hoz m\u00e9rve, a 3,289 milli\u00e1rd eur\u00f3 k\u00fclkereskedelmi m\u00e9rlegt\u00f6bblet 1,076 milli\u00e1rd eur\u00f3val kevesebb lett.<br \/>\n    P\u00e9nteken a kereskedelmi sz\u00e1ll\u00e1shelyek augusztusi forgalm\u00e1nak adatai jelennek meg.<br \/>\n    J\u00faliusban a k\u00fclf\u00f6ldi vend\u00e9gek sz\u00e1ma 2,4, a vend\u00e9g\u00e9jszak\u00e1k\u00e9 5,4 sz\u00e1zal\u00e9kkal cs\u00f6kkent az egy \u00e9vvel kor\u00e1bbihoz viszony\u00edtva. A sz\u00e1ll\u00e1shelyekre \u00e9rkezett 687 ezer vend\u00e9g 1,884 milli\u00f3 vend\u00e9g\u00e9jszak\u00e1t t\u00f6lt\u00f6tt el. A belf\u00f6ldi vend\u00e9gek \u00e9s vend\u00e9g\u00e9jszak\u00e1k sz\u00e1ma egyar\u00e1nt 1,5 sz\u00e1zal\u00e9kkal volt kevesebb. A vend\u00e9gsz\u00e1m 846 ezer, az elt\u00f6lt\u00f6tt vend\u00e9g\u00e9jszak\u00e1k\u00e9 2,536  milli\u00f3 volt. A kereskedelmi sz\u00e1ll\u00e1shelyeken elt\u00f6lt\u00f6tt vend\u00e9g\u00e9jszak\u00e1k sz\u00e1ma egy\u00fcttesen 3,2 sz\u00e1zal\u00e9kkal maradt el a tavaly j\u00faliusit\u00f3l. A sz\u00e1llod\u00e1k szobakihaszn\u00e1lts\u00e1ga 1,0 sz\u00e1zal\u00e9kponttal, 71,7 sz\u00e1zal\u00e9kosra cs\u00f6kkent volt. Az \u00f6sszes brutt\u00f3 \u00e1rbev\u00e9tel foly\u00f3 \u00e1ron 4,7 sz\u00e1zal\u00e9kkal,  62,206 milli\u00e1rd forintra, ezen bel\u00fcl a sz\u00e1ll\u00e1sd\u00edjbev\u00e9tel 4,5 sz\u00e1zal\u00e9kkal, 39,658 milli\u00e1rd forintra emelkedett.(MTI)<\/p>\n","protected":false},"excerpt":{"rendered":"<p>T\u00f6bb statisztikai adat is megjelenik a k\u00f6vetkez\u0151 h\u00e9ten, k\u00f6z\u00fcl\u00fck kiemelkedik a szeptemberi infl\u00e1ci\u00f3s adat \u00e9s az augusztusi ipari termel\u00e9s, valamint az \u00e1llamh\u00e1ztart\u00e1s k\u00f6zponti alrendszer\u00e9nek szeptember v\u00e9gi helyzet\u00e9r\u0151l sz\u00f3l\u00f3 gyorst\u00e1j\u00e9koztat\u00f3.<\/p>\n","protected":false},"author":1001003,"featured_media":0,"comment_status":"closed","ping_status":"open","sticky":false,"template":"","format":"standard","meta":[],"categories":[19],"tags":[],"_links":{"self":[{"href":"https:\/\/gazdasagportal.hu\/index.php\/wp-json\/wp\/v2\/posts\/120196"}],"collection":[{"href":"https:\/\/gazdasagportal.hu\/index.php\/wp-json\/wp\/v2\/posts"}],"about":[{"href":"https:\/\/gazdasagportal.hu\/index.php\/wp-json\/wp\/v2\/types\/post"}],"author":[{"embeddable":true,"href":"https:\/\/gazdasagportal.hu\/index.php\/wp-json\/wp\/v2\/users\/1001003"}],"replies":[{"embeddable":true,"href":"https:\/\/gazdasagportal.hu\/index.php\/wp-json\/wp\/v2\/comments?post=120196"}],"version-history":[{"count":1,"href":"https:\/\/gazdasagportal.hu\/index.php\/wp-json\/wp\/v2\/posts\/120196\/revisions"}],"predecessor-version":[{"id":120197,"href":"https:\/\/gazdasagportal.hu\/index.php\/wp-json\/wp\/v2\/posts\/120196\/revisions\/120197"}],"wp:attachment":[{"href":"https:\/\/gazdasagportal.hu\/index.php\/wp-json\/wp\/v2\/media?parent=120196"}],"wp:term":[{"taxonomy":"category","embeddable":true,"href":"https:\/\/gazdasagportal.hu\/index.php\/wp-json\/wp\/v2\/categories?post=120196"},{"taxonomy":"post_tag","embeddable":true,"href":"https:\/\/gazdasagportal.hu\/index.php\/wp-json\/wp\/v2\/tags?post=120196"}],"curies":[{"name":"wp","href":"https:\/\/api.w.org\/{rel}","templated":true}]}}