{"id":120168,"date":"2019-10-04T13:03:05","date_gmt":"2019-10-04T11:03:05","guid":{"rendered":"http:\/\/gazdasagportal.hu\/?p=120168"},"modified":"2019-10-04T13:03:05","modified_gmt":"2019-10-04T11:03:05","slug":"bartfai-mager-andrea-az-allami-vallalatok-jaruljanak-hozza-a-gazdasagi-novekedeshez","status":"publish","type":"post","link":"https:\/\/gazdasagportal.hu\/index.php\/bartfai-mager-andrea-az-allami-vallalatok-jaruljanak-hozza-a-gazdasagi-novekedeshez\/","title":{"rendered":"B\u00e1rtfai-Mager Andrea: az \u00e1llami v\u00e1llalatok j\u00e1ruljanak hozz\u00e1 a gazdas\u00e1gi n\u00f6veked\u00e9shez"},"content":{"rendered":"<p><strong>Az \u00e1llami v\u00e1llalatok &#8222;ne vigyenek, hanem hozzanak&#8221;, azaz j\u00e1ruljanak hozz\u00e1 a gazdas\u00e1gi n\u00f6veked\u00e9shez, a versenyk\u00e9pess\u00e9ghez, Magyarorsz\u00e1g region\u00e1lis \u00e9s nemzetk\u00f6zi gazdas\u00e1gi szerep\u00e9nek er\u0151s\u00edt\u00e9s\u00e9hez! Ez nem val\u00f3sulhatna meg az \u00e1llami v\u00e1llalatok egy\u00fcttm\u0171k\u00f6d\u00e9se, k\u00f6z\u00f6s munk\u00e1ja n\u00e9lk\u00fcl &#8211; hangs\u00falyozta B\u00e1rtfai-Mager Andrea nemzeti vagyon kezel\u00e9s\u00e9\u00e9rt felel\u0151s t\u00e1rca n\u00e9lk\u00fcli miniszter p\u00e9nteken a M\u00c1V Zrt. \u00e9s az MVM Zrt. egy\u00fcttm\u0171k\u00f6d\u00e9si meg\u00e1llapod\u00e1s\u00e1nak al\u00e1\u00edr\u00e1sa alkalm\u00e1b\u00f3l Budapesten.<\/strong><!--more--><\/p>\n<div class=\"ads-in-post1\"><div id=\"gazdasagportal.hu_fullbanner_wideboard\"><\/div>\r\n<\/div>\n<p>    A t\u00e1rca n\u00e9lk\u00fcli miniszter jelenl\u00e9t\u00e9ben Homolya R\u00f3bert, a M\u00c1V Zrt. eln\u00f6k-vez\u00e9rigazgat\u00f3ja \u00e9s K\u00f3bor Gy\u00f6rgy, az MVM Magyar Villamos M\u0171vek Zrt. eln\u00f6k-vez\u00e9rigazgat\u00f3ja egy\u00fcttm\u0171k\u00f6d\u00e9si meg\u00e1llapod\u00e1st \u00edrt al\u00e1, amelynek c\u00e9lja az eddig is j\u00f3l m\u0171k\u00f6d\u0151 kapcsolat er\u0151s\u00edt\u00e9se, b\u0151v\u00edt\u00e9se az innov\u00e1ci\u00f3 \u00e9s kutat\u00e1s-fejleszt\u00e9s, a szakk\u00e9pz\u00e9s, valamint a villamosenergia-szolg\u00e1ltat\u00e1sok ter\u00fclet\u00e9n.<br \/>\n    A t\u00e1rca n\u00e9lk\u00fcli miniszter hangs\u00falyozta, azon dolgoznak, hogy az \u00e1llami vagyongazd\u00e1lkod\u00e1s hat\u00e9kony legyen, \u00e1llami vagyongyarapod\u00e1s k\u00f6vetkezzen be, \u00e9s valamennyi \u00e1llami c\u00e9gn\u00e9l \u00e9rv\u00e9nyes\u00fcljenek az egys\u00e9ges portf\u00f3li\u00f3-kezel\u00e9si elvek.<br \/>\n    Az eddigi eredm\u00e9nyek azt mutatj\u00e1k, hogy olyan \u00e1llami vagyongazd\u00e1lkod\u00e1si rendszert hoztak l\u00e9tre, amely bizony\u00edtja, az \u00e1llam is tud j\u00f3 gazda lenni &#8211; jelentette ki B\u00e1rtfai-Mager Andrea.<br \/>\n    B\u00e1rtfai-Mager Andrea felid\u00e9zte, hogy a nemzeti vagyongazd\u00e1lkod\u00e1sban jelent\u0151s v\u00e1ltoz\u00e1s t\u00f6rt\u00e9nt 2010 ut\u00e1n. Az elm\u00falt kilenc \u00e9vben a k\u00f6zvagyon gyarap\u00edt\u00e1sa, \u00e9sszer\u0171 \u00e9s gazdas\u00e1gos hasznos\u00edt\u00e1sa lett az els\u0151dleges c\u00e9l, m\u00edg kor\u00e1bban a nemzeti vagyon fel\u00e9l\u00e9se, ki\u00e1rus\u00edt\u00e1sa volt a jellemz\u0151.<br \/>\n    Fontosnak nevezte, hogy az \u00e1llami v\u00e1llalatok min\u00e9l t\u00f6bb egy\u00fcttm\u0171k\u00f6d\u00e9si lehet\u0151s\u00e9get tal\u00e1ljanak, ez\u00e9rt folyamatosan arra \u00f6szt\u00f6nzik \u0151ket, hogy ossz\u00e1k meg tapasztalataikat, keress\u00e9k meg a lehets\u00e9ges egy\u00fcttm\u0171k\u00f6d\u00e9si pontokat, akn\u00e1zz\u00e1k ki a szinergia lehet\u0151s\u00e9geket.<br \/>\n<div class=\"ads-in-post2\"><script async src=\"https:\/\/pagead2.googlesyndication.com\/pagead\/js\/adsbygoogle.js\"><\/script>\r\n<ins class=\"adsbygoogle\"\r\n     style=\"display:block\"\r\n     data-ad-format=\"fluid\"\r\n     data-ad-layout-key=\"-6t+ed+2i-1n-4w\"\r\n     data-ad-client=\"ca-pub-1959107119989764\"\r\n     data-ad-slot=\"4008251320\"><\/ins>\r\n<script>\r\n     (adsbygoogle = window.adsbygoogle || []).push({});\r\n<\/script><\/div>\n    A strat\u00e9giai vagyon \u00e9s az \u00e1llami k\u00f6zszolg\u00e1ltat\u00e1s szempontj\u00e1b\u00f3l k\u00e9t meghat\u00e1roz\u00f3 v\u00e1llalat ismerte fel az egy\u00fcttm\u0171k\u00f6d\u00e9sben l\u00e9v\u0151 el\u0151ny\u00f6ket, a M\u00c1V-csoport az orsz\u00e1g legnagyobb munk\u00e1ltat\u00f3ja, infrastrukt\u00far\u00e1ja \u00e9s szolg\u00e1ltat\u00e1sa meghat\u00e1rozza a mindennapokat, \u00e9pp \u00fagy, mint az MVM, amelynek m\u0171k\u00f6d\u00e9se lefedi a teljes hazai energetikai rendszert. A k\u00e9t t\u00e1rsas\u00e1g a j\u00f6v\u0151ben egy\u00fcttm\u0171k\u00f6dik a szakemberk\u00e9pz\u00e9sben, a kutat\u00e1s-fejleszt\u00e9s ter\u00fclet\u00e9n, villamosenergetikai k\u00e9rd\u00e9sekben, egyben elk\u00f6telezik magukat olyan kultur\u00e1lis, oktat\u00e1si tev\u00e9kenys\u00e9gek mellett is, amelyek \u00e9rintik a telep\u00fcl\u00e9sek, a helyi k\u00f6z\u00f6ss\u00e9gek \u00e9let\u00e9t &#8211; mondta B\u00e1rtfai-Mager Andrea.<br \/>\n    K\u00f3bor Gy\u00f6rgy, az MVM Zrt. eln\u00f6k-vez\u00e9rigazgat\u00f3ja kiemelte, a k\u00e9t t\u00e1rsas\u00e1g k\u00f6z\u00f6tt t\u00f6bb olyan szinergia is van, amelyre \u00e9rdemes \u00e9p\u00edteni. Mindk\u00e9t t\u00e1rsas\u00e1g jelent\u0151s infrastrukt\u00far\u00e1val rendelkezik, eszk\u00f6z\u00e1llom\u00e1nyuk nemzetgazdas\u00e1gilag is jelent\u0151s, sok munkav\u00e1llal\u00f3t foglalkoztatnak. A k\u00f6zleked\u00e9st \u00e9s az energetikai szektort \u00f6sszek\u00f6ti az elektromos k\u00f6zleked\u00e9s is &#8211; tette hozz\u00e1.<br \/>\n    Homolya R\u00f3bert, a M\u00c1V Zrt. eln\u00f6k-vez\u00e9rigazgat\u00f3ja fontosnak nevezte a fenntarthat\u00f3s\u00e1gi szempontok \u00e9rv\u00e9nyes\u00fcl\u00e9s\u00e9t, \u00e9s utalt arra, hogy a M\u00c1V-csoport  az egyik legt\u00f6bb ipari energi\u00e1t felhaszn\u00e1l\u00f3 c\u00e9g az orsz\u00e1gban, a t\u00e1rsas\u00e1gcsoport 2018-ban vontat\u00e1si c\u00e9lra t\u00f6bb mint 900 gigawatt\u00f3ra (GWh), egy\u00e9b c\u00e9lra t\u00f6bb mint 170 GWh energi\u00e1t fogyasztott el.(MTI)<\/p>\n","protected":false},"excerpt":{"rendered":"<p>Az \u00e1llami v\u00e1llalatok &#8222;ne vigyenek, hanem hozzanak&#8221;, azaz j\u00e1ruljanak hozz\u00e1 a gazdas\u00e1gi n\u00f6veked\u00e9shez, a versenyk\u00e9pess\u00e9ghez, Magyarorsz\u00e1g region\u00e1lis \u00e9s nemzetk\u00f6zi gazdas\u00e1gi szerep\u00e9nek er\u0151s\u00edt\u00e9s\u00e9hez! Ez nem val\u00f3sulhatna meg az \u00e1llami v\u00e1llalatok egy\u00fcttm\u0171k\u00f6d\u00e9se, k\u00f6z\u00f6s munk\u00e1ja n\u00e9lk\u00fcl &#8211; hangs\u00falyozta B\u00e1rtfai-Mager Andrea nemzeti vagyon kezel\u00e9s\u00e9\u00e9rt felel\u0151s t\u00e1rca n\u00e9lk\u00fcli miniszter p\u00e9nteken a M\u00c1V Zrt. \u00e9s az MVM Zrt. egy\u00fcttm\u0171k\u00f6d\u00e9si meg\u00e1llapod\u00e1s\u00e1nak al\u00e1\u00edr\u00e1sa &#8230;<\/p>\n","protected":false},"author":1,"featured_media":0,"comment_status":"closed","ping_status":"open","sticky":false,"template":"","format":"standard","meta":[],"categories":[19],"tags":[],"_links":{"self":[{"href":"https:\/\/gazdasagportal.hu\/index.php\/wp-json\/wp\/v2\/posts\/120168"}],"collection":[{"href":"https:\/\/gazdasagportal.hu\/index.php\/wp-json\/wp\/v2\/posts"}],"about":[{"href":"https:\/\/gazdasagportal.hu\/index.php\/wp-json\/wp\/v2\/types\/post"}],"author":[{"embeddable":true,"href":"https:\/\/gazdasagportal.hu\/index.php\/wp-json\/wp\/v2\/users\/1"}],"replies":[{"embeddable":true,"href":"https:\/\/gazdasagportal.hu\/index.php\/wp-json\/wp\/v2\/comments?post=120168"}],"version-history":[{"count":1,"href":"https:\/\/gazdasagportal.hu\/index.php\/wp-json\/wp\/v2\/posts\/120168\/revisions"}],"predecessor-version":[{"id":120169,"href":"https:\/\/gazdasagportal.hu\/index.php\/wp-json\/wp\/v2\/posts\/120168\/revisions\/120169"}],"wp:attachment":[{"href":"https:\/\/gazdasagportal.hu\/index.php\/wp-json\/wp\/v2\/media?parent=120168"}],"wp:term":[{"taxonomy":"category","embeddable":true,"href":"https:\/\/gazdasagportal.hu\/index.php\/wp-json\/wp\/v2\/categories?post=120168"},{"taxonomy":"post_tag","embeddable":true,"href":"https:\/\/gazdasagportal.hu\/index.php\/wp-json\/wp\/v2\/tags?post=120168"}],"curies":[{"name":"wp","href":"https:\/\/api.w.org\/{rel}","templated":true}]}}