{"id":120164,"date":"2019-10-04T11:05:17","date_gmt":"2019-10-04T09:05:17","guid":{"rendered":"http:\/\/gazdasagportal.hu\/?p=120164"},"modified":"2019-10-04T11:05:17","modified_gmt":"2019-10-04T09:05:17","slug":"a-cnn-hirtelevizio-visszautasitotta-donald-trump-ket-kampanyvideojanak-sugarzasat","status":"publish","type":"post","link":"https:\/\/gazdasagportal.hu\/index.php\/a-cnn-hirtelevizio-visszautasitotta-donald-trump-ket-kampanyvideojanak-sugarzasat\/","title":{"rendered":"A CNN h\u00edrtelev\u00edzi\u00f3 visszautas\u00edtotta Donald Trump k\u00e9t kamp\u00e1nyvide\u00f3j\u00e1nak sug\u00e1rz\u00e1s\u00e1t"},"content":{"rendered":"<p><strong>Visszautas\u00edtotta Donald Trump amerikai eln\u00f6k k\u00e9t kamp\u00e1nyvide\u00f3j\u00e1nak sug\u00e1rz\u00e1s\u00e1t a CNN h\u00edrtelev\u00edzi\u00f3.  <\/strong><!--more--><\/p>\n<div class=\"ads-in-post1\"><div id=\"gazdasagportal.hu_fullbanner_wideboard\"><\/div>\r\n<\/div>\n<p>    A telev\u00edzi\u00f3 cs\u00fct\u00f6rt\u00f6k este azzal indokolta a d\u00f6nt\u00e9s\u00e9t, hogy az \u00fajrav\u00e1laszt\u00e1si kamp\u00e1ny k\u00e9t elutas\u00edtott vide\u00f3ja nem volt t\u00e9nyszer\u0171. A kamp\u00e1ny egy harmadik rekl\u00e1mj\u00e1t azonban sug\u00e1rozni fogj\u00e1k.     Az egyik vide\u00f3 Joe Biden volt aleln\u00f6k, a demokrat\u00e1k pillanatnyilag leges\u00e9lyesebb eln\u00f6kjel\u00f6lt-aspir\u00e1nsa elleni v\u00e1dakkal foglalkozott, a telev\u00edzi\u00f3 illet\u00e9kesei azonban k\u00f6z\u00f6lt\u00e9k, hogy e v\u00e1dak nem megalapozottak, ez\u00e9rt nem hajland\u00f3k sug\u00e1rozni. R\u00e1ad\u00e1sul a vide\u00f3ban a &#8222;m\u00e9dia-\u00f6lebekr\u0151l&#8221; besz\u00e9ltek, \u00e9s k\u00f6zben a CNN m\u0171sorvezet\u0151inek fot\u00f3it j\u00e1tszott\u00e1k be. A telev\u00edzi\u00f3 vezet\u00e9se k\u00f6z\u00f6lte: elfogadhatatlannak tartja a munkat\u00e1rsai \u00f3cs\u00e1rl\u00e1s\u00e1t.     A m\u00e1sik kamp\u00e1nyanyag a Donald Trump \u00e9s Volodimir Zelenszkij ukr\u00e1n eln\u00f6k k\u00f6z\u00f6tti j\u00faliusi, vitatott telefonbesz\u00e9lget\u00e9s kisziv\u00e1rogtat\u00f3j\u00e1r\u00f3l sz\u00f3lt, \u00e9s a t\u00f6bbi k\u00f6z\u00f6tt megism\u00e9telte Trump kijelent\u00e9s\u00e9t, miszerint a felment\u00e9s\u00e9t c\u00e9lz\u00f3 alkotm\u00e1nyos elj\u00e1r\u00e1shoz (impeachment) sz\u00fcks\u00e9ges vizsg\u00e1latok \u00e9s az eg\u00e9sz folyamat nem m\u00e1s, mint &#8222;\u00e1llamcs\u00edny&#8221;.<br \/>\n<div class=\"ads-in-post2\"><script async src=\"https:\/\/pagead2.googlesyndication.com\/pagead\/js\/adsbygoogle.js\"><\/script>\r\n<ins class=\"adsbygoogle\"\r\n     style=\"display:block\"\r\n     data-ad-format=\"fluid\"\r\n     data-ad-layout-key=\"-6t+ed+2i-1n-4w\"\r\n     data-ad-client=\"ca-pub-1959107119989764\"\r\n     data-ad-slot=\"4008251320\"><\/ins>\r\n<script>\r\n     (adsbygoogle = window.adsbygoogle || []).push({});\r\n<\/script><\/div>\n    A rekl\u00e1mok visszautas\u00edt\u00e1sa ut\u00e1n az eln\u00f6k kamp\u00e1nycsapata a CNN-t a Demokrata P\u00e1rt PR-c\u00e9g\u00e9nek nevezte. Tim Murtaugh kamp\u00e1nysz\u00f3viv\u0151 k\u00f6z\u00f6lte: a CNN \u00e1ll\u00f3 nap Joe Biden v\u00e9delmez\u00e9s\u00e9vel foglalkozik, \u00e9s ez\u00e9rt szerinte nem is meglep\u0151, hogy &#8222;az igazs\u00e1got kimond\u00f3 rekl\u00e1mokat nem sug\u00e1rozz\u00e1k&#8221;.<br \/>\n    Cs\u00fct\u00f6rt\u00f6k\u00f6n este Joe Biden kamp\u00e1nya bejelentette: hatmilli\u00f3 doll\u00e1rt sz\u00e1n rekl\u00e1mkamp\u00e1nyra abban a n\u00e9gy tag\u00e1llamban, ahol a j\u00f6v\u0151 \u00e9vben az els\u0151 el\u0151v\u00e1laszt\u00e1sokat tartj\u00e1k. A Biden-kamp\u00e1ny telev\u00edzi\u00f3kban \u00e9s internetes platformokon hirdet majd.(MTI)<\/p>\n","protected":false},"excerpt":{"rendered":"<p>Visszautas\u00edtotta Donald Trump amerikai eln\u00f6k k\u00e9t kamp\u00e1nyvide\u00f3j\u00e1nak sug\u00e1rz\u00e1s\u00e1t a CNN h\u00edrtelev\u00edzi\u00f3.<\/p>\n","protected":false},"author":1,"featured_media":0,"comment_status":"closed","ping_status":"open","sticky":false,"template":"","format":"standard","meta":[],"categories":[13],"tags":[],"_links":{"self":[{"href":"https:\/\/gazdasagportal.hu\/index.php\/wp-json\/wp\/v2\/posts\/120164"}],"collection":[{"href":"https:\/\/gazdasagportal.hu\/index.php\/wp-json\/wp\/v2\/posts"}],"about":[{"href":"https:\/\/gazdasagportal.hu\/index.php\/wp-json\/wp\/v2\/types\/post"}],"author":[{"embeddable":true,"href":"https:\/\/gazdasagportal.hu\/index.php\/wp-json\/wp\/v2\/users\/1"}],"replies":[{"embeddable":true,"href":"https:\/\/gazdasagportal.hu\/index.php\/wp-json\/wp\/v2\/comments?post=120164"}],"version-history":[{"count":1,"href":"https:\/\/gazdasagportal.hu\/index.php\/wp-json\/wp\/v2\/posts\/120164\/revisions"}],"predecessor-version":[{"id":120165,"href":"https:\/\/gazdasagportal.hu\/index.php\/wp-json\/wp\/v2\/posts\/120164\/revisions\/120165"}],"wp:attachment":[{"href":"https:\/\/gazdasagportal.hu\/index.php\/wp-json\/wp\/v2\/media?parent=120164"}],"wp:term":[{"taxonomy":"category","embeddable":true,"href":"https:\/\/gazdasagportal.hu\/index.php\/wp-json\/wp\/v2\/categories?post=120164"},{"taxonomy":"post_tag","embeddable":true,"href":"https:\/\/gazdasagportal.hu\/index.php\/wp-json\/wp\/v2\/tags?post=120164"}],"curies":[{"name":"wp","href":"https:\/\/api.w.org\/{rel}","templated":true}]}}