{"id":120145,"date":"2019-10-03T21:00:53","date_gmt":"2019-10-03T19:00:53","guid":{"rendered":"http:\/\/gazdasagportal.hu\/?p=120145"},"modified":"2019-10-03T21:00:53","modified_gmt":"2019-10-03T19:00:53","slug":"tozsdezaras-erosodott-a-vezeto-reszvenyek-tobbsege-4","status":"publish","type":"post","link":"https:\/\/gazdasagportal.hu\/index.php\/tozsdezaras-erosodott-a-vezeto-reszvenyek-tobbsege-4\/","title":{"rendered":"T\u0151zsdez\u00e1r\u00e1s &#8211; Er\u0151s\u00f6d\u00f6tt a vezet\u0151 r\u00e9szv\u00e9nyek t\u00f6bbs\u00e9ge"},"content":{"rendered":"<p><strong>Budapesti \u00c9rt\u00e9kt\u0151zsde r\u00e9szv\u00e9nyindexe, a BUX 130,82 pontos, 0,33 sz\u00e1zal\u00e9kos emelked\u00e9ssel, 39 547,59 ponton z\u00e1rt cs\u00fct\u00f6rt\u00f6k\u00f6n.<\/strong><!--more--><\/p>\n<div class=\"ads-in-post1\"><div id=\"gazdasagportal.hu_fullbanner_wideboard\"><\/div>\r\n<\/div>\n<p>    A r\u00e9szv\u00e9nypiac forgalma alacsony, 5,2 milli\u00e1rd forint volt, a vezet\u0151 r\u00e9szv\u00e9nyek t\u00f6bbs\u00e9ge er\u0151s\u00f6d\u00f6tt az el\u0151z\u0151 napi z\u00e1r\u00e1shoz k\u00e9pest.<br \/>\n    Kocsis M\u00e1ri\u00f3, a Concorde \u00c9rt\u00e9kpap\u00edr Zrt. elemz\u0151je az MTI-nek elmondta, hogy az \u00e1zsiai piacokon folytat\u00f3dott az el\u0151z\u0151 napok kock\u00e1zatker\u00fcl\u00e9se, \u00edgy negat\u00edv tartom\u00e1nyban z\u00e1rtak. Az amerikai piacok a m\u00e9rs\u00e9kelt pluszos nyit\u00e1st k\u00f6vet\u0151en negat\u00edv tartom\u00e1nyban vannak. Az Egyes\u00fclt \u00c1llamokb\u00f3l ugyanis d\u00e9lut\u00e1n \u00fajabb, a v\u00e1rakoz\u00e1sokt\u00f3l elmarad\u00f3 adatsor \u00e9rkezett (a szeptemberi szolg\u00e1ltat\u00f3ipari beszerz\u00e9simenedzser-index az el\u0151z\u0151 havi 56,4 pontr\u00f3l 52,6 pontra cs\u00f6kkent a v\u00e1rt 55 pont helyett, 2016 augusztusa \u00f3ta a legalacsonyabb lett), ami ism\u00e9t fokozta a n\u00f6veked\u00e9si f\u00e9lelmeket.<br \/>\n<div class=\"ads-in-post2\"><script async src=\"https:\/\/pagead2.googlesyndication.com\/pagead\/js\/adsbygoogle.js\"><\/script>\r\n<ins class=\"adsbygoogle\"\r\n     style=\"display:block\"\r\n     data-ad-format=\"fluid\"\r\n     data-ad-layout-key=\"-6t+ed+2i-1n-4w\"\r\n     data-ad-client=\"ca-pub-1959107119989764\"\r\n     data-ad-slot=\"4008251320\"><\/ins>\r\n<script>\r\n     (adsbygoogle = window.adsbygoogle || []).push({});\r\n<\/script><\/div>\n    Az eur\u00f3pai piacokon &#8211; mivel a n\u00e9met t\u0151zsde a nemzeti \u00fcnnep miatt z\u00e1rva van &#8211; m\u00e9rs\u00e9keltebb volt a forgalom, nem l\u00e1tszott \u00e9rdemi er\u0151. A B\u00c9T-en ezzel szemben a szerdai nagy es\u00e9st k\u00f6vet\u0151en m\u00e9rs\u00e9kelt pozit\u00edv korrekci\u00f3 k\u00f6vetkezett be. Az elemz\u0151 kiemelte, hogy az OTP 50 napos mozg\u00f3\u00e1tlag\u00e1r\u00f3l visszafordulva 0,9 sz\u00e1zal\u00e9kos pluszban z\u00e1rt, a technikai szint meg tudta tartani a bankpap\u00edrt. A Mol is emelkedett, m\u00edg a Richter tov\u00e1bbra is gyeng\u00e9lkedik &#8211; mondta.<br \/>\n    Az Elm\u0171 Nyrt. \u00e9s az \u00c9m\u00e1sz Nyrt. cs\u00fct\u00f6rt\u00f6k\u00f6n a B\u00c9T honlapj\u00e1n bejelentette, hogy a B\u00c9T vez\u00e9rigazgat\u00f3ja mindk\u00e9t t\u00e1rsas\u00e1g r\u00e9szv\u00e9nyeinek keresked\u00e9s\u00e9t felf\u00fcggesztette n\u00e9gy napra. A felf\u00fcggeszt\u00e9s az okt\u00f3ber 4-i t\u0151zsdenapon 8 \u00f3ra 15 perckor kezd\u0151dik, \u00e9s az okt\u00f3ber 7-i t\u0151zsdenap v\u00e9g\u00e9ig tart. A felf\u00fcggeszt\u00e9st a kibocs\u00e1t\u00f3k kezdem\u00e9nyezt\u00e9k, amelyek okt\u00f3ber 2-\u00e1n egyar\u00e1nt arr\u00f3l t\u00e1j\u00e9koztatt\u00e1k a t\u0151zsd\u00e9t, hogy a felf\u00fcggeszt\u00e9s id\u0151tartama alatt olyan t\u00e1j\u00e9koztat\u00e1st k\u00edv\u00e1nnak k\u00f6zz\u00e9tenni, amelyek jelent\u0151s m\u00e9rt\u00e9kben befoly\u00e1solhatj\u00e1k az \u00e1ltaluk kibocs\u00e1tott \u00e9rt\u00e9kpap\u00edrok \u00e1rfolyam\u00e1t.<br \/>\n    A Mol 4 forinttal, 0,14 sz\u00e1zal\u00e9kkal 2804 forintra er\u0151s\u00f6d\u00f6tt, 883 milli\u00f3 forintos forgalomban.<br \/>\n    Az OTP-r\u00e9szv\u00e9nyek \u00e1ra 110 forinttal, 0,89 sz\u00e1zal\u00e9kkal 12 520 forintra n\u0151tt, forgalmuk 2,8 milli\u00e1rd forintot tett ki.<br \/>\n    A Magyar Telekom \u00e1rfolyama 3 forinttal, 0,69 sz\u00e1zal\u00e9kkal 438 forintra emelkedett, forgalma 217 milli\u00f3 forint volt.<br \/>\n    A Richter pap\u00edrok 24 forinttal, 0,50 sz\u00e1zal\u00e9kkal 4780 forintra gyeng\u00fcltek, forgalmuk 854,8 milli\u00f3 forintot \u00e9rt el.<br \/>\n    A kis \u00e9s k\u00f6zepes r\u00e9szv\u00e9nyek indexe, a BUMIX 4201,78 ponton z\u00e1rt cs\u00fct\u00f6rt\u00f6k\u00f6n, ez 0,45 pontos, 0,01 sz\u00e1zal\u00e9kos emelked\u00e9s a szerdai z\u00e1r\u00e1shoz viszony\u00edtva.(MTI)<\/p>\n","protected":false},"excerpt":{"rendered":"<p>Budapesti \u00c9rt\u00e9kt\u0151zsde r\u00e9szv\u00e9nyindexe, a BUX 130,82 pontos, 0,33 sz\u00e1zal\u00e9kos emelked\u00e9ssel, 39 547,59 ponton z\u00e1rt cs\u00fct\u00f6rt\u00f6k\u00f6n.<\/p>\n","protected":false},"author":1001003,"featured_media":0,"comment_status":"closed","ping_status":"open","sticky":false,"template":"","format":"standard","meta":[],"categories":[7],"tags":[],"_links":{"self":[{"href":"https:\/\/gazdasagportal.hu\/index.php\/wp-json\/wp\/v2\/posts\/120145"}],"collection":[{"href":"https:\/\/gazdasagportal.hu\/index.php\/wp-json\/wp\/v2\/posts"}],"about":[{"href":"https:\/\/gazdasagportal.hu\/index.php\/wp-json\/wp\/v2\/types\/post"}],"author":[{"embeddable":true,"href":"https:\/\/gazdasagportal.hu\/index.php\/wp-json\/wp\/v2\/users\/1001003"}],"replies":[{"embeddable":true,"href":"https:\/\/gazdasagportal.hu\/index.php\/wp-json\/wp\/v2\/comments?post=120145"}],"version-history":[{"count":1,"href":"https:\/\/gazdasagportal.hu\/index.php\/wp-json\/wp\/v2\/posts\/120145\/revisions"}],"predecessor-version":[{"id":120146,"href":"https:\/\/gazdasagportal.hu\/index.php\/wp-json\/wp\/v2\/posts\/120145\/revisions\/120146"}],"wp:attachment":[{"href":"https:\/\/gazdasagportal.hu\/index.php\/wp-json\/wp\/v2\/media?parent=120145"}],"wp:term":[{"taxonomy":"category","embeddable":true,"href":"https:\/\/gazdasagportal.hu\/index.php\/wp-json\/wp\/v2\/categories?post=120145"},{"taxonomy":"post_tag","embeddable":true,"href":"https:\/\/gazdasagportal.hu\/index.php\/wp-json\/wp\/v2\/tags?post=120145"}],"curies":[{"name":"wp","href":"https:\/\/api.w.org\/{rel}","templated":true}]}}