{"id":120137,"date":"2019-10-03T14:24:39","date_gmt":"2019-10-03T12:24:39","guid":{"rendered":"http:\/\/gazdasagportal.hu\/?p=120137"},"modified":"2019-10-03T14:24:39","modified_gmt":"2019-10-03T12:24:39","slug":"javitotta-novekedesi-varakozasat-a-kopint-tarki","status":"publish","type":"post","link":"https:\/\/gazdasagportal.hu\/index.php\/javitotta-novekedesi-varakozasat-a-kopint-tarki\/","title":{"rendered":"Jav\u00edtotta n\u00f6veked\u00e9si v\u00e1rakoz\u00e1s\u00e1t a Kopint-T\u00e1rki"},"content":{"rendered":"<p><strong>A Kopint-T\u00e1rki Konjunkt\u00farakutat\u00f3 Int\u00e9zet a szeptemberi el\u0151rejelz\u00e9s\u00e9ben 4,8 sz\u00e1zal\u00e9kra emelte a GDP idei n\u00f6veked\u00e9s\u00e9re vonatkoz\u00f3 v\u00e1rakoz\u00e1s\u00e1t a j\u00faniusban k\u00f6z\u00f6lt 4,5 sz\u00e1zal\u00e9kr\u00f3l, a 2020-ra vonatkoz\u00f3 el\u0151rejelz\u00e9se v\u00e1ltozatlanul 3,2 sz\u00e1zal\u00e9k maradt &#8211; ismertette Pal\u00f3cz \u00c9va, a Kopint-T\u00e1rki Zrt. vez\u00e9rigazgat\u00f3ja cs\u00fct\u00f6rt\u00f6k\u00f6n Budapesten sajt\u00f3t\u00e1j\u00e9koztat\u00f3n.<\/strong><!--more--><\/p>\n<div class=\"ads-in-post1\"><div id=\"gazdasagportal.hu_fullbanner_wideboard\"><\/div>\r\n<\/div>\n<p>    Hozz\u00e1tette, hogy 2019-re 3,4 sz\u00e1zal\u00e9kos \u00e9ves \u00e1tlagos infl\u00e1ci\u00f3t v\u00e1rnak, ami 0,1 sz\u00e1zal\u00e9kponttal alacsonyabb a j\u00faniusi v\u00e1rakoz\u00e1saikn\u00e1l, a j\u00f6v\u0151 \u00e9vre vonatkoz\u00f3, kor\u00e1bbi 3,7 sz\u00e1zal\u00e9kos infl\u00e1ci\u00f3s el\u0151rejelz\u00e9s\u00fcket pedig 3,4 sz\u00e1zal\u00e9kra cs\u00f6kkentett\u00e9k.<br \/>\n    Pal\u00f3cz \u00c9va kiemelte, Magyarorsz\u00e1g a m\u00e1sodik negyed\u00e9vben el\u00e9rt 4,9 sz\u00e1zal\u00e9kos GDP-b\u0151v\u00fcl\u00e9se a m\u00e1sodik leggyorsabb \u00fctem volt az Eur\u00f3pai Uni\u00f3ban. Ugyanakkor a vil\u00e1ggazdas\u00e1ghoz hasonl\u00f3an a magyar gazdas\u00e1gban is l\u00e1that\u00f3ak a lassul\u00e1s jelei, emiatt a 2018 eg\u00e9sz\u00e9ben el\u00e9rt 5,1 sz\u00e1zal\u00e9kos b\u0151v\u00fcl\u00e9s ut\u00e1n az int\u00e9zet az id\u00e9n 4,8 sz\u00e1zal\u00e9kos gazdas\u00e1gi n\u00f6veked\u00e9sre sz\u00e1m\u00edt.<br \/>\n    \u00daj progn\u00f3zis\u00e1ban az int\u00e9zet emelte a b\u00e9rki\u00e1raml\u00e1sra vonatkoz\u00f3 v\u00e1rakoz\u00e1sait: a brutt\u00f3 nomin\u00e1lis keresetek id\u00e9n 9,7 sz\u00e1zal\u00e9k helyett 10,5 sz\u00e1zal\u00e9kkal emelkednek, j\u00f6v\u0151re pedig tov\u00e1bbi 8,5 sz\u00e1zal\u00e9kos n\u00f6veked\u00e9s v\u00e1rhat\u00f3. Ennek k\u00f6vetkezt\u00e9ben a re\u00e1lkeresetek is emelkednek &#8211; sz\u00e1m\u00edt\u00e1saik szerint &#8211; id\u00e9n 6,8 sz\u00e1zal\u00e9kkal, j\u00f6v\u0151re pedig 4,8 sz\u00e1zal\u00e9kkal.     A kutat\u00f3int\u00e9zet v\u00e1rakoz\u00e1sa szerint a munkan\u00e9lk\u00fclis\u00e9g id\u00e9n 3,4 sz\u00e1zal\u00e9kra cs\u00f6kken a kor\u00e1bban v\u00e1rt 3,5 sz\u00e1zal\u00e9k helyett, j\u00f6v\u0151re pedig 3,2 sz\u00e1zal\u00e9kos lehet, ami 0,1 sz\u00e1zal\u00e9kponttal alacsonyabb a j\u00faniusi progn\u00f3zisn\u00e1l.     A szeptemberi progn\u00f3zisban az \u00e1llamh\u00e1ztart\u00e1s GDP-ar\u00e1nyos hi\u00e1ny\u00e1nak enyhe cs\u00f6kken\u00e9s\u00e9vel sz\u00e1molnak, ugyanis j\u00faniusban m\u00e9g 1,7 sz\u00e1zal\u00e9kos hi\u00e1nyt felt\u00e9teleztek, most viszont az eg\u00e9sz \u00e9vet tekintve m\u00e1r csak 1,6 sz\u00e1zal\u00e9kos hi\u00e1nyt val\u00f3sz\u00edn\u0171s\u00edtenek.         A helysz\u00ednen kiadott sajt\u00f3anyag szerint az \u00e9v els\u0151 nyolc h\u00f3napj\u00e1ban a v\u00e1rtn\u00e1l kedvez\u0151bben alakult a k\u00f6lts\u00e9gvet\u00e9s helyzete, els\u0151sorban az ad\u00f3bev\u00e9telek, azon bel\u00fcl a fogyaszt\u00e1shoz kapcsolt ad\u00f3k n\u00f6veked\u00e9s\u00e9nek k\u00f6sz\u00f6nhet\u0151en. Ennek k\u00f6vetkezt\u00e9ben a korm\u00e1nyzati szektor t\u00f6bblete 2019 m\u00e1sodik negyed\u00e9v\u00e9ben a GDP 1,8 sz\u00e1zal\u00e9k\u00e1t, az els\u0151 f\u00e9l\u00e9vben pedig 1,3 sz\u00e1zal\u00e9k\u00e1t tette ki.     Pal\u00f3cz \u00c9va k\u00f6z\u00f6lte, hogy a szufficit ellen\u00e9re az\u00e9rt sz\u00e1moltak m\u00e9gis az \u00e1llamh\u00e1ztart\u00e1s hi\u00e1ny\u00e1val, mert az \u00e1llamh\u00e1ztart\u00e1si kiad\u00e1sok jelent\u0151sen emelkedni fognak, t\u00f6bbek k\u00f6z\u00f6tt a csal\u00e1dv\u00e9delmi programok, a nyugd\u00edjpr\u00e9mium \u00e9s a nyugd\u00edjkieg\u00e9sz\u00edt\u00e9s miatt.     A t\u00e1rsas\u00e1g vez\u00e9rigazgat\u00f3ja az \u00e1gazatok k\u00f6z\u00fcl kiemelte a GDP k\u00f6zel 10 sz\u00e1zal\u00e9k\u00e1t ad\u00f3 \u00e9p\u00edt\u0151ipar szerep\u00e9t, amelyben a Kopint-T\u00e1rki a tavalyi kiugr\u00f3, 20 sz\u00e1zal\u00e9kot meghalad\u00f3 n\u00f6veked\u00e9si \u00fctem ut\u00e1n id\u00e9n t\u00f6bb mint 25 sz\u00e1zal\u00e9kos b\u0151v\u00fcl\u00e9sre sz\u00e1m\u00edt.     Pal\u00f3cz \u00c9va a forint \u00e1rfolyammozg\u00e1s\u00e1r\u00f3l megjegyezte, a 305-315 forint k\u00f6r\u00fcli forint\/eur\u00f3 \u00e1rfolyam m\u00e1r nem fog visszat\u00e9rni, a k\u00f6vetkez\u0151 id\u0151szakban v\u00e1rhat\u00f3 forint \u00e1rfolyamot azonban neh\u00e9z el\u0151re jelezni. Kiemelte ugyanakkor, hogy a forint \u00e1rfolyammozg\u00e1sa nem t\u00fckr\u00f6zi a magyar gazdas\u00e1g \u00e1llapot\u00e1t, amely jelenleg kedvez\u0151 helyzetben van, t\u00f6bbek k\u00f6z\u00f6tt az uni\u00f3s forr\u00e1soknak, a Magyarorsz\u00e1gra \u00e9rkez\u0151 k\u00fclf\u00f6ldi beruh\u00e1z\u00e1soknak \u00e9s a munkab\u00e9rek gyors emelked\u00e9s\u00e9nek k\u00f6sz\u00f6nhet\u0151en.<br \/>\n<div class=\"ads-in-post2\"><script async src=\"https:\/\/pagead2.googlesyndication.com\/pagead\/js\/adsbygoogle.js\"><\/script>\r\n<ins class=\"adsbygoogle\"\r\n     style=\"display:block\"\r\n     data-ad-format=\"fluid\"\r\n     data-ad-layout-key=\"-6t+ed+2i-1n-4w\"\r\n     data-ad-client=\"ca-pub-1959107119989764\"\r\n     data-ad-slot=\"4008251320\"><\/ins>\r\n<script>\r\n     (adsbygoogle = window.adsbygoogle || []).push({});\r\n<\/script><\/div>    Nagy Katalin, a Kopint Konjunkt\u00farakutat\u00e1si Alap\u00edtv\u00e1ny \u00fcgyvezet\u0151 igazgat\u00f3ja elmondta, hogy az Amerikai Egyes\u00fclt \u00c1llamokban, K\u00edn\u00e1ban \u00e9s az Eur\u00f3pai Uni\u00f3ban is sz\u00e1molni kell a gazdas\u00e1gi n\u00f6veked\u00e9s lassul\u00e1s\u00e1val.     A vil\u00e1ggazdas\u00e1g b\u0151v\u00fcl\u00e9s\u00e9vel szemben a legnagyobb kock\u00e1zatot tov\u00e1bbra is a k\u00ednai-amerikai kereskedelmi h\u00e1bor\u00fa, a k\u00ednai n\u00f6veked\u00e9s lassul\u00e1sa, a Brexit, az ir\u00e1ni-szaud-ar\u00e1biai konfliktus \u00e9s az Amerikai Egyes\u00fclt \u00c1llamok ir\u00e1ni politik\u00e1ja rejti.     Az int\u00e9zet v\u00e1rakoz\u00e1sai szerint a Brent olaj hord\u00f3nk\u00e9nti \u00e1ra \u00e9ves \u00e1tlagban id\u00e9n 64-65 doll\u00e1r k\u00f6z\u00f6tt marad. Ugyanakkor kiemelte, hogy az amerikai-ir\u00e1ni vagy a sza\u00fadi-ir\u00e1ni konfliktus ki\u00e9lez\u0151d\u00e9se bel\u00e1thatatlan k\u00f6vetkezm\u00e9nyekkel j\u00e1rhat a t\u00e9rs\u00e9get \u00e9s a nyersolaj \u00e1r\u00e1t tekintve is.(MTI)<\/p>\n","protected":false},"excerpt":{"rendered":"<p>A Kopint-T\u00e1rki Konjunkt\u00farakutat\u00f3 Int\u00e9zet a szeptemberi el\u0151rejelz\u00e9s\u00e9ben 4,8 sz\u00e1zal\u00e9kra emelte a GDP idei n\u00f6veked\u00e9s\u00e9re vonatkoz\u00f3 v\u00e1rakoz\u00e1s\u00e1t a j\u00faniusban k\u00f6z\u00f6lt 4,5 sz\u00e1zal\u00e9kr\u00f3l, a 2020-ra vonatkoz\u00f3 el\u0151rejelz\u00e9se v\u00e1ltozatlanul 3,2 sz\u00e1zal\u00e9k maradt &#8211; ismertette Pal\u00f3cz \u00c9va, a Kopint-T\u00e1rki Zrt. vez\u00e9rigazgat\u00f3ja cs\u00fct\u00f6rt\u00f6k\u00f6n Budapesten sajt\u00f3t\u00e1j\u00e9koztat\u00f3n.<\/p>\n","protected":false},"author":1,"featured_media":0,"comment_status":"closed","ping_status":"open","sticky":false,"template":"","format":"standard","meta":[],"categories":[19],"tags":[],"_links":{"self":[{"href":"https:\/\/gazdasagportal.hu\/index.php\/wp-json\/wp\/v2\/posts\/120137"}],"collection":[{"href":"https:\/\/gazdasagportal.hu\/index.php\/wp-json\/wp\/v2\/posts"}],"about":[{"href":"https:\/\/gazdasagportal.hu\/index.php\/wp-json\/wp\/v2\/types\/post"}],"author":[{"embeddable":true,"href":"https:\/\/gazdasagportal.hu\/index.php\/wp-json\/wp\/v2\/users\/1"}],"replies":[{"embeddable":true,"href":"https:\/\/gazdasagportal.hu\/index.php\/wp-json\/wp\/v2\/comments?post=120137"}],"version-history":[{"count":1,"href":"https:\/\/gazdasagportal.hu\/index.php\/wp-json\/wp\/v2\/posts\/120137\/revisions"}],"predecessor-version":[{"id":120138,"href":"https:\/\/gazdasagportal.hu\/index.php\/wp-json\/wp\/v2\/posts\/120137\/revisions\/120138"}],"wp:attachment":[{"href":"https:\/\/gazdasagportal.hu\/index.php\/wp-json\/wp\/v2\/media?parent=120137"}],"wp:term":[{"taxonomy":"category","embeddable":true,"href":"https:\/\/gazdasagportal.hu\/index.php\/wp-json\/wp\/v2\/categories?post=120137"},{"taxonomy":"post_tag","embeddable":true,"href":"https:\/\/gazdasagportal.hu\/index.php\/wp-json\/wp\/v2\/tags?post=120137"}],"curies":[{"name":"wp","href":"https:\/\/api.w.org\/{rel}","templated":true}]}}