{"id":120135,"date":"2019-10-03T13:20:26","date_gmt":"2019-10-03T11:20:26","guid":{"rendered":"http:\/\/gazdasagportal.hu\/?p=120135"},"modified":"2019-10-03T13:20:26","modified_gmt":"2019-10-03T11:20:26","slug":"elemzok-a-fogyasztas-tovabbra-is-a-novekedes-motorja-marad","status":"publish","type":"post","link":"https:\/\/gazdasagportal.hu\/index.php\/elemzok-a-fogyasztas-tovabbra-is-a-novekedes-motorja-marad\/","title":{"rendered":"Elemz\u0151k: a fogyaszt\u00e1s tov\u00e1bbra is a n\u00f6veked\u00e9s motorja marad"},"content":{"rendered":"<p><strong>A kiskereskedelmi forgalom augusztusi n\u00f6veked\u00e9si \u00fcteme megegyezett az els\u0151 nyolc h\u00f3nap \u00e1tlag\u00e1val, \u00edgy belesimul az idei trendbe \u00e9s nem jelzi a gazdas\u00e1gi n\u00f6veked\u00e9s lassul\u00e1s\u00e1t. Az MTI-nek nyilatkoz\u00f3 elemz\u0151k szerint a dinamikus b\u00e9remelked\u00e9s magas szinten tartja a fogyaszt\u00e1st, \u00e9s ezzel az GDP-n\u00f6veked\u00e9s lassul\u00e1sa ellen hat.<\/strong><!--more--><\/p>\n<div class=\"ads-in-post1\"><div id=\"gazdasagportal.hu_fullbanner_wideboard\"><\/div>\r\n<\/div>\n<p>    A K\u00f6zponti Statisztikai Hivatal (KSH) cs\u00fct\u00f6rt\u00f6k\u00f6n kiadott jelent\u00e9se szerint augusztusban a kiskereskedelmi \u00fczletek forgalma a nyers adat szerint 5,3 sz\u00e1zal\u00e9kkal, napt\u00e1rhat\u00e1st\u00f3l megtiszt\u00edtva 5,8 sz\u00e1zal\u00e9kkal haladta meg az egy \u00e9vvel kor\u00e1bbit. Az \u00e9v els\u0151 nyolc h\u00f3napj\u00e1ban a napt\u00e1rhat\u00e1st\u00f3l megtiszt\u00edtott \u00e9s a nyers adat szerint egyar\u00e1nt 5,8 sz\u00e1zal\u00e9kkal haladta meg az \u00e9rt\u00e9kes\u00edt\u00e9s az el\u0151z\u0151 \u00e9v azonos id\u0151szak\u00e1\u00e9t.<br \/>\n    Virov\u00e1cz P\u00e9ter, az ING Bank vezet\u0151 elemz\u0151je arra h\u00edvta fel a figyelmet, hogy az augusztusi adat teljesen megegyezik az els\u0151 nyolc h\u00f3nap \u00e1tlag\u00e1val, \u00edgy nincs sz\u00f3 meglepet\u00e9sr\u0151l. Az adatok tov\u00e1bbra is azt jelzik, hogy a kedvez\u0151 munkaer\u0151piaci helyzet lecsap\u00f3dik a kiskereskedelmi forgalomban.<br \/>\n    A lakoss\u00e1g hajland\u00f3 k\u00f6ltekezni annak ellen\u00e9re, hogy egyre t\u00f6bb a k\u00fclgazdas\u00e1gi bizonytalans\u00e1g, ami ak\u00e1r t\u00f6bblet megtakar\u00edt\u00e1sra is \u00f6szt\u00f6n\u00f6zhetne. Az eddig be\u00e9rkezett adatok alapj\u00e1n Virov\u00e1cz P\u00e9ter arra k\u00f6vetkeztet, hogy a fogyaszt\u00e1s tov\u00e1bbra is er\u0151s motorja a magyar gazdas\u00e1gnak.<br \/>\n    Reg\u0151s G\u00e1bor, a Sz\u00e1zadv\u00e9g Gazdas\u00e1gkutat\u00f3 makrogazdas\u00e1gi \u00fczlet\u00e1g\u00e1nak vezet\u0151je az augusztusi \u00e9s az els\u0151 nyolchavi forgalom n\u00f6veked\u00e9si \u00fctem\u00e9nek egyez\u00e9s\u00e9b\u0151l arra k\u00f6vetkeztet, hogy a gazdas\u00e1gi lassul\u00e1s e tekintetben sem l\u00e1tszik. A forgalom stabilan magas n\u00f6veked\u00e9s\u00e9t a b\u00e9rek emelked\u00e9se \u00e9s a magas foglalkoztat\u00e1s magyar\u00e1zza.<br \/>\n<div class=\"ads-in-post2\"><script async src=\"https:\/\/pagead2.googlesyndication.com\/pagead\/js\/adsbygoogle.js\"><\/script>\r\n<ins class=\"adsbygoogle\"\r\n     style=\"display:block\"\r\n     data-ad-format=\"fluid\"\r\n     data-ad-layout-key=\"-6t+ed+2i-1n-4w\"\r\n     data-ad-client=\"ca-pub-1959107119989764\"\r\n     data-ad-slot=\"4008251320\"><\/ins>\r\n<script>\r\n     (adsbygoogle = window.adsbygoogle || []).push({});\r\n<\/script><\/div>\n    Az internetes kereskedelem majdnem 50 sz\u00e1zal\u00e9kos \u00e9ves b\u0151v\u00fcl\u00e9se a kereskedelem \u00e1talakul\u00e1s\u00e1t jelzi &#8211; f\u0171zte hozz\u00e1.<br \/>\n    Reg\u0151s G\u00e1bor szerint a kiskereskedelmi forgalom az \u00e9v eg\u00e9sz\u00e9t tekintve is hasonl\u00f3 m\u00e9rt\u00e9kben b\u0151v\u00fclhet, \u00edgy a GDP-nek a fogyaszt\u00e1s tov\u00e1bbra is az egyik motorja lehet. N\u00e9mileg lass\u00edthatja ugyanakkor a kiskereskedelmi forgalom n\u00f6veked\u00e9s\u00e9t a forintgyeng\u00fcl\u00e9s megjelen\u00e9se az infl\u00e1ci\u00f3ban. Kock\u00e1zatot jelenthet az is, ha a vil\u00e1ggazdas\u00e1got jelent\u0151sebb sokkhat\u00e1s \u00e9ri, b\u00e1r v\u00e9lhet\u0151en ez a fogyaszt\u00e1sra id\u00e9n m\u00e1r nem gyakorolna jelent\u0151s hat\u00e1st.<br \/>\n    Suppan Gergely, a Takar\u00e9kbank vezet\u0151 elemz\u0151je \u00fagy sz\u00e1mol, hogy a ny\u00e1ri h\u00f3napokban \u00e9rdemben gyorsult a kiskereskedelem a m\u00e1sodik negyed\u00e9vhez k\u00e9pest, ami hozz\u00e1j\u00e1rulhat az 5 sz\u00e1zal\u00e9k k\u00f6r\u00fcli GDP-n\u00f6veked\u00e9s fenntart\u00e1s\u00e1hoz is.<br \/>\n    Id\u00e9n a b\u00e9rek k\u00e9tsz\u00e1mjegy\u0171 n\u00f6veked\u00e9se miatt a re\u00e1lb\u00e9rek n\u00f6veked\u00e9se el\u00e9rheti a 7 sz\u00e1zal\u00e9kot, \u00edgy folytat\u00f3dhat a kiskereskedelmi forgalom dinamikus n\u00f6veked\u00e9se. Ennek m\u00e9rt\u00e9ke id\u00e9n 5,8 sz\u00e1zal\u00e9kra, j\u00f6v\u0151re 4,2 sz\u00e1zal\u00e9kra lassulhat a tavalyi 6,5 sz\u00e1zal\u00e9kosr\u00f3l.<br \/>\n     A kiskereskedelemnek tov\u00e1bbi l\u00f6k\u00e9st adhat az \u00faj lak\u00e1sok id\u00e9n \u00e9s j\u00f6v\u0151re v\u00e1rhat\u00f3 \u00e1tad\u00e1si hull\u00e1ma, valamint a csal\u00e1dv\u00e9delmi akci\u00f3terv is. A h\u00e1ztart\u00e1sok ugyanakkor nem csup\u00e1n a kiskereskedelemben n\u00f6velik fogyaszt\u00e1sukat, \u00edgy a vend\u00e9gl\u00e1t\u00e1s, belf\u00f6ldi turizmus, szabadid\u0151, sz\u00f3rakoz\u00e1s, valamint egy\u00e9b szolg\u00e1ltat\u00e1sok ter\u00fclet\u00e9n is jelent\u0151s n\u00f6veked\u00e9sre lehet sz\u00e1m\u00edtani, tov\u00e1bb\u00e1 az \u00faj aut\u00f3 regisztr\u00e1ci\u00f3k is 10 sz\u00e1zal\u00e9kkal emelkedtek az els\u0151 kilenc h\u00f3napban &#8211; folytatta a Takar\u00e9kbank vezet\u0151 elemz\u0151je.<br \/>\n    A minden \u00e1gazatban jelentkez\u0151 munkaer\u0151hi\u00e1ny miatt a b\u00e9rek n\u00f6veked\u00e9si \u00fcteme meghaladhatja a v\u00e1rakoz\u00e1sokat, ami a kiskereskedelmi forgalom m\u00e9g gyorsabb n\u00f6veked\u00e9s\u00e9t eredm\u00e9nyezheti &#8211; jegyezte meg Suppan Gergely.<br \/>\n    N\u00e9meth D\u00e1vid, a K&#038;H Bank vezet\u0151 elemz\u0151je szerint a friss adatok passzolnak az eddigi trendbe. A nem \u00e9lelmiszerek h\u00fazz\u00e1k a kiskereskedelmi forgalmat. Ez pedig a lakoss\u00e1gi fogyaszt\u00e1s felfut\u00e1s\u00e1nak k\u00f6sz\u00f6nhet\u0151, amely m\u00f6g\u00f6tt a re\u00e1lb\u00e9rek \u00e9s a foglalkoztatotts\u00e1g elm\u00falt \u00e9vekben l\u00e1that\u00f3 n\u00f6veked\u00e9se mellett a fogyaszt\u00e1si hitelekn\u00e9l bek\u00f6vetkezett b\u0151v\u00fcl\u00e9s \u00e1ll &#8211; mondta a szakember.<br \/>\n    Az internetes v\u00e1s\u00e1rl\u00e1sok kiemelked\u0151 n\u00f6veked\u00e9s\u00e9vel kapcsolatban  meg\u00e1llap\u00edtotta: b\u00e1r az online v\u00e1s\u00e1rl\u00e1sok egyel\u0151re a teljes kiskereskedelmi forgalomnak csak az 5,6 sz\u00e1zal\u00e9k\u00e1t adt\u00e1k, a csaknem 50 sz\u00e1zal\u00e9kos augusztusi n\u00f6veked\u00e9s azt jelenti, hogy a kiskereskedelmi forgalom \u00f6sszesen 5,8 sz\u00e1zal\u00e9kos augusztusi n\u00f6veked\u00e9s\u00e9nek egyharmad\u00e1t adt\u00e1k az internetes \u00e9s csomagk\u00fcld\u00e9ses v\u00e1s\u00e1rl\u00e1sok.<br \/>\n    A mostani kil\u00e1t\u00e1sok alapj\u00e1n a kiskereskedelmi forgalom 5,5 \u00e9s 6 sz\u00e1zal\u00e9k k\u00f6z\u00f6tti n\u00f6veked\u00e9s\u00e9t v\u00e1rja N\u00e9meth D\u00e1vid az idei \u00e9vre.<br \/>\n    Nyeste Orsolya, az Erste Bank vezet\u0151 makrogazdas\u00e1gi elemz\u0151je szerint az adatok tov\u00e1bbra is er\u0151s bels\u0151 keresletet, t\u00f6retlen fogyaszt\u00e1si kedvet jeleznek. Mindez nem meglep\u0151 annak f\u00e9ny\u00e9ben, hogy a fogyaszt\u00f3i bizalmat m\u00e9r\u0151 indik\u00e1torok tov\u00e1bbra is magas szinten \u00e1llnak, a b\u00e9rki\u00e1raml\u00e1s dinamik\u00e1ja egyel\u0151re nem l\u00e1tszik lassulni, mik\u00f6zben a bankok hitelez\u00e9si aktivit\u00e1sa is igen er\u0151s. A j\u00faliusi \u00e9s az augusztusi kiskereskedelmi forgalmi statisztik\u00e1k alapj\u00e1n \u00fagy t\u0171nik, hogy a h\u00e1ztart\u00e1sok fogyaszt\u00e1sa a harmadik negyed\u00e9vben is GDP-n\u00f6veked\u00e9st t\u00e1mogat\u00f3 maradhatott, s ellens\u00falyozhatta a kedvez\u0151tlenebb glob\u00e1lis k\u00f6rnyezet esetleges negat\u00edv hat\u00e1sait &#8211; fejtette ki.<br \/>\n    Az Erste Bank elemz\u0151je \u00f6sszess\u00e9g\u00e9ben \u00fagy l\u00e1tja, hogy a kiskereskedelmi forgalom dinamikus n\u00f6veked\u00e9se az \u00e9v h\u00e1tral\u00e9v\u0151 r\u00e9sz\u00e9ben is er\u0151s marad, \u00e9s a magyar gazdas\u00e1g az id\u00e9n 4,6 sz\u00e1zal\u00e9kkal b\u0151v\u00fclhet.(MTI)<\/p>\n","protected":false},"excerpt":{"rendered":"<p>A kiskereskedelmi forgalom augusztusi n\u00f6veked\u00e9si \u00fcteme megegyezett az els\u0151 nyolc h\u00f3nap \u00e1tlag\u00e1val, \u00edgy belesimul az idei trendbe \u00e9s nem jelzi a gazdas\u00e1gi n\u00f6veked\u00e9s lassul\u00e1s\u00e1t. Az MTI-nek nyilatkoz\u00f3 elemz\u0151k szerint a dinamikus b\u00e9remelked\u00e9s magas szinten tartja a fogyaszt\u00e1st, \u00e9s ezzel az GDP-n\u00f6veked\u00e9s lassul\u00e1sa ellen hat.<\/p>\n","protected":false},"author":1,"featured_media":0,"comment_status":"closed","ping_status":"open","sticky":false,"template":"","format":"standard","meta":[],"categories":[19],"tags":[],"_links":{"self":[{"href":"https:\/\/gazdasagportal.hu\/index.php\/wp-json\/wp\/v2\/posts\/120135"}],"collection":[{"href":"https:\/\/gazdasagportal.hu\/index.php\/wp-json\/wp\/v2\/posts"}],"about":[{"href":"https:\/\/gazdasagportal.hu\/index.php\/wp-json\/wp\/v2\/types\/post"}],"author":[{"embeddable":true,"href":"https:\/\/gazdasagportal.hu\/index.php\/wp-json\/wp\/v2\/users\/1"}],"replies":[{"embeddable":true,"href":"https:\/\/gazdasagportal.hu\/index.php\/wp-json\/wp\/v2\/comments?post=120135"}],"version-history":[{"count":1,"href":"https:\/\/gazdasagportal.hu\/index.php\/wp-json\/wp\/v2\/posts\/120135\/revisions"}],"predecessor-version":[{"id":120136,"href":"https:\/\/gazdasagportal.hu\/index.php\/wp-json\/wp\/v2\/posts\/120135\/revisions\/120136"}],"wp:attachment":[{"href":"https:\/\/gazdasagportal.hu\/index.php\/wp-json\/wp\/v2\/media?parent=120135"}],"wp:term":[{"taxonomy":"category","embeddable":true,"href":"https:\/\/gazdasagportal.hu\/index.php\/wp-json\/wp\/v2\/categories?post=120135"},{"taxonomy":"post_tag","embeddable":true,"href":"https:\/\/gazdasagportal.hu\/index.php\/wp-json\/wp\/v2\/tags?post=120135"}],"curies":[{"name":"wp","href":"https:\/\/api.w.org\/{rel}","templated":true}]}}