{"id":120127,"date":"2019-10-03T10:54:59","date_gmt":"2019-10-03T08:54:59","guid":{"rendered":"http:\/\/gazdasagportal.hu\/?p=120127"},"modified":"2019-10-03T10:54:59","modified_gmt":"2019-10-03T08:54:59","slug":"kozel-haromeves-melypontra-lassult-az-inflacio-torokorszagban-szeptemberben","status":"publish","type":"post","link":"https:\/\/gazdasagportal.hu\/index.php\/kozel-haromeves-melypontra-lassult-az-inflacio-torokorszagban-szeptemberben\/","title":{"rendered":"K\u00f6zel h\u00e1rom\u00e9ves m\u00e9lypontra lassult az infl\u00e1ci\u00f3 T\u00f6r\u00f6korsz\u00e1gban szeptemberben"},"content":{"rendered":"<p><strong>K\u00f6zel h\u00e1rom\u00e9ves m\u00e9lypontra lassult a fogyaszt\u00f3i \u00e1rak emelked\u00e9s\u00e9nek \u00fcteme T\u00f6r\u00f6korsz\u00e1gban szeptemberben, ami mozg\u00e1steret biztos\u00edt a jegybanknak ahhoz, hogy tov\u00e1bb cs\u00f6kkentse a kamatokat.<\/strong><!--more--><\/p>\n<div class=\"ads-in-post1\"><div id=\"gazdasagportal.hu_fullbanner_wideboard\"><\/div>\r\n<\/div>\n<p>    A t\u00f6r\u00f6k statisztikai hivatal cs\u00fct\u00f6rt\u00f6k\u00f6n k\u00f6z\u00f6lte, hogy szeptemberben 9,26 sz\u00e1zal\u00e9kkal emelkedtek a fogyaszt\u00f3i \u00e1rak az egy \u00e9vvel kor\u00e1bbihoz k\u00e9pest. Ez a legalacsonyabb \u00e9rt\u00e9k 2017 janu\u00e1rja \u00f3ta, \u00e9s k\u00e9t \u00e9ve el\u0151sz\u00f6r fordult el\u0151, hogy egysz\u00e1mjegy\u0171 volt a n\u00f6veked\u00e9si \u00fctem.<br \/>\n    Elemz\u0151k sokkal rosszabb adatra, 15,51 sz\u00e1zal\u00e9kra sz\u00e1m\u00edtottak az augusztusban m\u00e9rt 15,01 sz\u00e1zal\u00e9k ut\u00e1n.<br \/>\n    Havi \u00f6sszevet\u00e9sben 0,99 sz\u00e1zal\u00e9kkal k\u00fasztak feljebb az \u00e1rak, ami ugyancsak kevesebb az elemz\u0151k \u00e1ltal v\u00e1rt 1,30 sz\u00e1zal\u00e9kn\u00e1l. Augusztusban 0,86 sz\u00e1zal\u00e9kos emelked\u00e9st m\u00e9rtek az el\u0151z\u0151 h\u00f3naphoz k\u00e9pest.<br \/>\n    A feldolgozatlan \u00e9lelmiszerek, az energia, az alkoholos italok, a doh\u00e1ny \u00e9s az arany gyakran v\u00e1ltoz\u00e9kony \u00e1r\u00e1t nem sz\u00e1molva augusztushoz k\u00e9pest 0,99 sz\u00e1zal\u00e9kkal, tavaly szeptemberhez viszony\u00edtva pedig 7,95 sz\u00e1zal\u00e9kkal n\u0151ttek a fogyaszt\u00f3i \u00e1rak.<br \/>\n    Jelent\u0151sen lassult a termel\u0151i \u00e1rak emelked\u00e9s\u00e9nek az \u00fcteme is: tavaly szeptemberhez k\u00e9pest 2,46 sz\u00e1zal\u00e9kot m\u00e9rtek, ami j\u00f3val kevesebb az augusztusi 13,45 sz\u00e1zal\u00e9kn\u00e1l. Augusztushoz k\u00e9pest 0,13 sz\u00e1zal\u00e9kkal n\u0151ttek a termel\u0151i \u00e1rak, m\u00edg az el\u0151z\u0151 h\u00f3napban 0,59 sz\u00e1zal\u00e9kkal cs\u00f6kkentek.<br \/>\n<div class=\"ads-in-post2\"><script async src=\"https:\/\/pagead2.googlesyndication.com\/pagead\/js\/adsbygoogle.js\"><\/script>\r\n<ins class=\"adsbygoogle\"\r\n     style=\"display:block\"\r\n     data-ad-format=\"fluid\"\r\n     data-ad-layout-key=\"-6t+ed+2i-1n-4w\"\r\n     data-ad-client=\"ca-pub-1959107119989764\"\r\n     data-ad-slot=\"4008251320\"><\/ins>\r\n<script>\r\n     (adsbygoogle = window.adsbygoogle || []).push({});\r\n<\/script><\/div>\n    A p\u00e9nzroml\u00e1s \u00fctem\u00e9nek cs\u00f6kken\u00e9se a k\u00fclf\u00f6ldi befektet\u0151k mellett j\u00f3 h\u00edr a t\u00f6r\u00f6k h\u00e1ztart\u00e1soknak \u00e9s v\u00e1llalatoknak. Az infl\u00e1ci\u00f3 tavaly j\u00fanius \u00f3ta sorra 15 \u00e9ves cs\u00facsokat d\u00f6nt\u00f6tt, a legrosszabb h\u00f3napban, tavaly okt\u00f3berben a 25 sz\u00e1zal\u00e9kot is meghaladta a p\u00e9nzroml\u00e1s \u00e9ves \u00f6sszevet\u00e9s\u0171 \u00fcteme.<br \/>\n    Ugyanakkor a kedvez\u0151 infl\u00e1ci\u00f3s adatok arra \u00f6szt\u00f6n\u00f6zhetik Recep Tayyip Erdogan \u00e1llamf\u0151t, hogy n\u00f6velje a nyom\u00e1st a k\u00f6zponti bankra \u00fajabb kamatcs\u00f6kkent\u00e9sek kicsikar\u00e1s\u00e1ra.<br \/>\n    A v\u00e1gtat\u00f3 infl\u00e1ci\u00f3, illetve a devizav\u00e1ls\u00e1g miatt a jegybank arra k\u00e9nyszer\u00fclt tavaly, hogy p\u00e1r h\u00f3nap alatt meredeken, 24,00 sz\u00e1zal\u00e9kra emelje az egyhetes repokamatot. A jegybank monet\u00e1ris politikai bizotts\u00e1ga id\u00e9n j\u00faliusban, majd szeptemberben is jelent\u0151sen &#8211; egy\u00fcttesen 7,5 sz\u00e1zal\u00e9kponttal 16,5 sz\u00e1zal\u00e9kra &#8211; cs\u00f6kkentette az alapkamatot.(MTI)<\/p>\n","protected":false},"excerpt":{"rendered":"<p>K\u00f6zel h\u00e1rom\u00e9ves m\u00e9lypontra lassult a fogyaszt\u00f3i \u00e1rak emelked\u00e9s\u00e9nek \u00fcteme T\u00f6r\u00f6korsz\u00e1gban szeptemberben, ami mozg\u00e1steret biztos\u00edt a jegybanknak ahhoz, hogy tov\u00e1bb cs\u00f6kkentse a kamatokat.<\/p>\n","protected":false},"author":1,"featured_media":0,"comment_status":"closed","ping_status":"open","sticky":false,"template":"","format":"standard","meta":[],"categories":[246],"tags":[],"_links":{"self":[{"href":"https:\/\/gazdasagportal.hu\/index.php\/wp-json\/wp\/v2\/posts\/120127"}],"collection":[{"href":"https:\/\/gazdasagportal.hu\/index.php\/wp-json\/wp\/v2\/posts"}],"about":[{"href":"https:\/\/gazdasagportal.hu\/index.php\/wp-json\/wp\/v2\/types\/post"}],"author":[{"embeddable":true,"href":"https:\/\/gazdasagportal.hu\/index.php\/wp-json\/wp\/v2\/users\/1"}],"replies":[{"embeddable":true,"href":"https:\/\/gazdasagportal.hu\/index.php\/wp-json\/wp\/v2\/comments?post=120127"}],"version-history":[{"count":1,"href":"https:\/\/gazdasagportal.hu\/index.php\/wp-json\/wp\/v2\/posts\/120127\/revisions"}],"predecessor-version":[{"id":120128,"href":"https:\/\/gazdasagportal.hu\/index.php\/wp-json\/wp\/v2\/posts\/120127\/revisions\/120128"}],"wp:attachment":[{"href":"https:\/\/gazdasagportal.hu\/index.php\/wp-json\/wp\/v2\/media?parent=120127"}],"wp:term":[{"taxonomy":"category","embeddable":true,"href":"https:\/\/gazdasagportal.hu\/index.php\/wp-json\/wp\/v2\/categories?post=120127"},{"taxonomy":"post_tag","embeddable":true,"href":"https:\/\/gazdasagportal.hu\/index.php\/wp-json\/wp\/v2\/tags?post=120127"}],"curies":[{"name":"wp","href":"https:\/\/api.w.org\/{rel}","templated":true}]}}