{"id":120103,"date":"2019-10-02T16:51:42","date_gmt":"2019-10-02T14:51:42","guid":{"rendered":"http:\/\/gazdasagportal.hu\/?p=120103"},"modified":"2019-10-02T16:51:42","modified_gmt":"2019-10-02T14:51:42","slug":"minden-eddiginel-magasabb-osszegu-lesz-a-novemberi-nyugdijpremium","status":"publish","type":"post","link":"https:\/\/gazdasagportal.hu\/index.php\/minden-eddiginel-magasabb-osszegu-lesz-a-novemberi-nyugdijpremium\/","title":{"rendered":"Minden eddigin\u00e9l magasabb \u00f6sszeg\u0171 lesz a novemberi nyugd\u00edjpr\u00e9mium"},"content":{"rendered":"<p><strong>Minden eddigin\u00e9l magasabb \u00f6sszeg\u0171 lesz a novemberi nyugd\u00edjpr\u00e9mium, amelyre minden nyugd\u00edjban \u00e9s nyugd\u00edjszer\u0171 ell\u00e1t\u00e1sban r\u00e9szes\u00fcl\u0151 &#8211; mintegy 2,5 milli\u00f3 &#8211; ember jogosult &#8211; mondta az Emberi Er\u0151forr\u00e1sok Miniszt\u00e9rium\u00e1nak (Emmi) csal\u00e1d- \u00e9s ifj\u00fas\u00e1g\u00fcgy\u00e9rt felel\u0151s \u00e1llamtitk\u00e1ra szerd\u00e1n Budapesten, sajt\u00f3t\u00e1j\u00e9koztat\u00f3n.<\/strong><!--more--><\/p>\n<div class=\"ads-in-post1\"><div id=\"gazdasagportal.hu_fullbanner_wideboard\"><\/div>\r\n<\/div>\n<p>    Nov\u00e1k Katalin k\u00f6z\u00f6lte: a nyugd\u00edjpr\u00e9mium maxim\u00e1lis \u00f6sszege 22 ezer, \u00e1tlagos \u00f6sszege pedig 20 ezer forint lesz. &#8222;Mindenki, akinek 80 ezer forint vagy ann\u00e1l magasabb a havi nyugd\u00edja, jogosult lesz novemberben a 22 ezer forintos nyugd\u00edjpr\u00e9miumra&#8221; &#8211; mondta az \u00e1llamtitk\u00e1r.<br \/>\n    Hangs\u00falyozta: a novemberi lesz az eddigi legnagyobb \u00f6sszeg\u0171 nyugd\u00edjpr\u00e9mium, mert most a tavalyi \u00e9s a tavalyel\u0151tti \u00e9vn\u00e9l is nagyobb m\u00e9rt\u00e9kben n\u0151tt a magyar gazdas\u00e1g.<br \/>\n    A pluszjuttat\u00e1s szab\u00e1lyoz\u00e1s\u00e1r\u00f3l kifejtette: abban az esetben tud az \u00e1llam nyugd\u00edjpr\u00e9miumot fizetni, ha a magyar gazdas\u00e1g n\u00f6veked\u00e9se meghaladja 3,5 sz\u00e1zal\u00e9kot. Az afeletti GDP-n\u00f6veked\u00e9s m\u00e9rt\u00e9k\u00e9nek megfelel\u0151 \u00f6sszeggel szorozz\u00e1k meg a nyugd\u00edjak egy heti \u00f6sszeg\u00e9t &#8211; r\u00e9szletezte az \u00e1llamtitk\u00e1r.<br \/>\n    Sz\u00e1m\u00edt\u00e1saik szerint id\u00e9n 4,6 sz\u00e1zal\u00e9kkal fog n\u0151ni a magyar GDP, ez\u00e9rt a jogosultak a heti nyugd\u00edj \u00f6sszeg\u00e9nek 1,1-szeres\u00e9t kapj\u00e1k meg nyugd\u00edjpr\u00e9miumk\u00e9nt.<br \/>\n<div class=\"ads-in-post2\"><script async src=\"https:\/\/pagead2.googlesyndication.com\/pagead\/js\/adsbygoogle.js\"><\/script>\r\n<ins class=\"adsbygoogle\"\r\n     style=\"display:block\"\r\n     data-ad-format=\"fluid\"\r\n     data-ad-layout-key=\"-6t+ed+2i-1n-4w\"\r\n     data-ad-client=\"ca-pub-1959107119989764\"\r\n     data-ad-slot=\"4008251320\"><\/ins>\r\n<script>\r\n     (adsbygoogle = window.adsbygoogle || []).push({});\r\n<\/script><\/div>\n   Nov\u00e1k Katalin besz\u00e1molt arr\u00f3l is, hogy a korm\u00e1ny b\u0151v\u00edtette a jogosultak k\u00f6r\u00e9t, \u00edgy nemcsak az \u00f6regs\u00e9gi nyugd\u00edjban, hanem minden nyugd\u00edjszer\u0171 ell\u00e1t\u00e1sban r\u00e9szes\u00fcl\u0151 szem\u00e9ly, teh\u00e1t \u00f6sszesen 2,5 milli\u00f3 ember fogja a megkapni a novemberi nyugd\u00edjpr\u00e9miumot.<br \/>\n    Kiemelte: az\u00e9rt biztos\u00edtj\u00e1k id\u00e9n imm\u00e1r harmadszor a nyugd\u00edjpr\u00e9miumot, hogy a nyugd\u00edjasok tudj\u00e1k, \u0151k is r\u00e9szesei a magyar gazdas\u00e1gi n\u00f6veked\u00e9snek.<br \/>\n    Az \u00e1llamtitk\u00e1r jelezte, hogy a nyugd\u00edjpr\u00e9miummal egy\u00fctt egyszeri nyugd\u00edj-kieg\u00e9sz\u00edt\u00e9st is kapnak novemberben az arra jogosultak. Mint felid\u00e9zte, 2010-ben meg\u00edg\u00e9rt\u00e9k, hogy meg\u0151rzik a nyugd\u00edjak v\u00e1s\u00e1rl\u00f3\u00e9rt\u00e9k\u00e9t, kilenc \u00e9v alatt &#8222;nomin\u00e1lisan 33 sz\u00e1zal\u00e9kkal&#8221; n\u0151ttek a nyugd\u00edjak, &#8222;ha a v\u00e1s\u00e1rl\u00f3\u00e9rt\u00e9k\u00fcket n\u00e9zz\u00fck, akkor is volt egy 10 sz\u00e1zal\u00e9kos emelked\u00e9s 2010-hez k\u00e9pest&#8221; &#8211; hangoztatta.<br \/>\n    Nov\u00e1k Katalin eml\u00e9keztetett, hogy minden \u00e9vben a tervezett infl\u00e1ci\u00f3nak megfelel\u0151 m\u00e9rt\u00e9kben emelik a nyugd\u00edjakat. Janu\u00e1rban 2,7 sz\u00e1zal\u00e9kkal emelt\u00e9k meg a nyugd\u00edjakat, a 3,4 sz\u00e1zal\u00e9kos \u00e9ves v\u00e1rhat\u00f3 infl\u00e1ci\u00f3 miatti k\u00fcl\u00f6nb\u00f6zetet pedig ut\u00f3lag biztos\u00edtj\u00e1k a jogosultaknak.<br \/>\n    Novemberben a nyugd\u00edjasok a rendszeres havi nyugd\u00edjukkal egy\u00fctt megkapj\u00e1k az egyszeri &#8211; eg\u00e9sz \u00e9vre sz\u00e1molt &#8211; nyugd\u00edj-kieg\u00e9sz\u00edt\u00e9st is, amelynek \u00f6sszege \u00e1tlagosan 10 ezer forint lesz &#8211; hangs\u00falyozta.     Az \u00e1llamtitk\u00e1r \u00fajs\u00e1g\u00edr\u00f3i k\u00e9rd\u00e9sre v\u00e1laszolva elmondta, hogy a nyugd\u00edjpr\u00e9mium \u00e9s az egyszeri nyugd\u00edj-kieg\u00e9sz\u00edt\u00e9s kifizet\u00e9s\u00e9re \u00f6sszesen 75,7 milli\u00e1rd forintos forr\u00e1s \u00e1ll rendelkez\u00e9sre a k\u00f6zponti k\u00f6lts\u00e9gvet\u00e9sben.     Egy m\u00e1sik \u00fajs\u00e1g\u00edr\u00f3i felvet\u00e9sre reag\u00e1lva Nov\u00e1k Katalin azt k\u00f6z\u00f6lte: a korm\u00e1ny jelenleg nem tervez semmilyen m\u00f3dos\u00edt\u00e1st a nyugd\u00edjrendszerrel kapcsolatban, mert a nyugd\u00edjasok a jelenlegi, &#8222;a nyugd\u00edjak \u00e9rt\u00e9k\u00e1ll\u00f3s\u00e1g\u00e1t meg\u0151rz\u0151 modellel j\u00e1rtak a legjobban&#8221;.(MTI)<\/p>\n","protected":false},"excerpt":{"rendered":"<p>Minden eddigin\u00e9l magasabb \u00f6sszeg\u0171 lesz a novemberi nyugd\u00edjpr\u00e9mium, amelyre minden nyugd\u00edjban \u00e9s nyugd\u00edjszer\u0171 ell\u00e1t\u00e1sban r\u00e9szes\u00fcl\u0151 &#8211; mintegy 2,5 milli\u00f3 &#8211; ember jogosult &#8211; mondta az Emberi Er\u0151forr\u00e1sok Miniszt\u00e9rium\u00e1nak (Emmi) csal\u00e1d- \u00e9s ifj\u00fas\u00e1g\u00fcgy\u00e9rt felel\u0151s \u00e1llamtitk\u00e1ra szerd\u00e1n Budapesten, sajt\u00f3t\u00e1j\u00e9koztat\u00f3n.<\/p>\n","protected":false},"author":1,"featured_media":0,"comment_status":"closed","ping_status":"open","sticky":false,"template":"","format":"standard","meta":[],"categories":[4],"tags":[],"_links":{"self":[{"href":"https:\/\/gazdasagportal.hu\/index.php\/wp-json\/wp\/v2\/posts\/120103"}],"collection":[{"href":"https:\/\/gazdasagportal.hu\/index.php\/wp-json\/wp\/v2\/posts"}],"about":[{"href":"https:\/\/gazdasagportal.hu\/index.php\/wp-json\/wp\/v2\/types\/post"}],"author":[{"embeddable":true,"href":"https:\/\/gazdasagportal.hu\/index.php\/wp-json\/wp\/v2\/users\/1"}],"replies":[{"embeddable":true,"href":"https:\/\/gazdasagportal.hu\/index.php\/wp-json\/wp\/v2\/comments?post=120103"}],"version-history":[{"count":1,"href":"https:\/\/gazdasagportal.hu\/index.php\/wp-json\/wp\/v2\/posts\/120103\/revisions"}],"predecessor-version":[{"id":120104,"href":"https:\/\/gazdasagportal.hu\/index.php\/wp-json\/wp\/v2\/posts\/120103\/revisions\/120104"}],"wp:attachment":[{"href":"https:\/\/gazdasagportal.hu\/index.php\/wp-json\/wp\/v2\/media?parent=120103"}],"wp:term":[{"taxonomy":"category","embeddable":true,"href":"https:\/\/gazdasagportal.hu\/index.php\/wp-json\/wp\/v2\/categories?post=120103"},{"taxonomy":"post_tag","embeddable":true,"href":"https:\/\/gazdasagportal.hu\/index.php\/wp-json\/wp\/v2\/tags?post=120103"}],"curies":[{"name":"wp","href":"https:\/\/api.w.org\/{rel}","templated":true}]}}