{"id":120092,"date":"2019-10-02T13:04:24","date_gmt":"2019-10-02T11:04:24","guid":{"rendered":"http:\/\/gazdasagportal.hu\/?p=120092"},"modified":"2019-10-02T13:04:24","modified_gmt":"2019-10-02T11:04:24","slug":"rontottak-novekedesi-elorejelzesuket-a-vezeto-nemet-gazdasagkutato-intezetek","status":"publish","type":"post","link":"https:\/\/gazdasagportal.hu\/index.php\/rontottak-novekedesi-elorejelzesuket-a-vezeto-nemet-gazdasagkutato-intezetek\/","title":{"rendered":"Rontott\u00e1k n\u00f6veked\u00e9si el\u0151rejelz\u00e9s\u00fcket a vezet\u0151 n\u00e9met gazdas\u00e1gkutat\u00f3 int\u00e9zetek"},"content":{"rendered":"<p><strong>Lefel\u00e9 m\u00f3dos\u00edtott\u00e1k a n\u00e9met gazdas\u00e1g idei \u00e9s j\u00f6v\u0151 \u00e9vi n\u00f6veked\u00e9s\u00e9re adott el\u0151rejelz\u00e9s\u00fcket N\u00e9metorsz\u00e1g vezet\u0151 gazdas\u00e1gkutat\u00f3 int\u00e9zetei szerd\u00e1n megjelent k\u00f6z\u00f6s elemz\u00e9s\u00fckben.<\/strong><!--more--><\/p>\n<div class=\"ads-in-post1\"><div id=\"gazdasagportal.hu_fullbanner_wideboard\"><\/div>\r\n<\/div>\n<p>    Az Eur\u00f3pai Uni\u00f3 legnagyobb gazdas\u00e1g\u00e1ban ugyan v\u00e1rhat\u00f3an folytat\u00f3dik a 2009-ben kezd\u0151d\u00f6tt n\u00f6veked\u00e9s, de az \u00fcteme jelent\u0151sen m\u00e9rs\u00e9kl\u0151dik. A hazai \u00f6sszterm\u00e9k (GDP) a tavasszal v\u00e1rt 0,8 sz\u00e1zal\u00e9k helyett csup\u00e1n 0,5 sz\u00e1zal\u00e9kkal n\u0151het az id\u00e9n, j\u00f6v\u0151re pedig 1,8 sz\u00e1zal\u00e9k helyett 1,1 sz\u00e1zal\u00e9kkal.<br \/>\n    A kutat\u00f3int\u00e9zetek vezet\u0151i a jelent\u00e9s berlini bemutat\u00f3j\u00e1n hangs\u00falyozt\u00e1k, hogy a n\u00e9met gazdas\u00e1g a jelenlegi sz\u00e1m\u00edt\u00e1sok szerint ugyan csak egy hajsz\u00e1llal, de elker\u00fcli a recesszi\u00f3t.<br \/>\n    S\u00fcrgett\u00e9k a korm\u00e1nyt, hogy a konjunkt\u00fara stabiliz\u00e1l\u00e1sa \u00e9rdek\u00e9ben hagyjon fel az \u00e1llamh\u00e1ztart\u00e1si egyens\u00faly fenntart\u00e1s\u00e1ra \u00f6sszpontos\u00edt\u00f3 gazdas\u00e1gpolitik\u00e1val, \u00e9s haszn\u00e1lja ki azt a lehet\u0151s\u00e9get, hogy az \u00fagynevezett alkotm\u00e1nyos ad\u00f3ss\u00e1gf\u00e9k szab\u00e1ly szerint 0,35 sz\u00e1zal\u00e9kos GDP-ar\u00e1nyos hi\u00e1ny keletkezhet a sz\u00f6vets\u00e9gi k\u00f6lts\u00e9gvet\u00e9sben, ami j\u00f6v\u0151re nagyj\u00e1b\u00f3l 5 milli\u00e1rd eur\u00f3s (1675 milli\u00e1rd forint) mozg\u00e1steret biztos\u00edt.<br \/>\n<div class=\"ads-in-post2\"><script async src=\"https:\/\/pagead2.googlesyndication.com\/pagead\/js\/adsbygoogle.js\"><\/script>\r\n<ins class=\"adsbygoogle\"\r\n     style=\"display:block\"\r\n     data-ad-format=\"fluid\"\r\n     data-ad-layout-key=\"-6t+ed+2i-1n-4w\"\r\n     data-ad-client=\"ca-pub-1959107119989764\"\r\n     data-ad-slot=\"4008251320\"><\/ins>\r\n<script>\r\n     (adsbygoogle = window.adsbygoogle || []).push({});\r\n<\/script><\/div>\n    A n\u00e9met gazdas\u00e1got k\u00edv\u00fclr\u0151l els\u0151sorban az amerikai-k\u00ednai kereskedelmi konfliktus \u00e9s a brit uni\u00f3s tags\u00e1g megsz\u00fcntet\u00e9se (Brexit) k\u00f6r\u00fcli bizonytalans\u00e1gok, bel\u00fclr\u0151l pedig az aut\u00f3gy\u00e1rt\u00e1s \u00e1talakul\u00e1s\u00e1nak neh\u00e9zs\u00e9gei h\u00e1tr\u00e1ltatj\u00e1k. Mindez visszaes\u00e9sbe tasz\u00edtotta a GDP csaknem 25 sz\u00e1zal\u00e9k\u00e1t el\u0151\u00e1ll\u00edt\u00f3 \u00e9s f\u0151k\u00e9nt exportra termel\u0151 feldolgoz\u00f3ipart &#8211; emelt\u00e9k ki az elemz\u00e9sben, hozz\u00e1t\u00e9ve, hogy a teljes\u00edtm\u00e9ny visszaes\u00e9se mellett a foglalkoztatottak sz\u00e1m\u00e1nak cs\u00f6kken\u00e9se jellemzi az \u00e1gazatot.<br \/>\n    Azonban a dinamikusan n\u00f6vekv\u0151 lakoss\u00e1gi fogyaszt\u00e1sb\u00f3l profit\u00e1l\u00f3 szolg\u00e1ltat\u00f3 szektor \u00e9s az \u00e9p\u00edt\u0151ipar tov\u00e1bbra is lend\u00fcletben tartja a gazdas\u00e1got, \u00e9s 2021-re ism\u00e9t nagyobb m\u00e9rt\u00e9k\u0171, 1,4 sz\u00e1zal\u00e9kos GDP-n\u00f6veked\u00e9s v\u00e1rhat\u00f3.<br \/>\n    Az el\u0151rejelz\u00e9s szerint a munkaviszonyban \u00e1ll\u00f3k sz\u00e1ma a vizsg\u00e1lt id\u0151szakban rendre \u00fajabb t\u00f6rt\u00e9nelmi cs\u00facsra emelkedik, az id\u00e9n 45,237 milli\u00f3an, j\u00f6v\u0151re 45,359 milli\u00f3an, 2021-ben 45,521 milli\u00f3an dolgoznak a 83 milli\u00f3 lakos\u00fa orsz\u00e1gban. A regisztr\u00e1lt munkan\u00e9lk\u00fcliek sz\u00e1ma az idei 2,276 milli\u00f3r\u00f3l j\u00f6v\u0151re 2,315 milli\u00f3ra emelkedhet, 2021-ben pedig az idei szint al\u00e1, 2,262 milli\u00f3ra s\u00fcllyedhet, a munkan\u00e9lk\u00fclis\u00e9gi r\u00e1ta \u00edgy az idei 5 sz\u00e1zal\u00e9kr\u00f3l 5,1 sz\u00e1zal\u00e9kra emelkedhet, majd 4,9 sz\u00e1zal\u00e9kra m\u00e9rs\u00e9kl\u0151dhet.<br \/>\n    A fogyaszt\u00f3i \u00e1rak n\u00f6veked\u00e9se m\u00e9rs\u00e9kelt maradhat, az id\u00e9n 1,4 sz\u00e1zal\u00e9k, j\u00f6v\u0151re \u00e9s 2021-ben egyar\u00e1nt 1,5 sz\u00e1zal\u00e9k lehet az el\u0151rejelz\u00e9s szerint, amelyet a berlini DIW, az Essenben m\u0171k\u00f6d\u0151 RWI, a hallei IWH, a Kielben m\u0171k\u00f6d\u0151 IfW \u00e9s a m\u00fcncheni ifo kutat\u00f3int\u00e9zet k\u00e9sz\u00edtett.(MTI)<\/p>\n","protected":false},"excerpt":{"rendered":"<p>Lefel\u00e9 m\u00f3dos\u00edtott\u00e1k a n\u00e9met gazdas\u00e1g idei \u00e9s j\u00f6v\u0151 \u00e9vi n\u00f6veked\u00e9s\u00e9re adott el\u0151rejelz\u00e9s\u00fcket N\u00e9metorsz\u00e1g vezet\u0151 gazdas\u00e1gkutat\u00f3 int\u00e9zetei szerd\u00e1n megjelent k\u00f6z\u00f6s elemz\u00e9s\u00fckben.<\/p>\n","protected":false},"author":1,"featured_media":0,"comment_status":"closed","ping_status":"open","sticky":false,"template":"","format":"standard","meta":[],"categories":[12,246],"tags":[],"_links":{"self":[{"href":"https:\/\/gazdasagportal.hu\/index.php\/wp-json\/wp\/v2\/posts\/120092"}],"collection":[{"href":"https:\/\/gazdasagportal.hu\/index.php\/wp-json\/wp\/v2\/posts"}],"about":[{"href":"https:\/\/gazdasagportal.hu\/index.php\/wp-json\/wp\/v2\/types\/post"}],"author":[{"embeddable":true,"href":"https:\/\/gazdasagportal.hu\/index.php\/wp-json\/wp\/v2\/users\/1"}],"replies":[{"embeddable":true,"href":"https:\/\/gazdasagportal.hu\/index.php\/wp-json\/wp\/v2\/comments?post=120092"}],"version-history":[{"count":1,"href":"https:\/\/gazdasagportal.hu\/index.php\/wp-json\/wp\/v2\/posts\/120092\/revisions"}],"predecessor-version":[{"id":120093,"href":"https:\/\/gazdasagportal.hu\/index.php\/wp-json\/wp\/v2\/posts\/120092\/revisions\/120093"}],"wp:attachment":[{"href":"https:\/\/gazdasagportal.hu\/index.php\/wp-json\/wp\/v2\/media?parent=120092"}],"wp:term":[{"taxonomy":"category","embeddable":true,"href":"https:\/\/gazdasagportal.hu\/index.php\/wp-json\/wp\/v2\/categories?post=120092"},{"taxonomy":"post_tag","embeddable":true,"href":"https:\/\/gazdasagportal.hu\/index.php\/wp-json\/wp\/v2\/tags?post=120092"}],"curies":[{"name":"wp","href":"https:\/\/api.w.org\/{rel}","templated":true}]}}