{"id":120084,"date":"2019-10-02T11:07:44","date_gmt":"2019-10-02T09:07:44","guid":{"rendered":"http:\/\/gazdasagportal.hu\/?p=120084"},"modified":"2019-10-02T11:07:44","modified_gmt":"2019-10-02T09:07:44","slug":"brexit-london-szerdan-benyujtja-megallapodasi-javaslatat-az-eu-nak","status":"publish","type":"post","link":"https:\/\/gazdasagportal.hu\/index.php\/brexit-london-szerdan-benyujtja-megallapodasi-javaslatat-az-eu-nak\/","title":{"rendered":"Brexit &#8211; London szerd\u00e1n beny\u00fajtja meg\u00e1llapod\u00e1si javaslat\u00e1t az EU-nak"},"content":{"rendered":"<p><strong>A brit korm\u00e1ny szerd\u00e1n eljuttatja az Eur\u00f3pai Uni\u00f3hoz meg\u00e1llapod\u00e1si javaslatait a brit EU-tags\u00e1g megsz\u0171n\u00e9s\u00e9nek (Brexit) felt\u00e9telrendszer\u00e9r\u0151l. A Downing Street kedd \u00e9jjeli t\u00e1j\u00e9koztat\u00e1sa szerint ez v\u00e9gleges javaslatcsomag lesz, \u00e9s a korm\u00e1ny csak k\u00e9t lehet\u0151s\u00e9get l\u00e1t: vagy megkezd\u0151dnek a t\u00e1rgyal\u00e1sok egy \u00faj meg\u00e1llapod\u00e1sr\u00f3l, vagy a meg\u00e1llapod\u00e1s n\u00e9lk\u00fcli Brexiten kell a tov\u00e1bbiakban dolgozni.<\/strong><!--more--><\/p>\n<div class=\"ads-in-post1\"><div id=\"gazdasagportal.hu_fullbanner_wideboard\"><\/div>\r\n<\/div>\n<p>    A londoni minisztereln\u00f6ki hivatal sz\u00f3viv\u0151je egyenes utal\u00e1st tett arra, hogy ha az EU nem fogadja el a brit javaslatokat, a brit korm\u00e1ny a jelenleg \u00e9rv\u00e9nyes okt\u00f3ber 31-i Brexit-hat\u00e1rnapig m\u00e1r nem kezd \u00faj t\u00e1rgyal\u00e1sokat egy\u00e9b javaslatokr\u00f3l, \u00e9s a kil\u00e9p\u00e9s halaszt\u00e1s\u00e1val sem k\u00edv\u00e1n foglalkozni.<br \/>\n    A londoni als\u00f3h\u00e1z &#8211; a korm\u00e1nyz\u00f3 Konzervat\u00edv P\u00e1rt sz\u00e1mos k\u00e9pvisel\u0151j\u00e9nek t\u00e1mogat\u00e1s\u00e1val &#8211; a m\u00falt h\u00f3nap elej\u00e9n elfogadta azt az ellenz\u00e9ki kezdem\u00e9nyez\u00e9s\u0171 t\u00f6rv\u00e9nytervezetet, amely megtiltja az Egyes\u00fclt Kir\u00e1lys\u00e1g meg\u00e1llapod\u00e1s n\u00e9lk\u00fcli, rendezetlen kil\u00e9p\u00e9s\u00e9t az Eur\u00f3pai Uni\u00f3b\u00f3l a Brexit okt\u00f3ber 31-i hat\u00e1rnapj\u00e1n.<br \/>\n    A t\u00f6rv\u00e9ny l\u00e9nyege az, hogy ha okt\u00f3ber 19-ig &#8211; a Brexit szempontj\u00e1b\u00f3l kritikus jelent\u0151s\u00e9g\u0171, okt\u00f3ber 17-18-\u00e1n esed\u00e9kes EU-cs\u00facs m\u00e1snapj\u00e1ig &#8211; a brit parlament nem j\u00e1rul hozz\u00e1 egy \u00faj Brexit-meg\u00e1llapod\u00e1shoz, \u00e9s ahhoz sem, hogy a brit EU-tags\u00e1g meg\u00e1llapod\u00e1s n\u00e9lk\u00fcl sz\u0171nj\u00f6n meg, Boris Johnson minisztereln\u00f6knek kezdem\u00e9nyeznie kell az EU-n\u00e1l a kil\u00e9p\u00e9s elhalaszt\u00e1s\u00e1t 2020. janu\u00e1r 31-ig.<br \/>\n<div class=\"ads-in-post2\"><script async src=\"https:\/\/pagead2.googlesyndication.com\/pagead\/js\/adsbygoogle.js\"><\/script>\r\n<ins class=\"adsbygoogle\"\r\n     style=\"display:block\"\r\n     data-ad-format=\"fluid\"\r\n     data-ad-layout-key=\"-6t+ed+2i-1n-4w\"\r\n     data-ad-client=\"ca-pub-1959107119989764\"\r\n     data-ad-slot=\"4008251320\"><\/ins>\r\n<script>\r\n     (adsbygoogle = window.adsbygoogle || []).push({});\r\n<\/script><\/div>\n    Johnson az ut\u00f3bbi hetekben azonban t\u00f6bbsz\u00f6r is hat\u00e1rozottan lesz\u00f6gezte, hogy erre semmilyen k\u00f6r\u00fclm\u00e9nyek k\u00f6z\u00f6tt nem lesz hajland\u00f3. Folyamatosan hangoztatja azt az \u00e1ll\u00e1spontj\u00e1t is, hogy a brit EU-tags\u00e1g okt\u00f3ber 31-\u00e9n megsz\u0171nik, ak\u00e1r a Brexit felt\u00e9teleit r\u00f6gz\u00edt\u0151 meg\u00e1llapod\u00e1ssal, ak\u00e1r an\u00e9lk\u00fcl.<br \/>\n    A Downing Street illet\u00e9kese kedd \u00e9jjeli t\u00e1j\u00e9koztat\u00f3j\u00e1n alig burkoltan arra utalt, hogy az EU-nak nem kell figyelembe vennie a meg\u00e1llapod\u00e1s n\u00e9lk\u00fcli Brexitet tilt\u00f3 brit t\u00f6rv\u00e9nyt.<br \/>\n    A minisztereln\u00f6ki hivatal sz\u00f3viv\u0151je \u00fagy fogalmazott: az Eur\u00f3pai Uni\u00f3 saj\u00e1t t\u00f6rv\u00e9nyei alapj\u00e1n csakis a tagorsz\u00e1gok korm\u00e1nyaival t\u00e1rgyalhat, a tag\u00e1llamok parlamentjeivel nem.<br \/>\n    A sz\u00f3viv\u0151 meger\u0151s\u00edtette, hogy Johnson korm\u00e1nya nem fog a Brexit halaszt\u00e1s\u00e1r\u00f3l t\u00e1rgyalni az EU-val.<br \/>\n    Boris Johnson felsz\u00f3lal a Konzervat\u00edv P\u00e1rt Manchesterben zajl\u00f3 \u00e9ves kongresszus\u00e1nak szerdai z\u00e1r\u00f3napj\u00e1n, \u00e9s az el\u0151zetesen ismertt\u00e9 v\u00e1lt r\u00e9szletek szerint kijelenti: a Brexitr\u0151l d\u00f6nt\u0151 n\u00e9pszavaz\u00e1s ut\u00e1n h\u00e1rom \u00e9s f\u00e9l \u00e9vvel az emberek most m\u00e1r kezdik \u00fagy \u00e9rezni, hogy a bolondj\u00e1t j\u00e1ratj\u00e1k vel\u00fck, \u00e9s azt gyan\u00edtj\u00e1k, hogy &#8222;bizonyos er\u0151k&#8221; egyszer\u0171en semmif\u00e9le Brexitet nem akarnak.<br \/>\n    Ha ez a gyan\u00fajuk beigazol\u00f3dik, annak s\u00falyos k\u00f6vetkezm\u00e9nyei lesznek a demokr\u00e1ci\u00e1ba vetett bizalomra &#8211; mondja majd Johnson a tory kongresszust bez\u00e1r\u00f3 szerdai besz\u00e9d\u00e9ben.(MTI)<\/p>\n","protected":false},"excerpt":{"rendered":"<p>A brit korm\u00e1ny szerd\u00e1n eljuttatja az Eur\u00f3pai Uni\u00f3hoz meg\u00e1llapod\u00e1si javaslatait a brit EU-tags\u00e1g megsz\u0171n\u00e9s\u00e9nek (Brexit) felt\u00e9telrendszer\u00e9r\u0151l. A Downing Street kedd \u00e9jjeli t\u00e1j\u00e9koztat\u00e1sa szerint ez v\u00e9gleges javaslatcsomag lesz, \u00e9s a korm\u00e1ny csak k\u00e9t lehet\u0151s\u00e9get l\u00e1t: vagy megkezd\u0151dnek a t\u00e1rgyal\u00e1sok egy \u00faj meg\u00e1llapod\u00e1sr\u00f3l, vagy a meg\u00e1llapod\u00e1s n\u00e9lk\u00fcli Brexiten kell a tov\u00e1bbiakban dolgozni.<\/p>\n","protected":false},"author":1,"featured_media":0,"comment_status":"closed","ping_status":"open","sticky":false,"template":"","format":"standard","meta":[],"categories":[12],"tags":[],"_links":{"self":[{"href":"https:\/\/gazdasagportal.hu\/index.php\/wp-json\/wp\/v2\/posts\/120084"}],"collection":[{"href":"https:\/\/gazdasagportal.hu\/index.php\/wp-json\/wp\/v2\/posts"}],"about":[{"href":"https:\/\/gazdasagportal.hu\/index.php\/wp-json\/wp\/v2\/types\/post"}],"author":[{"embeddable":true,"href":"https:\/\/gazdasagportal.hu\/index.php\/wp-json\/wp\/v2\/users\/1"}],"replies":[{"embeddable":true,"href":"https:\/\/gazdasagportal.hu\/index.php\/wp-json\/wp\/v2\/comments?post=120084"}],"version-history":[{"count":1,"href":"https:\/\/gazdasagportal.hu\/index.php\/wp-json\/wp\/v2\/posts\/120084\/revisions"}],"predecessor-version":[{"id":120085,"href":"https:\/\/gazdasagportal.hu\/index.php\/wp-json\/wp\/v2\/posts\/120084\/revisions\/120085"}],"wp:attachment":[{"href":"https:\/\/gazdasagportal.hu\/index.php\/wp-json\/wp\/v2\/media?parent=120084"}],"wp:term":[{"taxonomy":"category","embeddable":true,"href":"https:\/\/gazdasagportal.hu\/index.php\/wp-json\/wp\/v2\/categories?post=120084"},{"taxonomy":"post_tag","embeddable":true,"href":"https:\/\/gazdasagportal.hu\/index.php\/wp-json\/wp\/v2\/tags?post=120084"}],"curies":[{"name":"wp","href":"https:\/\/api.w.org\/{rel}","templated":true}]}}