{"id":11995,"date":"2013-07-21T09:27:13","date_gmt":"2013-07-21T07:27:13","guid":{"rendered":"http:\/\/stockportal.hu\/?p=11995"},"modified":"2013-07-21T09:27:13","modified_gmt":"2013-07-21T07:27:13","slug":"az-uj-ptk-nyoman-valtoznak-a-cegek-atalakulasi-szabalyai","status":"publish","type":"post","link":"https:\/\/gazdasagportal.hu\/index.php\/az-uj-ptk-nyoman-valtoznak-a-cegek-atalakulasi-szabalyai\/","title":{"rendered":"Az \u00faj Ptk. nyom\u00e1n v\u00e1ltoznak a c\u00e9gek \u00e1talakul\u00e1si szab\u00e1lyai"},"content":{"rendered":"<p><strong>J\u00f6v\u0151 \u00e9v m\u00e1rcius k\u00f6zep\u00e9t\u0151l a c\u00e9gek \u00e1talakul\u00e1sa csak a gazdas\u00e1gi t\u00e1rsas\u00e1g form\u00e1j\u00e1nak a megv\u00e1ltoz\u00e1s\u00e1t jelenti, az egyes\u00fcl\u00e9s \u00e9s a sz\u00e9tv\u00e1l\u00e1s k\u00fcl\u00f6n fogalmakk\u00e9nt jelennek meg &#8211; ezt tartalmazza az a t\u00f6rv\u00e9nyjavaslat, amely az \u00faj Polg\u00e1ri t\u00f6rv\u00e9nyk\u00f6nyv (Ptk.) \u00e1ltal\u00e1nos szab\u00e1lyait r\u00e9szletezi. A t\u00f6rv\u00e9nyjavaslatot a korm\u00e1ny a honlapj\u00e1n tette k\u00f6zz\u00e9.<!--more--><\/strong><\/p>\n<p>Az \u00e1talakul\u00e1s lebonyol\u00edt\u00e1s\u00e1nak \u00e9rdemi szab\u00e1lyai azonban gyakorlatilag nem v\u00e1ltoznak a mostaniakhoz k\u00e9pest, mivel azok megfelelnek az \u00faj Ptk. el\u0151\u00edr\u00e1sainak is. \u00cdgy az \u00e1talakul\u00e1sr\u00f3l a j\u00f6v\u0151ben is k\u00e9t \u00fcl\u00e9sen d\u00f6nt a t\u00e1rsas\u00e1g erre jogos\u00edtott szerve. Az els\u0151n mag\u00e1t az \u00e1talakul\u00e1st hat\u00e1rozz\u00e1k el, m\u00edg a m\u00e1sodikon az \u00e1talakul\u00e1s dokumentumait fogadj\u00e1k el.<br \/>\nAz \u00e1talakul\u00e1s alapdokumentuma az \u00e1talakul\u00e1si terv. Ennek r\u00e9sze az \u00e1talakul\u00e1si vagyonm\u00e9rleg tervezet is, \u00edgy az \u00e1talakul\u00e1si terv jogi, \u00fczleti, sz\u00e1mviteli \u00e9s d\u00f6nt\u00e9s-el\u0151k\u00e9sz\u00edt\u00e9si fogalom lesz.<br \/>\nHa egy c\u00e9g m\u00e1s t\u00e1rsas\u00e1gi form\u00e1v\u00e1 alakul \u00e1t, akkor az \u00faj t\u00e1rsas\u00e1g el\u0151t\u00e1rsas\u00e1gk\u00e9nt nem m\u0171k\u00f6dhet. Az \u00e1talakul\u00e1s sor\u00e1n olyan c\u00e9gform\u00e1t kell v\u00e1lasztani, amelyhez rendelkez\u00e9sre \u00e1ll a t\u00f6rv\u00e9ny \u00e1ltal el\u0151\u00edrt legkisebb jegyzett t\u0151ke.<br \/>\nA c\u00e9gek egyes\u00fcl\u00e9sekor ak\u00e1r mindk\u00e9t eml\u00edtett \u00fcl\u00e9st k\u00f6z\u00f6sen tarthatj\u00e1k meg az egyes\u00fclni k\u00edv\u00e1n\u00f3 t\u00e1rsas\u00e1gok, de a d\u00f6nt\u00e9seket k\u00fcl\u00f6n-k\u00fcl\u00f6n kell meghozniuk. Az egyes\u00fcl\u00e9s speci\u00e1lis t\u00edpusa a beolvad\u00e1s, ilyenkor az \u00e1tvev\u0151 t\u00e1rsas\u00e1g jogi form\u00e1ja v\u00e1ltozatlan marad.<br \/>\nSz\u00e9tv\u00e1l\u00e1sn\u00e1l b\u00e1rmelyik jogel\u0151d tag valamennyi jogut\u00f3d c\u00e9gben tag lehet.<br \/>\nK\u00fcl\u00f6n r\u00e9sz tartalmazza a javaslatban a r\u00e9szv\u00e9nyt\u00e1rsas\u00e1gok egyes\u00fcl\u00e9s\u00e9t \u00e9s sz\u00e9tv\u00e1l\u00e1s\u00e1t. Egyes\u00fcl\u00e9skor meg kell hat\u00e1rozni az egyes\u00fcl\u0151 t\u00e1rsas\u00e1gok r\u00e9szv\u00e9nyeinek a cserear\u00e1ny\u00e1t, \u00e9s azt is, hogy a megl\u00e9v\u0151 vagyonb\u00f3l mennyit fizetnek be a k\u00f6z\u00f6s t\u00e1rsas\u00e1gba, kieg\u00e9sz\u00edt\u0151 k\u00e9szp\u00e9nzbefizet\u00e9sk\u00e9nt. Ez a befizet\u00e9s azonban nem lehet t\u00f6bb, mint a r\u00e9szv\u00e9nyesekre jut\u00f3 vagyonh\u00e1nyad 10 sz\u00e1zal\u00e9ka.<br \/>\nA r\u00e9szv\u00e9nyt\u00e1rsas\u00e1g sz\u00e9tv\u00e1l\u00e1s\u00e1hoz nincs sz\u00fcks\u00e9g a sz\u00e9tv\u00e1l\u00f3 t\u00e1rsas\u00e1g k\u00f6zgy\u0171l\u00e9s\u00e9nek a j\u00f3v\u00e1hagy\u00e1s\u00e1ra, ha valamennyi r\u00e9szv\u00e9ny \u00e1tker\u00fcl az \u00faj t\u00e1rsas\u00e1gokhoz. Ez a r\u00e9szv\u00e9nyesek megk\u00e9rdez\u00e9se n\u00e9lk\u00fcl a menedzsment d\u00f6nthet a sz\u00e9tv\u00e1l\u00e1sr\u00f3l.<br \/>\nEz a t\u00f6rv\u00e9ny is &#8211; a parlamenti elfogad\u00e1sa ut\u00e1n &#8211; j\u00f6v\u0151 \u00e9v m\u00e1rcius 15-\u00e9n, az \u00faj Ptk.-val egy id\u0151ben l\u00e9p hat\u00e1lyba.(MTI)<\/p>\n","protected":false},"excerpt":{"rendered":"<p>J\u00f6v\u0151 \u00e9v m\u00e1rcius k\u00f6zep\u00e9t\u0151l a c\u00e9gek \u00e1talakul\u00e1sa csak a gazdas\u00e1gi t\u00e1rsas\u00e1g form\u00e1j\u00e1nak a megv\u00e1ltoz\u00e1s\u00e1t jelenti, az egyes\u00fcl\u00e9s \u00e9s a sz\u00e9tv\u00e1l\u00e1s k\u00fcl\u00f6n fogalmakk\u00e9nt jelennek meg &#8211; ezt tartalmazza az a t\u00f6rv\u00e9nyjavaslat, amely az \u00faj Polg\u00e1ri t\u00f6rv\u00e9nyk\u00f6nyv (Ptk.) \u00e1ltal\u00e1nos szab\u00e1lyait r\u00e9szletezi. A t\u00f6rv\u00e9nyjavaslatot a korm\u00e1ny a honlapj\u00e1n tette k\u00f6zz\u00e9.<\/p>\n","protected":false},"author":1,"featured_media":0,"comment_status":"open","ping_status":"closed","sticky":false,"template":"","format":"standard","meta":[],"categories":[19],"tags":[],"_links":{"self":[{"href":"https:\/\/gazdasagportal.hu\/index.php\/wp-json\/wp\/v2\/posts\/11995"}],"collection":[{"href":"https:\/\/gazdasagportal.hu\/index.php\/wp-json\/wp\/v2\/posts"}],"about":[{"href":"https:\/\/gazdasagportal.hu\/index.php\/wp-json\/wp\/v2\/types\/post"}],"author":[{"embeddable":true,"href":"https:\/\/gazdasagportal.hu\/index.php\/wp-json\/wp\/v2\/users\/1"}],"replies":[{"embeddable":true,"href":"https:\/\/gazdasagportal.hu\/index.php\/wp-json\/wp\/v2\/comments?post=11995"}],"version-history":[{"count":2,"href":"https:\/\/gazdasagportal.hu\/index.php\/wp-json\/wp\/v2\/posts\/11995\/revisions"}],"predecessor-version":[{"id":12000,"href":"https:\/\/gazdasagportal.hu\/index.php\/wp-json\/wp\/v2\/posts\/11995\/revisions\/12000"}],"wp:attachment":[{"href":"https:\/\/gazdasagportal.hu\/index.php\/wp-json\/wp\/v2\/media?parent=11995"}],"wp:term":[{"taxonomy":"category","embeddable":true,"href":"https:\/\/gazdasagportal.hu\/index.php\/wp-json\/wp\/v2\/categories?post=11995"},{"taxonomy":"post_tag","embeddable":true,"href":"https:\/\/gazdasagportal.hu\/index.php\/wp-json\/wp\/v2\/tags?post=11995"}],"curies":[{"name":"wp","href":"https:\/\/api.w.org\/{rel}","templated":true}]}}