{"id":119784,"date":"2019-09-23T04:04:00","date_gmt":"2019-09-23T02:04:00","guid":{"rendered":"http:\/\/gazdasagportal.hu\/?p=119784"},"modified":"2019-09-22T21:26:47","modified_gmt":"2019-09-22T19:26:47","slug":"a-legy-a-kereskedelmi-vita-leveseben","status":"publish","type":"post","link":"https:\/\/gazdasagportal.hu\/index.php\/a-legy-a-kereskedelmi-vita-leveseben\/","title":{"rendered":"A l\u00e9gy a kereskedelmi vita leves\u00e9ben"},"content":{"rendered":"<p><strong>Van egy l\u00e9gy a levesben, amely megakad\u00e1lyozza az Egyes\u00fclt \u00c1llamok \u00e9s K\u00edna k\u00f6z\u00f6tti <a href=\"https:\/\/play.google.com\/store\/apps\/details?id=iforex.clients.android&amp;hl=hu_hu\" target=\"_blank\" rel=\"noopener noreferrer\">kereskedelmi t\u00e1rgyal\u00e1sokat<\/a>. Mindk\u00e9t f\u00e9l meg\u00e1llapodott a megvitatott k\u00e9rd\u00e9sek kb. 75% -\u00e1ban. A fennmarad\u00f3 r\u00e9sz megakad\u00e1lyozza a meg\u00e1llapod\u00e1s l\u00e9trej\u00f6tt\u00e9t.<\/strong><!--more--><\/p>\n<div class=\"ads-in-post1\"><div id=\"gazdasagportal.hu_fullbanner_wideboard\"><\/div>\r\n<\/div>\n<p><strong>Hogyan val\u00f3sulhat meg az \u00fczlet?<\/strong><\/p>\n<p><a href=\"https:\/\/444.hu\/2019\/08\/06\/senki-nem-tudja-hova-fajulhat-kina-es-az-usa-kereskedelmi-haboruja\" target=\"_blank\" rel=\"noopener noreferrer\">Az Egyes\u00fclt \u00c1llamok \u00e9s K\u00edna k\u00f6z\u00f6tti kereskedelmi h\u00e1bor\u00fa valamelyest enyh\u00fclt<\/a>, de Donald Trump eln\u00f6k t\u00fcrelme egyre ink\u00e1bb fogy. Az Egyes\u00fclt \u00c1llamok eln\u00f6ke meg\u00e1llapod\u00e1st akar, de att\u00f3l tart, hogy ha elfogad egy olyan meg\u00e1llapod\u00e1st, amely nem terjed ki a fontos k\u00e9rd\u00e9sre, akkor meghajol a 2020-as eln\u00f6ki kamp\u00e1nyszakasz el\u0151tt.<\/p><div id=\"gazda-3015393202\" class=\"gazda-tartalomban gazda-entity-placement\"><script async src=\"https:\/\/pagead2.googlesyndication.com\/pagead\/js\/adsbygoogle.js\"><\/script>\r\n<ins class=\"adsbygoogle\"\r\n     style=\"display:block\"\r\n     data-ad-format=\"fluid\"\r\n     data-ad-layout-key=\"-6t+ed+2i-1n-4w\"\r\n     data-ad-client=\"ca-pub-1959107119989764\"\r\n     data-ad-slot=\"4008251320\"><\/ins>\r\n<script>\r\n     (adsbygoogle = window.adsbygoogle || []).push({});\r\n<\/script><\/div>\n<p>Hszi Csin-Ping k\u00ednai eln\u00f6k \u00e9s Donald Trump meg\u00e1llapod\u00e1sra juthatnak a folyamatban l\u00e9v\u0151 kereskedelmi h\u00e1bor\u00fa lez\u00e1r\u00e1sa \u00e9rdek\u00e9ben, ha Washington k\u00e9pes lesz lecs\u00f6kkenteni a jelenlegi amerikai ig\u00e9nyek egyens\u00faly\u00e1t, amelyekkel Peking nem tud kiegyezni. Peking \u00fagy v\u00e9li, hogy az Egyes\u00fclt \u00c1llamok tov\u00e1bbi ig\u00e9nyei s\u00e9rtik K\u00edna szuverenit\u00e1s\u00e1t. A k\u00ednaiak nem j\u00e1rulnak hozz\u00e1 egy olyan meg\u00e1llapod\u00e1shoz, amellyel elvesz\u00edtik a tekint\u00e9ly\u00fcket.<\/p>\n<p>&nbsp;<\/p>\n<p>Alt text: Tariffs are no longer China\u2019s biggest problem<\/p>\n<p>Source: <a href=\"https:\/\/www.cnbc.com\/2019\/09\/06\/tariffs-are-no-longer-chinas-biggest-problem-in-the-trade-war.html\" target=\"_blank\" rel=\"noopener noreferrer\">https:\/\/www.cnbc.com\/2019\/09\/06\/tariffs-are-no-longer-chinas-biggest-problem-in-the-trade-war.html<\/a><\/p>\n<p>&nbsp;<\/p>\n<p><strong>Mi a probl\u00e9ma?<\/strong><\/p>\n<p>Az Egyes\u00fclt \u00c1llamok sz\u00e1m\u00e1ra a kulcst\u00e9nyez\u0151 a szellemi tulajdon lop\u00e1sa. K\u00edna m\u00e1r r\u00e9g\u00f3ta megk\u00f6veteli, hogy b\u00e1rki, aki \u00fczleti tev\u00e9kenys\u00e9get folytat K\u00edn\u00e1ban, k\u00f6teles a szellemi tulajdon\u00e1t a korm\u00e1nynak \u00e1tadnia. A korm\u00e1ny ezut\u00e1n megvizsg\u00e1lja, hogy az inform\u00e1ci\u00f3k hasznosak-e a K\u00ednai \u00e1llam \u00e1ltal ir\u00e1ny\u00edtott gazdas\u00e1gban. K\u00edna ezt az inform\u00e1ci\u00f3t felhaszn\u00e1lhatja olyan v\u00e1llalkoz\u00e1sok l\u00e9trehoz\u00e1s\u00e1ra, amelyek versenybe sz\u00e1llhatnak a k\u00fclf\u00f6ldi v\u00e1llalkoz\u00e1sokkal.<\/p>\n<p>Az Egyes\u00fclt \u00c1llamok m\u00e1r r\u00e9g\u00f3ta el\u00edt\u00e9li ezt az \u00fczleti gyakorlatot, \u00e9s k\u00f6vetelte K\u00edn\u00e1t\u00f3l nem csak azt hogy hagyja abba a szellemi tulajdon eltulajdon\u00edt\u00e1s\u00e1t, hanem k\u00f6vesse nyomon v\u00e1llalkoz\u00e1saikat, \u00e9s vezessen be rendeleteket a szerz\u0151i jogok megs\u00e9rt\u00e9se ellen. Noha az Egyes\u00fclt \u00c1llamok k\u00e9r\u00e9sei v\u00e1llalkoz\u00e1sbar\u00e1tnak t\u0171nnek, a k\u00ednai \u00fczleti gyakorlatok szab\u00e1lyoz\u00e1sa teljesen szembemegy a k\u00ednai korm\u00e1ny jelenlegi szab\u00e1lyaival.<\/p>\n<p>Mi az, aminek mennie kell?<\/p>\n<p><strong><a href=\"https:\/\/www.iforex.hu\/keresked%C3%A9si-vide%C3%B3k\" target=\"_blank\" rel=\"noopener noreferrer\">Az iFOREX p\u00e9nz\u00fcgyi h\u00edrei szerint<\/a><\/strong> az Egyes\u00fclt \u00c1llamok azt akarja, hogy a k\u00ednai korm\u00e1ny teljes m\u00e9rt\u00e9kben elhagyja a \u201eMade in China 2025\u201d iparpolitikai programot. Ez egy ir\u00e1nyelv, egy terv, amely az \u00e1llam r\u00e9szar\u00e1ny\u00e1t a teljes gazdas\u00e1gban 38% -r\u00f3l 20% -ra cs\u00f6kkenti, valamint megval\u00f3s\u00edtja egy ellen\u0151rz\u00e9si mechanizmus v\u00e9grehajt\u00e1s\u00e1t, amely lehet\u0151v\u00e9 tenn\u00e9 az Egyes\u00fclt \u00c1llamok sz\u00e1m\u00e1ra, hogy a k\u00ednai korm\u00e1ny k\u00fcl\u00f6nf\u00e9le szintjeibe nagyobb betekint\u00e9st nyerjen.<\/p>\n<p><strong>Egy patthelyzet<\/strong><\/p>\n<p>A k\u00e9t f\u00e9l patthelyzetbe ker\u00fclt, \u00e9s Trump eln\u00f6k \u00fagy \u00e9rzi, hogy tarif\u00e1kkal nyom\u00e1st gyakorolhat a k\u00ednaiakra. \u00dagy gondolja, hogy ez a helyzet jelenleg K\u00edna sz\u00e1m\u00e1ra f\u00e1jdalmasabb, mint az Egyes\u00fclt \u00c1llamoknak, de tudja hogy hamarosan kifogy az id\u0151b\u0151l. K\u00edna Liu He aleln\u00f6ke \u00e1ltal vezetett legf\u0151bb kereskedelmi k\u00e9pvisel\u0151k v\u00e1rhat\u00f3an okt\u00f3berben rep\u00fclnek Washingtonba, hogy \u00fajabb kereskedelmi t\u00e1rgyal\u00e1sokat folytassanak az Egyes\u00fclt \u00c1llamokbeli partnereikkel, akiket Robert Lighthizer kereskedelmi k\u00e9pvisel\u0151 \u00e9s Steven Mnuchin \u00e1llamkincst\u00e1rvezet\u0151 ir\u00e1ny\u00edt. A k\u00e9rd\u00e9sek, amelyeket az Egyes\u00fclt \u00c1llamok a k\u00f6z\u00e9ppontba helyez\u00e9ssel k\u00edv\u00e1n megoldani, \u00e9s a felek megegyez\u00e9s\u00e9nek b\u00e1rmilyen jelleg\u0171 kudarca a vita el\u0151rehalad\u00e1s\u00e1nak tekintet\u00e9ben a piac volatilit\u00e1s\u00e1t fogja eredm\u00e9nyezni.<\/p>\n","protected":false},"excerpt":{"rendered":"<p>Van egy l\u00e9gy a levesben, amely megakad\u00e1lyozza az Egyes\u00fclt \u00c1llamok \u00e9s K\u00edna k\u00f6z\u00f6tti kereskedelmi t\u00e1rgyal\u00e1sokat. Mindk\u00e9t f\u00e9l meg\u00e1llapodott a megvitatott k\u00e9rd\u00e9sek kb. 75% -\u00e1ban. A fennmarad\u00f3 r\u00e9sz megakad\u00e1lyozza a meg\u00e1llapod\u00e1s l\u00e9trej\u00f6tt\u00e9t.<\/p>\n","protected":false},"author":1001003,"featured_media":119785,"comment_status":"closed","ping_status":"open","sticky":false,"template":"","format":"standard","meta":[],"categories":[146,13,14,246],"tags":[],"_links":{"self":[{"href":"https:\/\/gazdasagportal.hu\/index.php\/wp-json\/wp\/v2\/posts\/119784"}],"collection":[{"href":"https:\/\/gazdasagportal.hu\/index.php\/wp-json\/wp\/v2\/posts"}],"about":[{"href":"https:\/\/gazdasagportal.hu\/index.php\/wp-json\/wp\/v2\/types\/post"}],"author":[{"embeddable":true,"href":"https:\/\/gazdasagportal.hu\/index.php\/wp-json\/wp\/v2\/users\/1001003"}],"replies":[{"embeddable":true,"href":"https:\/\/gazdasagportal.hu\/index.php\/wp-json\/wp\/v2\/comments?post=119784"}],"version-history":[{"count":1,"href":"https:\/\/gazdasagportal.hu\/index.php\/wp-json\/wp\/v2\/posts\/119784\/revisions"}],"predecessor-version":[{"id":119786,"href":"https:\/\/gazdasagportal.hu\/index.php\/wp-json\/wp\/v2\/posts\/119784\/revisions\/119786"}],"wp:featuredmedia":[{"embeddable":true,"href":"https:\/\/gazdasagportal.hu\/index.php\/wp-json\/wp\/v2\/media\/119785"}],"wp:attachment":[{"href":"https:\/\/gazdasagportal.hu\/index.php\/wp-json\/wp\/v2\/media?parent=119784"}],"wp:term":[{"taxonomy":"category","embeddable":true,"href":"https:\/\/gazdasagportal.hu\/index.php\/wp-json\/wp\/v2\/categories?post=119784"},{"taxonomy":"post_tag","embeddable":true,"href":"https:\/\/gazdasagportal.hu\/index.php\/wp-json\/wp\/v2\/tags?post=119784"}],"curies":[{"name":"wp","href":"https:\/\/api.w.org\/{rel}","templated":true}]}}