{"id":119719,"date":"2019-09-19T11:16:52","date_gmt":"2019-09-19T09:16:52","guid":{"rendered":"http:\/\/gazdasagportal.hu\/?p=119719"},"modified":"2019-09-18T20:48:03","modified_gmt":"2019-09-18T18:48:03","slug":"atadtak-a-pecsi-honsa-kft-19-milliard-forintos-uj-csarnokepuletet","status":"publish","type":"post","link":"https:\/\/gazdasagportal.hu\/index.php\/atadtak-a-pecsi-honsa-kft-19-milliard-forintos-uj-csarnokepuletet\/","title":{"rendered":"\u00c1tadt\u00e1k a p\u00e9csi Honsa Kft. 1,9 milli\u00e1rd forintos \u00faj csarnok\u00e9p\u00fclet\u00e9t"},"content":{"rendered":"<p><strong>Magyar Levente, a K\u00fclgazdas\u00e1gi \u00e9s K\u00fcl\u00fcgyminiszt\u00e9rium parlamenti \u00e1llamtitk\u00e1r\u00e1nak jelenl\u00e9t\u00e9ben adt\u00e1k \u00e1t a p\u00e9csi Honsa Kft. leg\u00fajabb csarnok\u00e9p\u00fclet\u00e9t. A n\u00e9met tulajdon\u00fa v\u00e1llalat \u00f6sszesen 3,2 milli\u00e1rd forintos kapacit\u00e1sb\u0151v\u00edt\u00e9si beruh\u00e1z\u00e1s\u00e1nak r\u00e9sze a 1,9 milli\u00e1rd forintos \u00faj csarnok\u00e9p\u00fclet. A Koller Csoport p\u00e9csi le\u00e1nyv\u00e1llalat\u00e1nak szeptember 17-\u00e9n \u00e1tadott 4900 m<sup>2<\/sup>-es gy\u00e1rt\u00f3- \u00e9s rakt\u00e1r\u00e9p\u00fclete a c\u00e9g nyolcadik csarnoka.<\/strong><!--more--><\/p>\n<div class=\"ads-in-post1\"><div id=\"gazdasagportal.hu_fullbanner_wideboard\"><\/div>\r\n<\/div>\n<p>&nbsp;<\/p>\n<p>A Honsa Kft. csarnokavat\u00f3 \u00fcnneps\u00e9ge egyben a v\u00e1llalat 20 \u00e9ves jubileumi rendezv\u00e9nye is volt. Az elk\u00e9sz\u00fclt csarnok\u00e9p\u00fclet \u00fcnnep\u00e9lyes \u00e1tad\u00f3j\u00e1n Max Koller, a Koller Csoport tulajdonosa \u00e9s \u00fcgyvezet\u0151je elmondta, a magyarorsz\u00e1gi le\u00e1nyv\u00e1llalat a legnagyobb gy\u00e1rt\u00f3\u00fczeme a c\u00e9gcsoportnak, \u00e9s emiatt egyik legfontosabb pill\u00e9re. A Honsa Kft. nagyban hozz\u00e1j\u00e1rult a c\u00e9gcsoport sikert\u00f6rt\u00e9net\u00e9hez, hogy Eur\u00f3pa egyik piacvezet\u0151 aut\u00f3alkatr\u00e9sz-gy\u00e1rt\u00f3j\u00e1v\u00e1 v\u00e1lhattak. Besz\u00e9d\u00e9ben kiemelte, h\u00fasz \u00e9vvel ezel\u0151tt els\u0151sorban a kult\u00fara \u00e9s a k\u00fclf\u00f6ldiek ir\u00e1nti nyitotts\u00e1g miatt v\u00e1lasztott\u00e1k Magyarorsz\u00e1got, azon bel\u00fcl is P\u00e9cset, ami az\u00f3ta is j\u00f3 d\u00f6nt\u00e9snek bizonyul.<\/p><div id=\"gazda-3966392464\" class=\"gazda-tartalomban gazda-entity-placement\"><script async src=\"https:\/\/pagead2.googlesyndication.com\/pagead\/js\/adsbygoogle.js\"><\/script>\r\n<ins class=\"adsbygoogle\"\r\n     style=\"display:block\"\r\n     data-ad-format=\"fluid\"\r\n     data-ad-layout-key=\"-6t+ed+2i-1n-4w\"\r\n     data-ad-client=\"ca-pub-1959107119989764\"\r\n     data-ad-slot=\"4008251320\"><\/ins>\r\n<script>\r\n     (adsbygoogle = window.adsbygoogle || []).push({});\r\n<\/script><\/div>\n<p>Magyar Levente besz\u00e9d\u00e9ben kihangs\u00falyozta, a Honsa Kft. kapacit\u00e1sb\u0151v\u00edt\u00e9si beruh\u00e1z\u00e1sa is p\u00e9ld\u00e1zza, \u00e9rdemes k\u00fclf\u00f6ldi befektet\u0151knek Magyarorsz\u00e1gra j\u00f6nni, itt beruh\u00e1zni. Hozz\u00e1tette, a korm\u00e1nyzat tov\u00e1bbra is t\u00e1mogatja P\u00e9cs \u00e9s a D\u00e9l-Dun\u00e1nt\u00fali r\u00e9gi\u00f3 infrastruktur\u00e1lis fejleszt\u00e9s\u00e9t, hogy a Baranya megyei sz\u00e9khely tov\u00e1bb fejl\u0151dhessen.<\/p>\n<div class=\"ads-in-post2\"><script async src=\"https:\/\/pagead2.googlesyndication.com\/pagead\/js\/adsbygoogle.js\"><\/script>\r\n<ins class=\"adsbygoogle\"\r\n     style=\"display:block\"\r\n     data-ad-format=\"fluid\"\r\n     data-ad-layout-key=\"-6t+ed+2i-1n-4w\"\r\n     data-ad-client=\"ca-pub-1959107119989764\"\r\n     data-ad-slot=\"4008251320\"><\/ins>\r\n<script>\r\n     (adsbygoogle = window.adsbygoogle || []).push({});\r\n<\/script><\/div>\nA rendezv\u00e9nyen dr. Hopp\u00e1l P\u00e9ter orsz\u00e1ggy\u0171l\u00e9si k\u00e9pvisel\u0151 is felsz\u00f3lalt. A korm\u00e1ny sz\u00e1m\u00e1ra fontos a D\u00e9l-Dun\u00e1nt\u00fali r\u00e9gi\u00f3, tov\u00e1bbra is t\u00e1mogatj\u00e1k P\u00e9cs \u00fajraiparos\u00edt\u00e1s\u00e1t \u00e9s munkahelyteremt\u00e9s\u00e9t. Fontos partner ebben a n\u00e9met tulajdon\u00fa Honsa Kft. is, akik a j\u00f6v\u0151ben az \u00faj gy\u00e1rt\u00f3csarnok fel\u00e9p\u00edt\u00e9s\u00e9vel a t\u00e9rs\u00e9g gazdas\u00e1g\u00e1t \u00e9s munkahelyteremt\u00e9s\u00e9t is t\u00e1mogatj\u00e1k.<\/p>\n<p>&nbsp;<\/p>\n<p>A p\u00e9csi Keleti Ipari Park ter\u00fclet\u00e9n elhelyezked\u0151 nagyv\u00e1llalat m\u00e1ra a vil\u00e1g egyik vezet\u0151 aut\u00f3alkatr\u00e9sz-gy\u00e1rt\u00f3j\u00e1v\u00e1 n\u0151tte ki mag\u00e1t. Egyed\u00fcl\u00e1ll\u00f3 term\u00e9k\u00fck a saj\u00e1t fejleszt\u00e9s\u0171 technol\u00f3gi\u00e1val k\u00e9sz\u00fcl\u0151 csomagt\u00e9r-fedlapok \u00e9s kalaptart\u00f3k, amelyeket nemzetk\u00f6zi piacra gy\u00e1rtanak imm\u00e1r k\u00e9t \u00e9vtizede. A most \u00e1tadott \u00e9p\u00fcletegy\u00fcttes egy 4900 m<sup>2<\/sup>-es, 12 m belmagass\u00e1g\u00fa gy\u00e1rt\u00f3- \u00e9s rakt\u00e1r\u00e9p\u00fclet, melyb\u0151l 2900 m<sup>2 <\/sup>a rakt\u00e1r \u00e9s 2000 m<sup>2 <\/sup>a gy\u00e1rt\u00f3 ter\u00fclet. Az \u00faj termel\u00e9si ter\u00fcleten komplett csomagt\u00e9r-rendszereket fog gy\u00e1rtani a v\u00e1llalat, amihez trilamin\u00e1t technol\u00f3gi\u00e1t alkalmaznak, vagyis h\u00e1rom komponens\u0171 anyag pr\u00e9sel\u00e9s\u00e9vel form\u00e1lj\u00e1k meg az alakj\u00e1t, de v\u00edzv\u00e1g\u00e1s \u00e9s alkatr\u00e9szek ultrahangos behegeszt\u00e9se is sz\u00fcks\u00e9ges ahhoz, hogy a csomagt\u00e9r-rendszer elnyerje v\u00e9gs\u0151 \u00e9s pontos form\u00e1j\u00e1t Ezen k\u00edv\u00fcl \u00fajfajta sz\u0151nyegez\u00e9si elj\u00e1r\u00e1ssal kalaptart\u00f3kat is fognak gy\u00e1rtani a Porsche sz\u00e1m\u00e1ra az \u00faj csarnokban, ami tov\u00e1bbi munkahelyb\u0151v\u00edt\u00e9sre is lehet\u0151s\u00e9get ad.<\/p>\n<p>A p\u00e9csi telephelyb\u0151v\u00edt\u00e9s\u00e9t 2016 \u00e9v elej\u00e9n kezdt\u00e9k meg, az \u00fczembe helyez\u00e9se v\u00e1rhat\u00f3an 2019. \u0151sz folyam\u00e1n meg is t\u00f6rt\u00e9nik, az \u00e9v v\u00e9g\u00e9re \u00edgy m\u00e1r k\u00f6zel 20 ezer n\u00e9gyzetm\u00e9teren folyik majd a termel\u00e9s a Honsa Kft-n\u00e9l.<\/p>\n<p>&nbsp;<\/p>\n<p><strong><em>Honsa Kft.<\/em><\/strong><\/p>\n<p><em>A p\u00e9csi Honsa Kft.-t 1999-ben alap\u00edtott\u00e1k a n\u00e9met Koller Csoport r\u00e9szek\u00e9nt. A n\u00e9met tulajdon\u00fa v\u00e1llalkoz\u00e1s korszer\u0171 g\u00e9pparkkal, automatiz\u00e1lt gy\u00e1rt\u00f3sorral, magas technol\u00f3giai sz\u00ednvonalon csomagt\u00e9r-, p\u00f3tker\u00e9k-fedlap kalaptart\u00f3 \u00e9s komplett csomagt\u00e9r-rendszerek el\u0151\u00e1ll\u00edt\u00e1s\u00e1t v\u00e9gzi az aut\u00f3ipar r\u00e9sz\u00e9re. A Honsa Kft. k\u00f6zvetlen besz\u00e1ll\u00edt\u00f3ja a Volkswagen, Audi, Porsche, Jaguar, Land Rover, Seat, valamint a BMW aut\u00f3m\u00e1rk\u00e1knak. <\/em><em>A v\u00e1llalat p\u00e9csi telephely\u00e9n \u00e9vi t\u00f6bb mint 4 milli\u00f3 term\u00e9ket \u00e1ll\u00edt el\u0151. <\/em><\/p>\n","protected":false},"excerpt":{"rendered":"<p>Magyar Levente, a K\u00fclgazdas\u00e1gi \u00e9s K\u00fcl\u00fcgyminiszt\u00e9rium parlamenti \u00e1llamtitk\u00e1r\u00e1nak jelenl\u00e9t\u00e9ben adt\u00e1k \u00e1t a p\u00e9csi Honsa Kft. leg\u00fajabb csarnok\u00e9p\u00fclet\u00e9t. A n\u00e9met tulajdon\u00fa v\u00e1llalat \u00f6sszesen 3,2 milli\u00e1rd forintos kapacit\u00e1sb\u0151v\u00edt\u00e9si beruh\u00e1z\u00e1s\u00e1nak r\u00e9sze a 1,9 milli\u00e1rd forintos \u00faj csarnok\u00e9p\u00fclet. A Koller Csoport p\u00e9csi le\u00e1nyv\u00e1llalat\u00e1nak szeptember 17-\u00e9n \u00e1tadott 4900 m2-es gy\u00e1rt\u00f3- \u00e9s rakt\u00e1r\u00e9p\u00fclete a c\u00e9g nyolcadik csarnoka.<\/p>\n","protected":false},"author":1001003,"featured_media":0,"comment_status":"closed","ping_status":"open","sticky":false,"template":"","format":"standard","meta":[],"categories":[19],"tags":[],"_links":{"self":[{"href":"https:\/\/gazdasagportal.hu\/index.php\/wp-json\/wp\/v2\/posts\/119719"}],"collection":[{"href":"https:\/\/gazdasagportal.hu\/index.php\/wp-json\/wp\/v2\/posts"}],"about":[{"href":"https:\/\/gazdasagportal.hu\/index.php\/wp-json\/wp\/v2\/types\/post"}],"author":[{"embeddable":true,"href":"https:\/\/gazdasagportal.hu\/index.php\/wp-json\/wp\/v2\/users\/1001003"}],"replies":[{"embeddable":true,"href":"https:\/\/gazdasagportal.hu\/index.php\/wp-json\/wp\/v2\/comments?post=119719"}],"version-history":[{"count":1,"href":"https:\/\/gazdasagportal.hu\/index.php\/wp-json\/wp\/v2\/posts\/119719\/revisions"}],"predecessor-version":[{"id":119720,"href":"https:\/\/gazdasagportal.hu\/index.php\/wp-json\/wp\/v2\/posts\/119719\/revisions\/119720"}],"wp:attachment":[{"href":"https:\/\/gazdasagportal.hu\/index.php\/wp-json\/wp\/v2\/media?parent=119719"}],"wp:term":[{"taxonomy":"category","embeddable":true,"href":"https:\/\/gazdasagportal.hu\/index.php\/wp-json\/wp\/v2\/categories?post=119719"},{"taxonomy":"post_tag","embeddable":true,"href":"https:\/\/gazdasagportal.hu\/index.php\/wp-json\/wp\/v2\/tags?post=119719"}],"curies":[{"name":"wp","href":"https:\/\/api.w.org\/{rel}","templated":true}]}}