{"id":119715,"date":"2019-09-19T10:11:58","date_gmt":"2019-09-19T08:11:58","guid":{"rendered":"http:\/\/gazdasagportal.hu\/?p=119715"},"modified":"2019-09-18T20:43:36","modified_gmt":"2019-09-18T18:43:36","slug":"novekedett-magyarorszag-eszkozallomanya-az-allianz-globalis-vagyonosodasi-jelentese-szerint","status":"publish","type":"post","link":"https:\/\/gazdasagportal.hu\/index.php\/novekedett-magyarorszag-eszkozallomanya-az-allianz-globalis-vagyonosodasi-jelentese-szerint\/","title":{"rendered":"N\u00f6vekedett Magyarorsz\u00e1g eszk\u00f6z\u00e1llom\u00e1nya az Allianz Glob\u00e1lis Vagyonosod\u00e1si Jelent\u00e9se szerint"},"content":{"rendered":"<p style=\"font-weight: 400;\"><strong>Az Allianz ma tizedik alkalommal jelenteti meg\u00a0<a href=\"https:\/\/www.allianz.hu\/v_1568725442635\/hu\/letoltheto-dokumentumok\/AGWR2019.pdf\" data-saferedirecturl=\"https:\/\/www.google.com\/url?q=https:\/\/www.allianz.hu\/v_1568725442635\/hu\/letoltheto-dokumentumok\/AGWR2019.pdf&amp;source=gmail&amp;ust=1568912811414000&amp;usg=AFQjCNFjXtsdMFH7jrO6d0cbxQlQ2JLLgQ\" target=\"_blank\" rel=\"noopener\">Glob\u00e1lis Vagyonosod\u00e1si Jelent\u00e9s\u00e9t<\/a>, amely a h\u00e1ztart\u00e1sok vagyoni \u00e9s ad\u00f3ss\u00e1ghelyzet\u00e9t vizsg\u00e1lja a vil\u00e1g t\u00f6bb mint 50 orsz\u00e1g\u00e1ban. Szomor\u00fa premiert l\u00e1thatunk: 2018-ban el\u0151sz\u00f6r fordult el\u0151, hogy az iparosodott \u00e9s a felt\u00f6rekv\u0151 orsz\u00e1gokban egyszerre cs\u00f6kkent a p\u00e9nz\u00fcgyi vagyon \u2013 m\u00e9g 2008-ban, a p\u00e9nz\u00fcgyi v\u00e1ls\u00e1g cs\u00facspontj\u00e1n sem t\u00f6rt\u00e9nt ez meg. A megtakar\u00edt\u00f3k vil\u00e1gszerte p\u00e1cban voltak egyr\u00e9szt az Egyes\u00fclt \u00c1llamok \u00e9s K\u00edna k\u00f6z\u00f6tti eszkal\u00e1l\u00f3d\u00f3 kereskedelmi konfliktus, a v\u00e9gtelen Brexit-saga, a fokoz\u00f3d\u00f3 geopolitikai fesz\u00fclts\u00e9g, m\u00e1sr\u00e9szt a monet\u00e1ris szigor\u00edt\u00e1s \u00e9s a monet\u00e1ris politika bejelentett normaliz\u00e1l\u00e1sa miatt. A r\u00e9szv\u00e9nypiacok ennek megfelel\u0151en reag\u00e1ltak: a glob\u00e1lis r\u00e9szv\u00e9ny\u00e1rfolyamok 2018-ban 12 sz\u00e1zal\u00e9kkal cs\u00f6kkentek. Ez k\u00f6zvetlen hat\u00e1ssal volt a vagyon n\u00f6veked\u00e9s\u00e9re. A h\u00e1ztart\u00e1sok glob\u00e1lis brutt\u00f3 p\u00e9nz\u00fcgyi vagyona<sup>[1]<\/sup>\u00a00,1 sz\u00e1zal\u00e9kkal cs\u00f6kkent, \u00e9s t\u00f6bb\u00e9-kev\u00e9sb\u00e9 a 172,5 billi\u00f3s szinten maradt.<\/strong><\/p>\n<p><!--more--><\/p>\n<div class=\"ads-in-post1\"><div id=\"gazdasagportal.hu_fullbanner_wideboard\"><\/div>\r\n<\/div>\n<p class=\"m_-6921176488231456947berschrift2PM\">\u00b7\u00a0\u00a0\u00a0\u00a0\u00a0\u00a0\u00a0\u00a0<u><\/u>A p\u00e9nz\u00fcgyi v\u00e1ls\u00e1g \u00f3ta 2018-ban cs\u00f6kkent el\u0151sz\u00f6r a glob\u00e1lis p\u00e9nzeszk\u00f6z\u00e1llom\u00e1ny<u><\/u><u><\/u><\/p>\n<p class=\"m_-6921176488231456947berschrift2PM\"><u><\/u>\u00b7\u00a0\u00a0\u00a0\u00a0\u00a0\u00a0\u00a0\u00a0<u><\/u>A legszeg\u00e9nyebb \u00e9s leggazdagabb orsz\u00e1gok egym\u00e1shoz val\u00f3 k\u00f6zeled\u00e9se meg\u00e1llt<u><\/u><u><\/u><\/p><div id=\"gazda-3774794383\" class=\"gazda-tartalomban gazda-entity-placement\"><script async src=\"https:\/\/pagead2.googlesyndication.com\/pagead\/js\/adsbygoogle.js\"><\/script>\r\n<ins class=\"adsbygoogle\"\r\n     style=\"display:block\"\r\n     data-ad-format=\"fluid\"\r\n     data-ad-layout-key=\"-6t+ed+2i-1n-4w\"\r\n     data-ad-client=\"ca-pub-1959107119989764\"\r\n     data-ad-slot=\"4008251320\"><\/ins>\r\n<script>\r\n     (adsbygoogle = window.adsbygoogle || []).push({});\r\n<\/script><\/div>\n<p class=\"m_-6921176488231456947berschrift2PM\"><u><\/u>\u00b7\u00a0\u00a0\u00a0\u00a0\u00a0\u00a0\u00a0\u00a0<u><\/u>A k\u00f6telezetts\u00e9g\u00e1llom\u00e1ny n\u00f6veked\u00e9se magas szinten stabiliz\u00e1l\u00f3dott<u><\/u><u><\/u><\/p>\n<p class=\"m_-6921176488231456947berschrift2PM\"><u><\/u>\u00b7\u00a0\u00a0\u00a0\u00a0\u00a0\u00a0\u00a0\u00a0<u><\/u>Magyarorsz\u00e1g: a glob\u00e1lis tendenci\u00e1val szemben a p\u00e9nzeszk\u00f6z\u00e1llom\u00e1ny er\u0151teljesen n\u00f6vekedett<u><\/u><u><\/u><\/p>\n<p class=\"m_-6921176488231456947berschrift2PM\"><u><\/u>\u00b7\u00a0\u00a0\u00a0\u00a0\u00a0\u00a0\u00a0\u00a0<u><\/u>A glob\u00e1lis vagyoni k\u00f6z\u00e9poszt\u00e1ly stagn\u00e1l<\/p>\n<p style=\"font-weight: 400;\">\u201eA n\u00f6vekv\u0151 bizonytalans\u00e1g s\u00falyos k\u00f6vetkezm\u00e9nyekkel j\u00e1r\u201d \u2013 nyilatkozta Michael Heise, az Allianz vezet\u0151 k\u00f6zgazd\u00e1sza. \u201eA szab\u00e1lyokra \u00e9p\u00fcl\u0151 glob\u00e1lis gazdas\u00e1gi rend lebont\u00e1sa m\u00e9rgez\u0151 hat\u00e1ssal van a vagyon felhalmoz\u00f3d\u00e1s\u00e1ra. Ezt a vagyonn\u00f6veked\u00e9s sz\u00e1mai is egy\u00e9rtelm\u0171v\u00e9 teszik: a kereskedelem nem egy z\u00e9r\u00f3 \u00f6sszeg\u0171 j\u00e1tszma. Vagy mindenki a nyer\u0151 oldalon \u00e1ll \u2013 mint kor\u00e1bban \u2013, vagy a vesztesek k\u00f6z\u00f6tt \u2013 ahogy az tavaly t\u00f6rt\u00e9nt. Az agressz\u00edv protekcionizmusban nincsenek gy\u0151ztesek.\u201d<\/p>\n<p style=\"font-weight: 400;\"><strong>A legszeg\u00e9nyebb \u00e9s leggazdagabb orsz\u00e1gok egym\u00e1shoz val\u00f3 k\u00f6zeled\u00e9se meg\u00e1llt<\/strong><\/p>\n<p style=\"font-weight: 400;\">2018-ban a felt\u00f6rekv\u0151 piacokon nemcsak hogy el\u0151sz\u00f6r cs\u00f6kkent a brutt\u00f3 p\u00e9nzeszk\u00f6z\u00e1llom\u00e1ny, de a 0,4 sz\u00e1zal\u00e9kos es\u00e9s j\u00f3val hangs\u00falyosabb volt, mint az iparosodott orsz\u00e1gok 0,1 sz\u00e1zal\u00e9kos visszaes\u00e9se. Ebben kulcsszerepet j\u00e1tszott a gyenge k\u00ednai fejl\u0151d\u00e9s, ahol az eszk\u00f6z\u00f6k 3,4 sz\u00e1zal\u00e9kkal estek vissza. Ugyanakkor m\u00e1s fontos felt\u00f6rekv\u0151 piacoknak \u2013 p\u00e9ld\u00e1ul Mexik\u00f3nak \u00e9s D\u00e9l-Afrik\u00e1nak \u2013 szint\u00e9n jelent\u0151s vesztes\u00e9geket kellett elnyelnie 2018-ban.<\/p>\n<p style=\"font-weight: 400;\">Ez figyelemre m\u00e9lt\u00f3 trendfordul\u00e1s. Az elm\u00falt k\u00e9t \u00e9vtizedben \u2013 2018-at is bele\u00e9rtve \u2013 a szeg\u00e9nyebb r\u00e9gi\u00f3k p\u00e9nz\u00fcgyi vagyon\u00e1nak n\u00f6veked\u00e9se \u00e1tlagosan 11,2 sz\u00e1zal\u00e9kponttal haladta meg a gazdagabb r\u00e9gi\u00f3k\u00e9t. \u00dagy t\u0171nik, hogy a kereskedelmi vit\u00e1k hirtelen meg\u00e1lljt parancsoltak a szeg\u00e9nyebb orsz\u00e1gok felz\u00e1rk\u00f3z\u00e1s\u00e1nak, mik\u00f6zben azonban az iparosodott orsz\u00e1gok sem l\u00e9ptek el\u0151re. Jap\u00e1nban (\u20131,2 sz\u00e1zal\u00e9k), Nyugat-Eur\u00f3p\u00e1ban (\u20130,2 sz\u00e1zal\u00e9k) \u00e9s \u00c9szak-Amerik\u00e1ban (\u20130,3 sz\u00e1zal\u00e9k) is visszaesett a n\u00f6veked\u00e9s \u00fcteme.<\/p>\n<p style=\"font-weight: 400;\"><strong>Kelet-Eur\u00f3pa: a n\u00f6veked\u00e9s \u00faj bajnoka<\/strong><\/p>\n<p style=\"font-weight: 400;\">2018-ban a kelet-eur\u00f3pai h\u00e1ztart\u00e1sok brutt\u00f3 8 sz\u00e1zal\u00e9kkal n\u00f6velt\u00e9k a p\u00e9nz\u00fcgyi vagyonukat, ami azt jelenti, hogy a r\u00e9gi\u00f3 2011 \u00f3ta el\u0151sz\u00f6r gyorsabban n\u00f6vekedett, mint a k\u00e9t m\u00e1sik felt\u00f6rekv\u0151 r\u00e9gi\u00f3, Latin-Amerika (+7,1 sz\u00e1zal\u00e9k) \u00e9s a Jap\u00e1n n\u00e9lk\u00fcli \u00c1zsia (\u20130,9 sz\u00e1zal\u00e9k). Ez a mark\u00e1ns emelked\u00e9s azonban f\u0151leg az olyan EU-n k\u00edv\u00fcli \u00e1llamok gyors n\u00f6veked\u00e9s\u00e9vel magyar\u00e1zhat\u00f3, mint T\u00f6r\u00f6korsz\u00e1g \u00e9s Oroszorsz\u00e1g.<\/p>\n<div class=\"ads-in-post2\"><script async src=\"https:\/\/pagead2.googlesyndication.com\/pagead\/js\/adsbygoogle.js\"><\/script>\r\n<ins class=\"adsbygoogle\"\r\n     style=\"display:block\"\r\n     data-ad-format=\"fluid\"\r\n     data-ad-layout-key=\"-6t+ed+2i-1n-4w\"\r\n     data-ad-client=\"ca-pub-1959107119989764\"\r\n     data-ad-slot=\"4008251320\"><\/ins>\r\n<script>\r\n     (adsbygoogle = window.adsbygoogle || []).push({});\r\n<\/script><\/div>\n<p style=\"font-weight: 400;\">A portf\u00f3li\u00f3k szerkezet\u00e9t elemezve j\u00f3l l\u00e1that\u00f3 a meglep\u0151en \u00e1lland\u00f3 kelet-eur\u00f3pai megtakar\u00edt\u00e1si magatart\u00e1s: a bankbet\u00e9tek r\u00e9szesed\u00e9se p\u00e9ld\u00e1ul az elm\u00falt k\u00e9t \u00e9vtizedben a t\u00f6bb\u00e9-kev\u00e9sb\u00e9 v\u00e1ltozatlan 55 sz\u00e1zal\u00e9k k\u00f6r\u00fcli szinten maradt. \u00c1zsi\u00e1ban ezzel szemben ez jelent\u0151sen, 16 sz\u00e1zal\u00e9kponttal esett, mivel a megtakar\u00edt\u00f3k a kifinomultabb megtakar\u00edt\u00e1si term\u00e9kek fel\u00e9 fordultak. Kelet-Eur\u00f3p\u00e1ban ez kev\u00e9sb\u00e9 t\u00f6rt\u00e9nt meg: az \u00e9rt\u00e9kpap\u00edrok, azaz a t\u0151kepiaci befektet\u00e9sek r\u00e9szesed\u00e9se enyh\u00e9n cs\u00f6kkent. A biztos\u00edt\u00e1sok \u00e9s nyugd\u00edjc\u00e9l\u00fa megtakar\u00edt\u00e1sok r\u00e9szesed\u00e9se 2010 \u00f3ta szint\u00e9n lefel\u00e9 tend\u00e1l \u2013 a 10,5 sz\u00e1zal\u00e9kos \u00e9rt\u00e9k jelent\u0151sen alacsonyabb a m\u00e1sik k\u00e9t felt\u00f6rekv\u0151 r\u00e9gi\u00f3\u00e9n\u00e1l, \u00e9s mind\u00f6ssze egyharmada a glob\u00e1lis szintnek.<\/p>\n<p style=\"font-weight: 400;\">\u201eEz el\u00e9g ellentmond\u00e1sos megtakar\u00edt\u00e1si magatart\u00e1s\u201d \u2013 mondta Michaela Grimm, a jelent\u00e9s t\u00e1rsszerz\u0151je. \u201eMivel a kelet-eur\u00f3pai orsz\u00e1gok t\u00e1rsadalmai gyors \u00fctemben \u00f6regszenek, sokan t\u00f6bbet takar\u00edtanak meg az \u00f6regs\u00e9gi nyugd\u00edjuk kieg\u00e9sz\u00edt\u00e9se \u00e9rdek\u00e9ben. \u00dagy t\u0171nik azonban, hogy ehhez nem a leghat\u00e9konyabb id\u0151skori v\u00e9delmet biztos\u00edt\u00f3 term\u00e9keket v\u00e1lasztj\u00e1k, nevezetesen az \u00e9letbiztos\u00edt\u00e1sokat \u00e9s az \u00e9letj\u00e1rad\u00e9kokat. A digitaliz\u00e1ci\u00f3t azonban \u00e9rdemes lenne az e t\u00e9ren ny\u00fajtott vonz\u00f3bb megold\u00e1sok el\u0151mozd\u00edt\u00f3j\u00e1nak tekinteni. Kelet-Eur\u00f3p\u00e1nak fel kell k\u00e9sz\u00fclnie a fenyeget\u0151 demogr\u00e1fiai katasztr\u00f3f\u00e1ra.\u201d<\/p>\n<p style=\"font-weight: 400;\"><strong>A k\u00f6telezetts\u00e9g\u00e1llom\u00e1ny n\u00f6veked\u00e9se magas szinten stabiliz\u00e1l\u00f3dott<\/strong><\/p>\n<p style=\"font-weight: 400;\">A h\u00e1ztart\u00e1sok k\u00f6telezetts\u00e9g\u00e1llom\u00e1nya 2018-ban glob\u00e1lisan 5,7 sz\u00e1zal\u00e9kkal \u2013 az el\u0151z\u0151 \u00e9v 6 sz\u00e1zal\u00e9kos szintj\u00e9n\u00e9l kicsit kevesebbel, azonban j\u00f3val a 3,6 sz\u00e1zal\u00e9kos hossz\u00fa t\u00e1v\u00fa \u00e1tlagos \u00e9ves n\u00f6veked\u00e9si r\u00e1ta felett \u2013 emelkedett. A glob\u00e1lis ad\u00f3ss\u00e1gr\u00e1ta (a k\u00f6telezetts\u00e9gek GDP ar\u00e1ny\u00e1ban kifejezett \u00e9rt\u00e9ke) ugyanakkor a m\u00e9g mindig er\u0151teljes gazdas\u00e1gi n\u00f6veked\u00e9snek k\u00f6sz\u00f6nhet\u0151en a 65,1 sz\u00e1zal\u00e9kos szinten stabiliz\u00e1l\u00f3dott. Ebben a tekintetben a legt\u00f6bb r\u00e9gi\u00f3 hasonl\u00f3 fejlem\u00e9nyeket tapasztalt. Kelet-Eur\u00f3p\u00e1ban az ad\u00f3ss\u00e1gr\u00e1ta nem sokat v\u00e1ltozott a p\u00e9nz\u00fcgyi v\u00e1ls\u00e1g \u00f3ta. Ez \u00e9les ellent\u00e9tben \u00e1ll a Jap\u00e1n n\u00e9lk\u00fcli \u00c1zsi\u00e1val, ahol az elm\u00falt \u00e9vtizedben az ad\u00f3ss\u00e1gr\u00e1ta t\u00f6bb mint 20 sz\u00e1zal\u00e9kponttal n\u0151tt.<\/p>\n<p style=\"font-weight: 400;\">\u201eAz ad\u00f3ss\u00e1gok dinamik\u00e1ja \u00c1zsi\u00e1ban \u2013 \u00e9s k\u00fcl\u00f6n\u00f6sen K\u00edn\u00e1ban \u2013 aggodalomra ad okot\u201d \u2013 jegyzi meg Patricia Pelayo Romero, a jelent\u00e9s t\u00e1rsszerz\u0151je. \u201eA k\u00ednai h\u00e1ztart\u00e1sok a n\u00e9met \u00e9s olasz h\u00e1ztart\u00e1sokhoz k\u00e9pest p\u00e9ld\u00e1ul m\u00e1ris viszonylag elad\u00f3sodottak. Legut\u00f3bb r\u00f6viddel a p\u00e9nz\u00fcgyi v\u00e1ls\u00e1g el\u0151tt l\u00e1ttunk a mag\u00e1nszem\u00e9lyek elad\u00f3sodotts\u00e1g\u00e1ban bek\u00f6vetkez\u0151 hasonl\u00f3an gyors n\u00f6veked\u00e9st az Egyes\u00fclt \u00c1llamokban, Spanyolorsz\u00e1gban \u00e9s \u00cdrorsz\u00e1gban. A legt\u00f6bb iparosodott orsz\u00e1ghoz k\u00e9pest a k\u00ednai ad\u00f3ss\u00e1gszintek m\u00e9g mindig jelent\u0151sen alacsonyabbak. A fel\u00fcgyeleti szerveknek azonban nem kellene \u00f6lbe tett k\u00e9zzel \u00fclni\u00fck. Az ad\u00f3ss\u00e1gvez\u00e9relt n\u00f6veked\u00e9s nem fenntarthat\u00f3 \u2013 m\u00e9g K\u00edna sem immunis az ad\u00f3ss\u00e1gv\u00e1ls\u00e1ggal szemben.\u201d<\/p>\n<p style=\"font-weight: 400;\">A k\u00f6telezetts\u00e9g\u00e1llom\u00e1ny er\u0151teljes n\u00f6veked\u00e9se miatt a nett\u00f3 p\u00e9nzeszk\u00f6z\u00e1llom\u00e1ny \u2013 azaz a brutt\u00f3 p\u00e9nzeszk\u00f6z\u00e1llom\u00e1ny \u00e9s az ad\u00f3ss\u00e1g k\u00f6z\u00f6tti k\u00fcl\u00f6nbs\u00e9g \u2013 \u00e9rt\u00e9ke 2018 v\u00e9g\u00e9re glob\u00e1lisan 1,9 sz\u00e1zal\u00e9kkal, 129,8 billi\u00f3 eur\u00f3ra cs\u00f6kkent. A felt\u00f6rekv\u0151 orsz\u00e1gok k\u00fcl\u00f6n\u00f6sen megszenvedt\u00e9k a drasztikus visszaes\u00e9st: a nett\u00f3 p\u00e9nzeszk\u00f6z\u00e1llom\u00e1ny 5,7 sz\u00e1zal\u00e9kkalkal zsugorodott (az iparosodott orsz\u00e1gok 1,1%-\u00e1hoz k\u00e9pest), m\u00edg Kelet-Eur\u00f3pa 6,6%-os n\u00f6veked\u00e9st k\u00f6nyvelt el.<\/p>\n<p style=\"font-weight: 400;\"><strong>Magyarorsz\u00e1g: a glob\u00e1lis tendenci\u00e1val szemben er\u0151teljesen n\u00f6vekedett a p\u00e9nzeszk\u00f6z\u00e1llom\u00e1ny<\/strong><\/p>\n<p style=\"font-weight: 400;\">2018-ban a magyar h\u00e1ztart\u00e1sok brutt\u00f3 p\u00e9nzeszk\u00f6z\u00e1llom\u00e1nya 9 sz\u00e1zal\u00e9kkal \u2013 az el\u0151z\u0151 \u00e9v 9,1 sz\u00e1zal\u00e9kos n\u00f6veked\u00e9si \u00fctem\u00e9n\u00e9l kicsit kevesebbel \u2013 emelkedett. Ez a meggy\u0151z\u0151 teljes\u00edtm\u00e9ny f\u0151leg a bankbet\u00e9teknek volt k\u00f6sz\u00f6nhet\u0151, amelyek \u2013 az elm\u00falt k\u00e9t \u00e9vtized leggyorsabb emelked\u00e9s\u00e9vel \u2013 15,1 sz\u00e1zal\u00e9kkal ugrottak meg. Az eszk\u00f6z\u00f6k t\u00f6bb mint fel\u00e9t kitev\u0151 \u00e9rt\u00e9kpap\u00edrok, nevezetesen a k\u00fcl\u00f6nf\u00e9le t\u00edpus\u00fa r\u00e9szv\u00e9nyek hat\u00e1rozott, 9,1 sz\u00e1zal\u00e9kos n\u00f6veked\u00e9st produk\u00e1ltak. M\u00e1sr\u00e9szt a biztos\u00edt\u00e1sok \u00e9s nyugd\u00edjc\u00e9l\u00fa megtakar\u00edt\u00e1sok n\u00f6veked\u00e9si \u00fcteme ink\u00e1bb csal\u00f3d\u00e1st keltett, mivel 2018-ban csek\u00e9ly 0,6 sz\u00e1zal\u00e9kos pluszt k\u00f6nyvelhetett el, ami a 2010\/2011-es \u201enyugd\u00edjsokk\u201d \u00f3ta a leggyeng\u00e9bb emelked\u00e9s volt. A k\u00f6telezetts\u00e9gek n\u00f6veked\u00e9se 4,4 sz\u00e1zal\u00e9kra gyorsult, ami normaliz\u00e1l\u00f3d\u00e1sra utal azon \u00e9vek ut\u00e1n, amikor a magyar h\u00e1ztart\u00e1sok jelent\u0151sen cs\u00f6kkentett\u00e9k ad\u00f3ss\u00e1gaikat: 2010 \u00e9s 2017 k\u00f6z\u00f6tt az ad\u00f3ss\u00e1g\u00e1llom\u00e1ny 26 sz\u00e1zal\u00e9kkal zsugorodott. A tov\u00e1bbra is er\u0151teljes gazdas\u00e1gi n\u00f6veked\u00e9snek k\u00f6sz\u00f6nhet\u0151en a h\u00e1ztart\u00e1sok ad\u00f3ss\u00e1gr\u00e1t\u00e1ja tov\u00e1bb esik: 2018 v\u00e9g\u00e9n el\u00e9rte a 22,3 sz\u00e1zal\u00e9kot, ami a 2010-es cs\u00facs\u00e9rt\u00e9khez k\u00e9pest 22 sz\u00e1zal\u00e9kponttal alacsonyabb.<\/p>\n<p style=\"font-weight: 400;\">Magyarorsz\u00e1gon a nett\u00f3 p\u00e9nzeszk\u00f6z\u00e1llom\u00e1ny 2018-ban 10 sz\u00e1zal\u00e9kkal n\u0151tt, \u00e9s ez sorozatban a hetedik olyan \u00e9v, amikor k\u00e9t sz\u00e1mjegy\u0171 emelked\u00e9st tapasztalunk. 14 810 eur\u00f3s egy f\u0151re jut\u00f3 nett\u00f3 p\u00e9nzeszk\u00f6z\u00e1llom\u00e1ny\u00e1val Magyarorsz\u00e1g a 29. helyre kapaszkodott fel a leggazdagabb orsz\u00e1gok rangsor\u00e1ban (az egy f\u0151re jut\u00f3 p\u00e9nzeszk\u00f6z\u00e1llom\u00e1ny els\u0151 h\u00fasz helyezettj\u00e9t l\u00e1sd a t\u00e1bl\u00e1zatban), megtartva ezzel a negyedik leggazdagabb kelet-eur\u00f3pai orsz\u00e1gk\u00e9nt elfoglalt hely\u00e9t Szlov\u00e9nia (28.), \u00c9sztorsz\u00e1g (27.) \u00e9s a Cseh K\u00f6zt\u00e1rsas\u00e1g (25.) m\u00f6g\u00f6tt, megel\u0151zve G\u00f6r\u00f6gorsz\u00e1got (31.). A rangsor tetej\u00e9n ism\u00e9t \u2013 nem utols\u00f3sorban az er\u0151s doll\u00e1rnak k\u00f6sz\u00f6nhet\u0151en \u2013 az Egyes\u00fclt \u00c1llamok v\u00e1ltotta Sv\u00e1jcot. Ha hosszabb t\u00e1von, eg\u00e9szen a sz\u00e1zadfordul\u00f3ig visszamen\u0151leg n\u00e9zz\u00fck a lista v\u00e1ltoz\u00e1s\u00e1t, j\u00f3l l\u00e1that\u00f3, hogy t\u00f6bb kelet-eur\u00f3pai orsz\u00e1g is n\u00f6veked\u00e9st k\u00f6nyvelhet el: a gy\u0151ztesek k\u00f6z\u00f6tt ott van a h\u00e1rom balti \u00e1llam (+6 hely), valamint Oroszorsz\u00e1g (+6 hely), Bulg\u00e1ria (+4 hely) \u00e9s Magyarorsz\u00e1g (+3 hely) is.<\/p>\n<p style=\"font-weight: 400;\"><strong>Csak egy bukkan\u00f3 az \u00faton?<\/strong><\/p>\n<p style=\"font-weight: 400;\">Az elm\u00falt \u00e9vtizedet tekintve most el\u0151sz\u00f6r fordult el\u0151, hogy a glob\u00e1lis vagyoni k\u00f6z\u00e9poszt\u00e1ly nem n\u00f6vekedett: 2018 v\u00e9g\u00e9n nagyj\u00e1b\u00f3l 1,040 milli\u00e1rd ember (k\u00f6zt\u00fck k\u00f6r\u00fclbel\u00fcl 4\u00a0milli\u00f3 magyar) tartozott a glob\u00e1lis vagyoni k\u00f6z\u00e9poszt\u00e1lyba, ami t\u00f6bb\u00e9-kev\u00e9sb\u00e9 megegyezik az egy \u00e9vvel kor\u00e1bbi adattal. A zsugorod\u00f3 k\u00ednai eszk\u00f6z\u00f6k jelentette k\u00f6rnyezet ellen\u00e9re ez nem t\u00fal nagy meglepet\u00e9s, mivel mostan\u00e1ig az \u00faj glob\u00e1lis k\u00f6z\u00e9poszt\u00e1ly kialakul\u00e1sa f\u0151leg k\u00ednai \u00fcgy volt: tagjainak k\u00f6zel a fele k\u00ednai anyanyelv\u0171, csak\u00fagy, mint a fels\u0151 vagyoni oszt\u00e1ly 25 sz\u00e1zal\u00e9ka. \u201eA glob\u00e1lis j\u00f3l\u00e9t n\u00f6vel\u00e9s\u00e9r rengeteg lehet\u0151s\u00e9g \u00e1ll m\u00e9g nyitva\u201d \u2013 mondta Arne Holzhausen, a jelent\u00e9s t\u00e1rsszerz\u0151je. \u201eHa m\u00e1s s\u0171r\u0171n lakott orsz\u00e1gok \u2013 p\u00e9ld\u00e1ul Braz\u00edlia, Oroszorsz\u00e1g, Indon\u00e9zia \u00e9s k\u00fcl\u00f6n\u00f6sen India \u2013 a k\u00ednai\u00e9hoz hasonl\u00f3 vagyonszintet \u00e9s vagyoneloszt\u00e1st \u00e9rn\u00e9nek el, a glob\u00e1lis vagyoni k\u00f6z\u00e9poszt\u00e1ly k\u00f6r\u00fclbel\u00fcl 350 milli\u00f3 emberrel, a glob\u00e1lis vagyoni fels\u0151 oszt\u00e1ly pedig nagyj\u00e1b\u00f3l 200 milli\u00f3 emberrel b\u0151v\u00fclne. Ebben az esetben a vagyon glob\u00e1lis eloszl\u00e1sa egy kicsit egyenl\u0151bb lenne: 2018 v\u00e9g\u00e9n a teljes nett\u00f3 p\u00e9nz\u00fcgyi vagyon durv\u00e1n 82%-\u00e1t a vil\u00e1g n\u00e9pess\u00e9g\u00e9nek leggazdagabb 10 sz\u00e1zal\u00e9ka birtokolta. A globaliz\u00e1ci\u00f3 \u00e9s a szabadkereskedelem megk\u00e9rd\u0151jelez\u00e9se vil\u00e1gszerte emberek milli\u00f3it fosztja meg az el\u0151jut\u00e1s lehet\u0151s\u00e9g\u00e9t\u0151l.\u201d<\/p>\n<p><strong>\u00a0<\/strong><\/p>\n<p style=\"font-weight: 400;\"><strong>Az els\u0151 20 orsz\u00e1g (2018):<\/strong><\/p>\n<table style=\"font-weight: 400;\" width=\"606\">\n<tbody>\n<tr>\n<td colspan=\"4\" width=\"292\"><strong>Egy f\u0151re jut\u00f3 nett\u00f3 p\u00e9nzeszk\u00f6z\u00e1llom\u00e1ny<\/strong><\/td>\n<td width=\"18\">&nbsp;<\/td>\n<td colspan=\"4\" width=\"296\"><strong>Egy f\u0151re jut\u00f3 brutt\u00f3 p\u00e9nzeszk\u00f6z\u00e1llom\u00e1ny<\/strong><\/td>\n<\/tr>\n<tr>\n<td width=\"122\">&nbsp;<\/td>\n<td width=\"66\">EUR<\/td>\n<td width=\"50\">\u00e9v\/\u00e9v %-ban<\/td>\n<td width=\"54\">2000-es<br \/>\nrangsor<\/td>\n<td width=\"18\">&nbsp;<\/td>\n<td width=\"121\">&nbsp;<\/td>\n<td width=\"76\">EUR<\/td>\n<td width=\"47\">\u00e9v\/\u00e9v %-ban<\/td>\n<td width=\"52\">2000-es<br \/>\nrangsor<\/td>\n<\/tr>\n<tr>\n<td width=\"122\">1. USA<\/td>\n<td width=\"66\">184\u00a0410<\/td>\n<td width=\"50\">\u20131,7<\/td>\n<td width=\"54\">2<\/td>\n<td width=\"18\">&nbsp;<\/td>\n<td width=\"121\">1. Sv\u00e1jc<\/td>\n<td width=\"76\">266\u00a0320<\/td>\n<td width=\"47\">\u20130,9<\/td>\n<td width=\"52\">1<\/td>\n<\/tr>\n<tr>\n<td width=\"122\">2. Sv\u00e1jc<\/td>\n<td width=\"66\">173\u00a0840<\/td>\n<td width=\"50\">\u20132,4<\/td>\n<td width=\"54\">1<\/td>\n<td width=\"18\">&nbsp;<\/td>\n<td width=\"121\">2. USA<\/td>\n<td width=\"76\">227\u00a0360<\/td>\n<td width=\"47\">\u20130,9<\/td>\n<td width=\"52\">2<\/td>\n<\/tr>\n<tr>\n<td width=\"122\">3. Szingap\u00far<\/td>\n<td width=\"66\">100\u00a0370<\/td>\n<td width=\"50\">4,4<\/td>\n<td width=\"54\">16<\/td>\n<td width=\"18\">&nbsp;<\/td>\n<td width=\"121\">3. D\u00e1nia<\/td>\n<td width=\"76\">156\u00a0320<\/td>\n<td width=\"47\">0,5<\/td>\n<td width=\"52\">6<\/td>\n<\/tr>\n<tr>\n<td width=\"122\">4. Tajvan<\/td>\n<td width=\"66\">97\u00a0850<\/td>\n<td width=\"50\">5,0<\/td>\n<td width=\"54\">14<\/td>\n<td width=\"18\">&nbsp;<\/td>\n<td width=\"121\">4. Hollandia<\/td>\n<td width=\"76\">146\u00a0155<\/td>\n<td width=\"47\">1,4<\/td>\n<td width=\"52\">4.<\/td>\n<\/tr>\n<tr>\n<td width=\"122\">5. Hollandia<\/td>\n<td width=\"66\">97\u00a0345<\/td>\n<td width=\"50\">1,4<\/td>\n<td width=\"54\">6<\/td>\n<td width=\"18\">&nbsp;<\/td>\n<td width=\"121\">5. Szingap\u00far<\/td>\n<td width=\"76\">136\u00a0940<\/td>\n<td width=\"47\">3,3<\/td>\n<td width=\"52\">10<\/td>\n<\/tr>\n<tr>\n<td width=\"122\">6. Jap\u00e1n<\/td>\n<td width=\"66\">96\u00a0310<\/td>\n<td width=\"50\">\u20131,7<\/td>\n<td width=\"54\">3<\/td>\n<td width=\"18\">&nbsp;<\/td>\n<td width=\"121\">6. Sv\u00e9dorsz\u00e1g<\/td>\n<td width=\"76\">135\u00a0800<\/td>\n<td width=\"47\">\u20131,5<\/td>\n<td width=\"52\">14<\/td>\n<\/tr>\n<tr>\n<td width=\"122\">7. Sv\u00e9dorsz\u00e1g<\/td>\n<td width=\"66\">92\u00a0320<\/td>\n<td width=\"50\">\u20134,0<\/td>\n<td width=\"54\">13<\/td>\n<td width=\"18\">&nbsp;<\/td>\n<td width=\"121\">7. Ausztr\u00e1lia<\/td>\n<td width=\"76\">129\u00a0030<\/td>\n<td width=\"47\">2,0<\/td>\n<td width=\"52\">17<\/td>\n<\/tr>\n<tr>\n<td width=\"122\">8. Belgium<\/td>\n<td width=\"66\">89\u00a0540<\/td>\n<td width=\"50\">\u20133,6<\/td>\n<td width=\"54\">4.<\/td>\n<td width=\"18\">&nbsp;<\/td>\n<td width=\"121\">8. Kanada<\/td>\n<td width=\"76\">120\u00a0280<\/td>\n<td width=\"47\">\u20131,8<\/td>\n<td width=\"52\">8<\/td>\n<\/tr>\n<tr>\n<td width=\"122\">9. \u00daj-Z\u00e9land<\/td>\n<td width=\"66\">87\u00a0620<\/td>\n<td width=\"50\">\u20131,0<\/td>\n<td width=\"54\">9<\/td>\n<td width=\"18\">&nbsp;<\/td>\n<td width=\"121\">9. Jap\u00e1n<\/td>\n<td width=\"76\">118\u00a0350<\/td>\n<td width=\"47\">\u20130,9<\/td>\n<td width=\"52\">3<\/td>\n<\/tr>\n<tr>\n<td width=\"122\">10. D\u00e1nia<\/td>\n<td width=\"66\">85\u00a0895<\/td>\n<td width=\"50\">\u20133,6<\/td>\n<td width=\"54\">12<\/td>\n<td width=\"18\">&nbsp;<\/td>\n<td width=\"121\">10. Tajvan<\/td>\n<td width=\"76\">117\u00a0430<\/td>\n<td width=\"47\">4,9<\/td>\n<td width=\"52\">16<\/td>\n<\/tr>\n<tr>\n<td width=\"122\">11. Kanada<\/td>\n<td width=\"66\">80\u00a0670<\/td>\n<td width=\"50\">\u20133,9<\/td>\n<td width=\"54\">8<\/td>\n<td width=\"18\">&nbsp;<\/td>\n<td width=\"121\">11. \u00daj-Z\u00e9land<\/td>\n<td width=\"76\">115\u00a0050<\/td>\n<td width=\"47\">0,5<\/td>\n<td width=\"52\">11<\/td>\n<\/tr>\n<tr>\n<td width=\"122\">12. Nagy-Britannia<\/td>\n<td width=\"66\">79\u00a0760<\/td>\n<td width=\"50\">\u20131,0<\/td>\n<td width=\"54\">5<\/td>\n<td width=\"18\">&nbsp;<\/td>\n<td width=\"121\">12. Belgium<\/td>\n<td width=\"76\">114\u00a0730<\/td>\n<td width=\"47\">\u20132,2<\/td>\n<td width=\"52\">5<\/td>\n<\/tr>\n<tr>\n<td width=\"122\">13. Izrael<\/td>\n<td width=\"66\">73\u00a0180<\/td>\n<td width=\"50\">1,8<\/td>\n<td width=\"54\">11<\/td>\n<td width=\"18\">&nbsp;<\/td>\n<td width=\"121\">13.\u00a0Nagy-Britannia<\/td>\n<td width=\"76\">112\u00a0870<\/td>\n<td width=\"47\">0,4<\/td>\n<td width=\"52\">7<\/td>\n<\/tr>\n<tr>\n<td width=\"122\">14. Ausztr\u00e1lia<\/td>\n<td width=\"66\">68\u00a0670<\/td>\n<td width=\"50\">1,3<\/td>\n<td width=\"54\">19<\/td>\n<td width=\"18\">&nbsp;<\/td>\n<td width=\"121\">14. Izrael<\/td>\n<td width=\"76\">91\u00a0990<\/td>\n<td width=\"47\">2,4<\/td>\n<td width=\"52\">18<\/td>\n<\/tr>\n<tr>\n<td width=\"122\">15. Franciaorsz\u00e1g<\/td>\n<td width=\"66\">57\u00a0095<\/td>\n<td width=\"50\">\u20133,0<\/td>\n<td width=\"54\">10<\/td>\n<td width=\"18\">&nbsp;<\/td>\n<td width=\"121\">15. Norv\u00e9gia<\/td>\n<td width=\"76\">91\u00a0430<\/td>\n<td width=\"47\">2,0<\/td>\n<td width=\"52\">20<\/td>\n<\/tr>\n<tr>\n<td width=\"122\">16. Ausztria<\/td>\n<td width=\"66\">53\u00a0980<\/td>\n<td width=\"50\">\u20130,5<\/td>\n<td width=\"54\">17<\/td>\n<td width=\"18\">&nbsp;<\/td>\n<td width=\"121\">16. Franciaorsz\u00e1g<\/td>\n<td width=\"76\">83\u00a0295<\/td>\n<td width=\"47\">\u20131,0<\/td>\n<td width=\"52\">12<\/td>\n<\/tr>\n<tr>\n<td width=\"122\">17. Olaszorsz\u00e1g<\/td>\n<td width=\"66\">53\u00a0140<\/td>\n<td width=\"50\">\u20136,5<\/td>\n<td width=\"54\">7<\/td>\n<td width=\"18\">&nbsp;<\/td>\n<td width=\"121\">17. \u00cdrorsz\u00e1g<\/td>\n<td width=\"76\">77\u00a0580<\/td>\n<td width=\"47\">\u20132,3<\/td>\n<td width=\"52\">13<\/td>\n<\/tr>\n<tr>\n<td width=\"122\">18. N\u00e9metorsz\u00e1g<\/td>\n<td width=\"66\">52\u00a0860<\/td>\n<td width=\"50\">1,1<\/td>\n<td width=\"54\">18<\/td>\n<td width=\"18\">&nbsp;<\/td>\n<td width=\"121\">18. Ausztria<\/td>\n<td width=\"76\">75\u00a0880<\/td>\n<td width=\"47\">0,2<\/td>\n<td width=\"52\">19<\/td>\n<\/tr>\n<tr>\n<td width=\"122\">19. \u00cdrorsz\u00e1g<\/td>\n<td width=\"66\">47\u00a0060<\/td>\n<td width=\"50\">\u20131,0<\/td>\n<td width=\"54\">15<\/td>\n<td width=\"18\">&nbsp;<\/td>\n<td width=\"121\">19. N\u00e9metorsz\u00e1g<\/td>\n<td width=\"76\">74\u00a0620<\/td>\n<td width=\"47\">1,7<\/td>\n<td width=\"52\">15<\/td>\n<\/tr>\n<tr>\n<td width=\"122\">20. D\u00e9l-Korea<\/td>\n<td width=\"66\">29\u00a0720<\/td>\n<td>&lt;td width=&#8221;50&#8243; style=&#8221;wid<\/td>\n<\/tr>\n<\/tbody>\n<\/table>\n","protected":false},"excerpt":{"rendered":"<p>Az Allianz ma tizedik alkalommal jelenteti meg\u00a0Glob\u00e1lis Vagyonosod\u00e1si Jelent\u00e9s\u00e9t, amely a h\u00e1ztart\u00e1sok vagyoni \u00e9s ad\u00f3ss\u00e1ghelyzet\u00e9t vizsg\u00e1lja a vil\u00e1g t\u00f6bb mint 50 orsz\u00e1g\u00e1ban. Szomor\u00fa premiert l\u00e1thatunk: 2018-ban el\u0151sz\u00f6r fordult el\u0151, hogy az iparosodott \u00e9s a felt\u00f6rekv\u0151 orsz\u00e1gokban egyszerre cs\u00f6kkent a p\u00e9nz\u00fcgyi vagyon \u2013 m\u00e9g 2008-ban, a p\u00e9nz\u00fcgyi v\u00e1ls\u00e1g cs\u00facspontj\u00e1n sem t\u00f6rt\u00e9nt ez meg. A megtakar\u00edt\u00f3k vil\u00e1gszerte &#8230;<\/p>\n","protected":false},"author":1001003,"featured_media":0,"comment_status":"closed","ping_status":"open","sticky":false,"template":"","format":"standard","meta":[],"categories":[19,246],"tags":[],"_links":{"self":[{"href":"https:\/\/gazdasagportal.hu\/index.php\/wp-json\/wp\/v2\/posts\/119715"}],"collection":[{"href":"https:\/\/gazdasagportal.hu\/index.php\/wp-json\/wp\/v2\/posts"}],"about":[{"href":"https:\/\/gazdasagportal.hu\/index.php\/wp-json\/wp\/v2\/types\/post"}],"author":[{"embeddable":true,"href":"https:\/\/gazdasagportal.hu\/index.php\/wp-json\/wp\/v2\/users\/1001003"}],"replies":[{"embeddable":true,"href":"https:\/\/gazdasagportal.hu\/index.php\/wp-json\/wp\/v2\/comments?post=119715"}],"version-history":[{"count":1,"href":"https:\/\/gazdasagportal.hu\/index.php\/wp-json\/wp\/v2\/posts\/119715\/revisions"}],"predecessor-version":[{"id":119716,"href":"https:\/\/gazdasagportal.hu\/index.php\/wp-json\/wp\/v2\/posts\/119715\/revisions\/119716"}],"wp:attachment":[{"href":"https:\/\/gazdasagportal.hu\/index.php\/wp-json\/wp\/v2\/media?parent=119715"}],"wp:term":[{"taxonomy":"category","embeddable":true,"href":"https:\/\/gazdasagportal.hu\/index.php\/wp-json\/wp\/v2\/categories?post=119715"},{"taxonomy":"post_tag","embeddable":true,"href":"https:\/\/gazdasagportal.hu\/index.php\/wp-json\/wp\/v2\/tags?post=119715"}],"curies":[{"name":"wp","href":"https:\/\/api.w.org\/{rel}","templated":true}]}}