{"id":119707,"date":"2019-09-19T15:36:50","date_gmt":"2019-09-19T13:36:50","guid":{"rendered":"http:\/\/gazdasagportal.hu\/?p=119707"},"modified":"2019-09-18T20:37:43","modified_gmt":"2019-09-18T18:37:43","slug":"brexit-a-londoni-lengyel-nagykovet-hazateresre-biztatja-a-lengyeleket","status":"publish","type":"post","link":"https:\/\/gazdasagportal.hu\/index.php\/brexit-a-londoni-lengyel-nagykovet-hazateresre-biztatja-a-lengyeleket\/","title":{"rendered":"Brexit &#8211; A londoni lengyel nagyk\u00f6vet hazat\u00e9r\u00e9sre biztatja a lengyeleket"},"content":{"rendered":"<p><strong>Hazat\u00e9r\u00e9sre biztatja az Egyes\u00fclt Kir\u00e1lys\u00e1gban \u00e9l\u0151 lengyel \u00e1llampolg\u00e1rokat Lengyelorsz\u00e1g londoni nagyk\u00f6vete. Arkady Rzegocki szerd\u00e1n ismertetett felh\u00edv\u00e1sa szerint eddig nagyon kev\u00e9s lengyel k\u00e9rt tart\u00f3s leteleped\u00e9si enged\u00e9lyt, \u00e9s ez gondokat okozhat a brit EU-tags\u00e1g megsz\u0171n\u00e9se (Brexit) ut\u00e1n.<\/strong><!--more--><\/p>\n<div class=\"ads-in-post1\"><div id=\"gazdasagportal.hu_fullbanner_wideboard\"><\/div>\r\n<\/div>\n<p>    Rzegocki 800 ezer feln\u0151tt lengyel \u00e1llampolg\u00e1rnak \u00edrt levelet, amelyben azt javasolja, hogy &#8222;komolyan vegy\u00e9k fontol\u00f3ra&#8221; a hazat\u00e9r\u00e9st az Egyes\u00fclt Kir\u00e1lys\u00e1gb\u00f3l.<br \/>\n    A nagyk\u00f6vet hangs\u00falyozza a lev\u00e9lben, hogy Lengyelorsz\u00e1gban folyamatosan javul az \u00e9letsz\u00ednvonal, \u00e9s ez &#8222;nagyon j\u00f3 alkalmat k\u00edn\u00e1l&#8221; a hazak\u00f6lt\u00f6z\u00e9sre.<br \/>\n    Arkady Rzegocki szerd\u00e1n a BBC r\u00e1di\u00f3nak nyilatkozva kijelentette: a lengyel hazai \u00f6sszterm\u00e9k (GDP) 28 \u00e9ve folyamatosan n\u00f6vekszik, a lengyelorsz\u00e1gi \u00e9letst\u00edlus is m\u00e1s, mint ak\u00e1r \u00f6t vagy t\u00edz \u00e9vvel ezel\u0151tt.<br \/>\n    Rzegocki kit\u00e9rt arra is, hogy az Egyes\u00fclt Kir\u00e1lys\u00e1gban \u00e9l\u0151 \u00f6sszesen t\u00f6bb mint egymilli\u00f3 lengyel k\u00f6z\u00fcl eddig alig 27 sz\u00e1zal\u00e9k folyamodott tart\u00f3s brit leteleped\u00e9si enged\u00e9ly\u00e9rt. A nagyk\u00f6vet szerint ez a &#8222;r\u00e9miszt\u0151en alacsony ar\u00e1ny&#8221; arra utal, hogy lengyel \u00e1llampolg\u00e1rok ezrei szembes\u00fclhetnek komplik\u00e1ci\u00f3kkal jogi st\u00e1tusuk rendezetlens\u00e9ge miatt a Brexit ut\u00e1n.<br \/>\n<div class=\"ads-in-post2\"><script async src=\"https:\/\/pagead2.googlesyndication.com\/pagead\/js\/adsbygoogle.js\"><\/script>\r\n<ins class=\"adsbygoogle\"\r\n     style=\"display:block\"\r\n     data-ad-format=\"fluid\"\r\n     data-ad-layout-key=\"-6t+ed+2i-1n-4w\"\r\n     data-ad-client=\"ca-pub-1959107119989764\"\r\n     data-ad-slot=\"4008251320\"><\/ins>\r\n<script>\r\n     (adsbygoogle = window.adsbygoogle || []).push({});\r\n<\/script><\/div>\n    Arkady Rzegocki elmondta, hogy a nagyk\u00f6vets\u00e9g probl\u00e9m\u00e1kr\u00f3l kap bejelent\u00e9seket olyan lengyel \u00e1llampolg\u00e1rokt\u00f3l is, akik m\u00e1r t\u00edz \u00e9ve vagy m\u00e9g r\u00e9gebben \u00e9lnek az Egyes\u00fclt Kir\u00e1lys\u00e1gban.<br \/>\n    A nagyk\u00f6vet kiemelte azt is, hogy a lengyel \u00e1llampolg\u00e1rok k\u00f6z\u00f6tt meglehet\u0151sen magas, 42 sz\u00e1zal\u00e9k azoknak az ar\u00e1nya, akik egyel\u0151re csak el\u0151zetes letelepedett st\u00e1tust kaptak a brit hat\u00f3s\u00e1gokt\u00f3l.<br \/>\n    A brit korm\u00e1ny d\u00f6nt\u00e9se alapj\u00e1n azok a k\u00fclf\u00f6ldi EU-polg\u00e1rok, akik t\u00f6rv\u00e9nyesen \u00e9s \u00e9letvitelszer\u0171en az Egyes\u00fclt Kir\u00e1lys\u00e1gban laknak, a brit EU-tags\u00e1g megsz\u0171n\u00e9se ut\u00e1n is maradhatnak az orsz\u00e1gban, \u00e9s \u00e9rv\u00e9nyben maradnak jelenlegi jogosults\u00e1gaik is, de letelepedett jogi st\u00e1tus\u00e9rt &#8211; vagyis meghat\u00e1rozatlan id\u0151re sz\u00f3l\u00f3 tart\u00f3zkod\u00e1si enged\u00e9ly\u00e9rt &#8211; kell folyamodniuk a brit bel\u00fcgyminiszt\u00e9riumhoz.<br \/>\n    A t\u00e1rca a m\u00falt h\u00e9ten tette k\u00f6zz\u00e9 legfrissebb \u00f6sszes\u00edt\u00e9s\u00e9t, amely szerint ezt augusztus v\u00e9g\u00e9ig csaknem 1,34 milli\u00f3an tett\u00e9k meg, \u00e9s a letelepedett st\u00e1tus\u00e9rt folyamod\u00f3k sz\u00e1ma az\u00f3ta \u00e1tl\u00e9pte a 1,5 milli\u00f3t.<br \/>\n    Becsl\u00e9sek szerint 3,2 milli\u00f3 k\u00fclf\u00f6ldi EU-\u00e1llampolg\u00e1r \u00e9l az Egyes\u00fclt Kir\u00e1lys\u00e1gban.<br \/>\n    Az augusztus 31-i \u00e1llapotot mutat\u00f3 lista \u00e9l\u00e9n a lengyelek \u00e1llnak 240 300 folyamodv\u00e1nnyal, \u0151ket a rom\u00e1n \u00e1llampolg\u00e1rok k\u00f6vetik 187 600 leteleped\u00e9si k\u00e9rv\u00e9nnyel.<br \/>\n    A brit bel\u00fcgyminiszt\u00e9rium adatai szerint az Egyes\u00fclt Kir\u00e1lys\u00e1gban \u00e9l\u0151 magyarok k\u00f6z\u00fcl a m\u00falt h\u00f3nap v\u00e9g\u00e9ig 39 700-an k\u00e9rtek tart\u00f3s leteleped\u00e9si enged\u00e9lyt.<br \/>\n    A t\u00e1rca szerint az eddig feldolgozott folyamodv\u00e1nyok beterjeszt\u0151inek 62 sz\u00e1zal\u00e9ka v\u00e9gleges, 37 sz\u00e1zal\u00e9kuk el\u0151zetes letelepedett st\u00e1tust kapott.<br \/>\n    Ez ut\u00f3bbit azok a k\u00e9relmez\u0151k kaphatj\u00e1k, akik a beny\u00fajt\u00e1s idej\u00e9n m\u00e9g nem t\u00f6lt\u00f6ttek el \u00f6t \u00e9vet \u00e9letvitelszer\u0171en az Egyes\u00fclt Kir\u00e1lys\u00e1gban, de \u0151k is megv\u00e1rhatj\u00e1k az \u00f6t \u00e9v letelt\u00e9t, \u00e9s ut\u00e1na megkapj\u00e1k a v\u00e9gleges tart\u00f3zkod\u00e1si enged\u00e9lyt. Az addig eltel\u0151 id\u0151szakban \u0151ket is marad\u00e9ktalanul megilletik eddig megszerzett jogosults\u00e1gaik.<br \/>\n    Az Egyes\u00fclt Kir\u00e1lys\u00e1gban \u00e9l\u0151 k\u00fclf\u00f6ldi EU-\u00e1llampolg\u00e1roknak a jelenlegi szab\u00e1lyoz\u00e1s alapj\u00e1n legal\u00e1bb 2020. december 31-\u00e9ig van idej\u00fck tart\u00f3s leteleped\u00e9s\u00fck enged\u00e9lyeztet\u00e9s\u00e9re. A brit bel\u00fcgyminiszt\u00e9rium rendre hangs\u00falyozza, hogy ez a hat\u00e1rid\u0151 mindenk\u00e9ppen \u00e9rv\u00e9nyben marad, ak\u00e1r lesz meg\u00e1llapod\u00e1s London \u00e9s az EU k\u00f6z\u00f6tt a Brexit felt\u00e9teleir\u0151l, ak\u00e1r nem.(MTI)<\/p>\n","protected":false},"excerpt":{"rendered":"<p>Hazat\u00e9r\u00e9sre biztatja az Egyes\u00fclt Kir\u00e1lys\u00e1gban \u00e9l\u0151 lengyel \u00e1llampolg\u00e1rokat Lengyelorsz\u00e1g londoni nagyk\u00f6vete. Arkady Rzegocki szerd\u00e1n ismertetett felh\u00edv\u00e1sa szerint eddig nagyon kev\u00e9s lengyel k\u00e9rt tart\u00f3s leteleped\u00e9si enged\u00e9lyt, \u00e9s ez gondokat okozhat a brit EU-tags\u00e1g megsz\u0171n\u00e9se (Brexit) ut\u00e1n.<\/p>\n","protected":false},"author":1001003,"featured_media":0,"comment_status":"closed","ping_status":"open","sticky":false,"template":"","format":"standard","meta":[],"categories":[12],"tags":[],"_links":{"self":[{"href":"https:\/\/gazdasagportal.hu\/index.php\/wp-json\/wp\/v2\/posts\/119707"}],"collection":[{"href":"https:\/\/gazdasagportal.hu\/index.php\/wp-json\/wp\/v2\/posts"}],"about":[{"href":"https:\/\/gazdasagportal.hu\/index.php\/wp-json\/wp\/v2\/types\/post"}],"author":[{"embeddable":true,"href":"https:\/\/gazdasagportal.hu\/index.php\/wp-json\/wp\/v2\/users\/1001003"}],"replies":[{"embeddable":true,"href":"https:\/\/gazdasagportal.hu\/index.php\/wp-json\/wp\/v2\/comments?post=119707"}],"version-history":[{"count":1,"href":"https:\/\/gazdasagportal.hu\/index.php\/wp-json\/wp\/v2\/posts\/119707\/revisions"}],"predecessor-version":[{"id":119708,"href":"https:\/\/gazdasagportal.hu\/index.php\/wp-json\/wp\/v2\/posts\/119707\/revisions\/119708"}],"wp:attachment":[{"href":"https:\/\/gazdasagportal.hu\/index.php\/wp-json\/wp\/v2\/media?parent=119707"}],"wp:term":[{"taxonomy":"category","embeddable":true,"href":"https:\/\/gazdasagportal.hu\/index.php\/wp-json\/wp\/v2\/categories?post=119707"},{"taxonomy":"post_tag","embeddable":true,"href":"https:\/\/gazdasagportal.hu\/index.php\/wp-json\/wp\/v2\/tags?post=119707"}],"curies":[{"name":"wp","href":"https:\/\/api.w.org\/{rel}","templated":true}]}}