{"id":119703,"date":"2019-09-19T13:33:25","date_gmt":"2019-09-19T11:33:25","guid":{"rendered":"http:\/\/gazdasagportal.hu\/?p=119703"},"modified":"2019-09-18T20:34:41","modified_gmt":"2019-09-18T18:34:41","slug":"az-amerikai-kormany-megvonja-kaliforniatol-az-engedelyt-a-kipufogogaz-kibocsatas-onallo-meghatarozasara","status":"publish","type":"post","link":"https:\/\/gazdasagportal.hu\/index.php\/az-amerikai-kormany-megvonja-kaliforniatol-az-engedelyt-a-kipufogogaz-kibocsatas-onallo-meghatarozasara\/","title":{"rendered":"Az amerikai korm\u00e1ny megvonja Kaliforni\u00e1t\u00f3l az enged\u00e9lyt a kipufog\u00f3g\u00e1z-kibocs\u00e1t\u00e1s \u00f6n\u00e1ll\u00f3 meghat\u00e1roz\u00e1s\u00e1ra"},"content":{"rendered":"<p><strong>Az amerikai korm\u00e1ny megvonja Kaliforni\u00e1t\u00f3l a sz\u00f6vets\u00e9gi enged\u00e9lyt arra, hogy  \u00f6n\u00e1ll\u00f3an hat\u00e1rozza meg a kipufog\u00f3g\u00e1z-kibocs\u00e1t\u00e1si szab\u00e1lyokat &#8211; jelentette be Donald Trump amerikai eln\u00f6k szerd\u00e1n.<\/strong><!--more--><\/p>\n<div class=\"ads-in-post1\"><div id=\"gazdasagportal.hu_fullbanner_wideboard\"><\/div>\r\n<\/div>\n<p>    Twitter-bejegyz\u00e9s\u00e9ben az eln\u00f6k azt \u00edrta, hogy a d\u00f6nt\u00e9s k\u00f6vetkezt\u00e9ben &#8222;olcs\u00f3bb \u00e9s biztons\u00e1gosabb aut\u00f3k&#8221; gy\u00e1rt\u00e1s\u00e1ra ny\u00edlik lehet\u0151s\u00e9g, \u00e9s egyben bejelentette azt is, hogy a sz\u00f6vets\u00e9gi korm\u00e1nyzat \u00faj k\u00e1rosanyag-kibocs\u00e1t\u00e1si szab\u00e1lyoz\u00e1st tesz k\u00f6zz\u00e9.       Elemz\u0151k szerint a h\u00e1tt\u00e9rben a sz\u00f6vets\u00e9gi korm\u00e1ny \u00e9s Kalifornia k\u00f6z\u00f6tti vita h\u00faz\u00f3dik meg, els\u0151sorban arr\u00f3l, hogy Washington nem akarja kiengedni kez\u00e9b\u0151l az aut\u00f3gy\u00e1rakkal folytatand\u00f3 t\u00e1rgyal\u00e1sokat, illetve az eg\u00e9sz orsz\u00e1gra \u00e9rv\u00e9nyes, a kor\u00e1bbi szigor\u00edt\u00e1sokat laz\u00edt\u00f3 egys\u00e9ges k\u00e1rosanyag-kibocs\u00e1t\u00e1si szab\u00e1lyz\u00f3t akar bevezetni.<br \/>\n<div class=\"ads-in-post2\"><script async src=\"https:\/\/pagead2.googlesyndication.com\/pagead\/js\/adsbygoogle.js\"><\/script>\r\n<ins class=\"adsbygoogle\"\r\n     style=\"display:block\"\r\n     data-ad-format=\"fluid\"\r\n     data-ad-layout-key=\"-6t+ed+2i-1n-4w\"\r\n     data-ad-client=\"ca-pub-1959107119989764\"\r\n     data-ad-slot=\"4008251320\"><\/ins>\r\n<script>\r\n     (adsbygoogle = window.adsbygoogle || []).push({});\r\n<\/script><\/div>\n     Kor\u00e1bbi sajt\u00f3h\u00edrek ugyanis arr\u00f3l sz\u00e1moltak be, hogy Kalifornia \u00e1llam j\u00faliusban n\u00e9gy aut\u00f3gy\u00e1rral &#8211; a Forddal, a Hond\u00e1val, a Volkswagennel \u00e9s a BMW-vel &#8211; \u00edrt al\u00e1 k\u00fcl\u00f6n meg\u00e1llapod\u00e1st. Az egyezm\u00e9nyben az \u00e9rintett gy\u00e1rak a jelenleg \u00e9rv\u00e9nyben l\u00e9v\u0151 sz\u00f6vets\u00e9gi szab\u00e1lyoz\u00e1sn\u00e1l szigor\u00fabb k\u00e1rosanyag-kibocs\u00e1t\u00e1si norm\u00e1k tiszteletben tart\u00e1s\u00e1ra v\u00e1llaltak k\u00f6telezetts\u00e9get.         Az Egyes\u00fclt \u00c1llamok legn\u00e9pesebb tag\u00e1llam\u00e1nak r\u00e9g\u00f3ta joga volt az \u00f6n\u00e1ll\u00f3 d\u00f6nt\u00e9sre az \u00fcgyben, a Trump-korm\u00e1nyzat szerint azonban ennek nem tag\u00e1llami, hanem sz\u00f6vets\u00e9gi hat\u00e1sk\u00f6rnek kell lennie.       Gavin Newsom, Kalifornia demokrata p\u00e1rti korm\u00e1nyf\u0151je &#8222;politikai bossz\u00fanak&#8221; min\u0151s\u00edtette a Trump \u00e1ltal bejelentett d\u00f6nt\u00e9st. &#8222;Kalifornia soha nem fog enged\u00e9lyt k\u00e9rni Washingtont\u00f3l az\u00e9rt, hogy megv\u00e9dhesse csal\u00e1djai \u00e9s gyermekei eg\u00e9szs\u00e9g\u00e9t \u00e9s biztons\u00e1g\u00e1t&#8221; &#8211; nyilatkozta a korm\u00e1nyz\u00f3.<br \/>\n    A sz\u00f6vets\u00e9gi k\u00f6rnyezetv\u00e9delmi hivatal (EPA) egyel\u0151re nem jelentette be a Kaliforni\u00e1nak eddig megadott enged\u00e9ly visszavon\u00e1s\u00e1t.(MTI)<\/p>\n","protected":false},"excerpt":{"rendered":"<p>Az amerikai korm\u00e1ny megvonja Kaliforni\u00e1t\u00f3l a sz\u00f6vets\u00e9gi enged\u00e9lyt arra, hogy \u00f6n\u00e1ll\u00f3an hat\u00e1rozza meg a kipufog\u00f3g\u00e1z-kibocs\u00e1t\u00e1si szab\u00e1lyokat &#8211; jelentette be Donald Trump amerikai eln\u00f6k szerd\u00e1n.<\/p>\n","protected":false},"author":1001003,"featured_media":0,"comment_status":"closed","ping_status":"open","sticky":false,"template":"","format":"standard","meta":[],"categories":[13],"tags":[],"_links":{"self":[{"href":"https:\/\/gazdasagportal.hu\/index.php\/wp-json\/wp\/v2\/posts\/119703"}],"collection":[{"href":"https:\/\/gazdasagportal.hu\/index.php\/wp-json\/wp\/v2\/posts"}],"about":[{"href":"https:\/\/gazdasagportal.hu\/index.php\/wp-json\/wp\/v2\/types\/post"}],"author":[{"embeddable":true,"href":"https:\/\/gazdasagportal.hu\/index.php\/wp-json\/wp\/v2\/users\/1001003"}],"replies":[{"embeddable":true,"href":"https:\/\/gazdasagportal.hu\/index.php\/wp-json\/wp\/v2\/comments?post=119703"}],"version-history":[{"count":1,"href":"https:\/\/gazdasagportal.hu\/index.php\/wp-json\/wp\/v2\/posts\/119703\/revisions"}],"predecessor-version":[{"id":119704,"href":"https:\/\/gazdasagportal.hu\/index.php\/wp-json\/wp\/v2\/posts\/119703\/revisions\/119704"}],"wp:attachment":[{"href":"https:\/\/gazdasagportal.hu\/index.php\/wp-json\/wp\/v2\/media?parent=119703"}],"wp:term":[{"taxonomy":"category","embeddable":true,"href":"https:\/\/gazdasagportal.hu\/index.php\/wp-json\/wp\/v2\/categories?post=119703"},{"taxonomy":"post_tag","embeddable":true,"href":"https:\/\/gazdasagportal.hu\/index.php\/wp-json\/wp\/v2\/tags?post=119703"}],"curies":[{"name":"wp","href":"https:\/\/api.w.org\/{rel}","templated":true}]}}