{"id":119599,"date":"2019-09-15T16:16:14","date_gmt":"2019-09-15T14:16:14","guid":{"rendered":"http:\/\/gazdasagportal.hu\/?p=119599"},"modified":"2019-09-15T10:17:11","modified_gmt":"2019-09-15T08:17:11","slug":"negy-ev-alatt-megnegyszerezodott-az-elso-hazasoknak-jaro-adokedvezmenyt-kihasznalok-tabora","status":"publish","type":"post","link":"https:\/\/gazdasagportal.hu\/index.php\/negy-ev-alatt-megnegyszerezodott-az-elso-hazasoknak-jaro-adokedvezmenyt-kihasznalok-tabora\/","title":{"rendered":"N\u00e9gy \u00e9v alatt megn\u00e9gyszerez\u0151d\u00f6tt az els\u0151 h\u00e1zasoknak j\u00e1r\u00f3 ad\u00f3kedvezm\u00e9nyt kihaszn\u00e1l\u00f3k t\u00e1bora"},"content":{"rendered":"<p><strong>Tavaly mintegy n\u00e9gyszer annyi els\u0151 h\u00e1zas vette ig\u00e9nybe a havi \u00f6tezer forintos ad\u00f3kedvezm\u00e9nyt, mint 2015-ben. Az szja-bevall\u00e1sok adatai alapj\u00e1n 2018-ban a 85 ezer els\u0151 h\u00e1zas \u00f6sszess\u00e9g\u00e9ben 3,3 milli\u00e1rd forintot sp\u00f3rolt, 2,8 milli\u00e1rddal t\u00f6bbet, mint 2015-ben &#8211; t\u00e1j\u00e9koztatta Izer Norbert ad\u00f3\u00fcgyek\u00e9rt felel\u0151s \u00e1llamtitk\u00e1r az MTI-t.<\/strong><!--more--><\/p>\n<div class=\"ads-in-post1\"><div id=\"gazdasagportal.hu_fullbanner_wideboard\"><\/div>\r\n<\/div>\n<p>    A gyermekek ut\u00e1n j\u00e1r\u00f3 csal\u00e1di kedvezm\u00e9nyt eg\u00e9sz\u00edtette ki a korm\u00e1ny 2015-t\u0151l az els\u0151 h\u00e1zasok kedvezm\u00e9ny\u00e9vel, amellyel Magyarorsz\u00e1g Eur\u00f3p\u00e1ban egyed\u00fcl\u00e1ll\u00f3 m\u00f3don seg\u00edti m\u00e1r a kezdetekt\u0151l a csal\u00e1dalap\u00edt\u00e1st &#8211; eml\u00e9keztetett az \u00e1llamtitk\u00e1r.<br \/>\n    Kifejtette: a h\u00e1zass\u00e1gk\u00f6t\u00e9st k\u00f6vet\u0151 24 h\u00f3napon kereszt\u00fcl az ifj\u00fa h\u00e1zasok egy\u00fcttesen havi 5000 forint ad\u00f3kedvezm\u00e9nyt kapnak, amely gyermek\u00e1ld\u00e1s eset\u00e9n a csal\u00e1di kedvezm\u00e9nnyel egy\u00fctt is ig\u00e9nybe vehet\u0151. A kedvezm\u00e9ny azoknak j\u00e1r, ahol legal\u00e1bb az egyik h\u00e1zast\u00e1rs els\u0151 h\u00e1zass\u00e1g\u00e1t k\u00f6ti &#8211; tette hozz\u00e1.<br \/>\n    A KSH nyilv\u00e1ntart\u00e1sa alapj\u00e1n 2017-ben \u00e9s 2018-ban \u00f6sszesen 101 ezer h\u00e1zass\u00e1got k\u00f6t\u00f6ttek, ami azt is mutatja, hogy a frigyek mintegy 80 sz\u00e1zal\u00e9k\u00e1ban vettek ig\u00e9nybe kedvezm\u00e9nyt.<br \/>\n    Az ad\u00f3tudatoss\u00e1g fejleszt\u00e9s\u00e9nek az egyik fontos \u00e1llom\u00e1sa lehet az is, ha el tudjuk \u00e9rni, hogy az \u00e9rintettek m\u00e1r az ad\u00f3el\u0151leg\u00fckb\u0151l is \u00e9rv\u00e9nyes\u00edts\u00e9k a kedvezm\u00e9nyt, amely a h\u00e1zass\u00e1gk\u00f6t\u00e9st k\u00f6vet\u0151 h\u00f3napt\u00f3l j\u00e1r &#8211; emelte ki Izer Norbert. Hozz\u00e1tette, hogy m\u00edg a tavalyi szja-bevall\u00e1sban 85 ezer els\u0151 h\u00e1zas vette ig\u00e9nybe az ad\u00f3kedvezm\u00e9nyt, addig 2019 j\u00fanius\u00e1ban csak 38 ezren \u00e9rv\u00e9nyes\u00edtett\u00e9k ad\u00f3el\u0151leg\u00fckb\u0151l a havi \u00f6tezer forint \u00f6sszeg\u0171 k\u00f6ztehercs\u00f6kkent\u00e9st.<br \/>\n<div class=\"ads-in-post2\"><script async src=\"https:\/\/pagead2.googlesyndication.com\/pagead\/js\/adsbygoogle.js\"><\/script>\r\n<ins class=\"adsbygoogle\"\r\n     style=\"display:block\"\r\n     data-ad-format=\"fluid\"\r\n     data-ad-layout-key=\"-6t+ed+2i-1n-4w\"\r\n     data-ad-client=\"ca-pub-1959107119989764\"\r\n     data-ad-slot=\"4008251320\"><\/ins>\r\n<script>\r\n     (adsbygoogle = window.adsbygoogle || []).push({});\r\n<\/script><\/div>\n    Nemcsak az\u00e9rt c\u00e9lszer\u0171 m\u00e1r az ad\u00f3el\u0151legb\u0151l ig\u00e9nybe venni a kedvezm\u00e9nyt, mert az \u00e9rintettek t\u00f6bb p\u00e9nzt vihetnek haza h\u00f3napr\u00f3l h\u00f3napra, hanem az\u00e9rt is, mert \u00edgy az adminisztr\u00e1ci\u00f3s terh\u00fck is cs\u00f6kken, hiszen az ad\u00f3hivatal \u00e1ltal k\u00e9sz\u00edtett szja-bevall\u00e1si tervezet\u00fcket sem kell majd kieg\u00e9sz\u00edteni\u00fck &#8211; \u00f6sszegezte az el\u0151ny\u00f6ket az \u00e1llamtitk\u00e1r.<br \/>\n    Megjegyezte, hogy a havi \u00f6tezer forintos \u00e1llami n\u00e1szaj\u00e1nd\u00e9khoz rendk\u00edv\u00fcl egyszer\u0171 m\u00f3don hozz\u00e1 lehet jutni: csak le kell adni a munk\u00e1ltat\u00f3nak egy nyilatkozatot err\u0151l.<br \/>\n    Izer Norbert szerint az \u00e9rintettek sz\u00e1m\u00e1nak megn\u00e9gyszerez\u0151d\u00e9se nem meglep\u0151, hiszen egyr\u00e9szt a 2014. december 31-e ut\u00e1n k\u00f6t\u00f6tt h\u00e1zass\u00e1gok eset\u00e9n j\u00e1r a kedvezm\u00e9ny 24 h\u00f3napon kereszt\u00fcl, m\u00e1sr\u00e9szt 2016 \u0151sz\u00e9n l\u00e9pett \u00e9letbe visszamen\u0151legesen az a kedvez\u0151 szab\u00e1ly, hogy a csal\u00e1di kedvezm\u00e9ny mellett is j\u00e1r ez a t\u00e1mogat\u00e1s az els\u0151 h\u00e1zasoknak. A csal\u00e1di akci\u00f3terv keret\u00e9ben hat\u00e1lyba l\u00e9pett int\u00e9zked\u00e9sek pedig tov\u00e1bb b\u0151v\u00edtett\u00e9k a fiatal h\u00e1zasok lehet\u0151s\u00e9geit.(MTI)<\/p>\n","protected":false},"excerpt":{"rendered":"<p>Tavaly mintegy n\u00e9gyszer annyi els\u0151 h\u00e1zas vette ig\u00e9nybe a havi \u00f6tezer forintos ad\u00f3kedvezm\u00e9nyt, mint 2015-ben. Az szja-bevall\u00e1sok adatai alapj\u00e1n 2018-ban a 85 ezer els\u0151 h\u00e1zas \u00f6sszess\u00e9g\u00e9ben 3,3 milli\u00e1rd forintot sp\u00f3rolt, 2,8 milli\u00e1rddal t\u00f6bbet, mint 2015-ben &#8211; t\u00e1j\u00e9koztatta Izer Norbert ad\u00f3\u00fcgyek\u00e9rt felel\u0151s \u00e1llamtitk\u00e1r az MTI-t.<\/p>\n","protected":false},"author":1001003,"featured_media":0,"comment_status":"closed","ping_status":"open","sticky":false,"template":"","format":"standard","meta":[],"categories":[4,19],"tags":[],"_links":{"self":[{"href":"https:\/\/gazdasagportal.hu\/index.php\/wp-json\/wp\/v2\/posts\/119599"}],"collection":[{"href":"https:\/\/gazdasagportal.hu\/index.php\/wp-json\/wp\/v2\/posts"}],"about":[{"href":"https:\/\/gazdasagportal.hu\/index.php\/wp-json\/wp\/v2\/types\/post"}],"author":[{"embeddable":true,"href":"https:\/\/gazdasagportal.hu\/index.php\/wp-json\/wp\/v2\/users\/1001003"}],"replies":[{"embeddable":true,"href":"https:\/\/gazdasagportal.hu\/index.php\/wp-json\/wp\/v2\/comments?post=119599"}],"version-history":[{"count":1,"href":"https:\/\/gazdasagportal.hu\/index.php\/wp-json\/wp\/v2\/posts\/119599\/revisions"}],"predecessor-version":[{"id":119600,"href":"https:\/\/gazdasagportal.hu\/index.php\/wp-json\/wp\/v2\/posts\/119599\/revisions\/119600"}],"wp:attachment":[{"href":"https:\/\/gazdasagportal.hu\/index.php\/wp-json\/wp\/v2\/media?parent=119599"}],"wp:term":[{"taxonomy":"category","embeddable":true,"href":"https:\/\/gazdasagportal.hu\/index.php\/wp-json\/wp\/v2\/categories?post=119599"},{"taxonomy":"post_tag","embeddable":true,"href":"https:\/\/gazdasagportal.hu\/index.php\/wp-json\/wp\/v2\/tags?post=119599"}],"curies":[{"name":"wp","href":"https:\/\/api.w.org\/{rel}","templated":true}]}}