{"id":119591,"date":"2019-09-14T23:32:46","date_gmt":"2019-09-14T21:32:46","guid":{"rendered":"http:\/\/gazdasagportal.hu\/?p=119591"},"modified":"2019-09-14T22:35:52","modified_gmt":"2019-09-14T20:35:52","slug":"varga-mihaly-a-kelet-kozep-europai-regio-novekedese-az-europai-unio-atlaga-felett-alakul","status":"publish","type":"post","link":"https:\/\/gazdasagportal.hu\/index.php\/varga-mihaly-a-kelet-kozep-europai-regio-novekedese-az-europai-unio-atlaga-felett-alakul\/","title":{"rendered":"Varga Mih\u00e1ly: a kelet-k\u00f6z\u00e9p-eur\u00f3pai r\u00e9gi\u00f3 n\u00f6veked\u00e9se az Eur\u00f3pai Uni\u00f3 \u00e1tlaga felett alakul"},"content":{"rendered":"<p><strong>A kelet-k\u00f6z\u00e9p-eur\u00f3pai r\u00e9gi\u00f3 n\u00f6veked\u00e9se tov\u00e1bbra is magasan az Eur\u00f3pai Uni\u00f3 \u00e1tlaga felett alakul, ez\u00e9rt fontos szerepet j\u00e1tszik a kontinens gazdas\u00e1g\u00e1nak er\u0151s\u00edt\u00e9s\u00e9ben &#8211; emelte ki Varga Mih\u00e1ly az uni\u00f3s p\u00e9nz\u00fcgyminiszterek \u00fcl\u00e9s\u00e9n (Ecofin) Helsinkiben.<\/strong><!--more--><\/p>\n<div class=\"ads-in-post1\"><div id=\"gazdasagportal.hu_fullbanner_wideboard\"><\/div>\r\n<\/div>\n<p>    A P\u00e9nz\u00fcgyminiszt\u00e9rium szombati k\u00f6zlem\u00e9nye szerint az inform\u00e1lis Ecofin-\u00fcl\u00e9s egyik kiemelt t\u00e9m\u00e1ja volt az is, hogy a p\u00e9nz\u00fcgyminiszterek milyen szerepet j\u00e1tszhatnak a kl\u00edmav\u00e1ltoz\u00e1s elleni fell\u00e9p\u00e9sben.<br \/>\n    Varga Mih\u00e1ly a tan\u00e1cskoz\u00e1son kifejtette, hogy az ad\u00f3- \u00e9s p\u00e9nz\u00fcgypolitika, illetve k\u00f6lts\u00e9gvet\u00e9s-tervez\u00e9si eszk\u00f6z\u00f6k is tudj\u00e1k t\u00e1mogatni a kl\u00edmabar\u00e1t int\u00e9zked\u00e9seket. Ezek azonban nem h\u00e1r\u00edthatnak ar\u00e1nytalan terhet sem az eur\u00f3pai, sem egy-egy nemzeti ipar\u00e1gra, r\u00e9gi\u00f3kra \u00e9s a polg\u00e1rokra, illetve nem okozhatnak \u00e9rz\u00e9kelhet\u0151 versenyh\u00e1tr\u00e1nyt m\u00e1s gazdas\u00e1gokkal szemben.<br \/>\n<div class=\"ads-in-post2\"><script async src=\"https:\/\/pagead2.googlesyndication.com\/pagead\/js\/adsbygoogle.js\"><\/script>\r\n<ins class=\"adsbygoogle\"\r\n     style=\"display:block\"\r\n     data-ad-format=\"fluid\"\r\n     data-ad-layout-key=\"-6t+ed+2i-1n-4w\"\r\n     data-ad-client=\"ca-pub-1959107119989764\"\r\n     data-ad-slot=\"4008251320\"><\/ins>\r\n<script>\r\n     (adsbygoogle = window.adsbygoogle || []).push({});\r\n<\/script><\/div>\n    A finn eln\u00f6ks\u00e9g az \u00fagynevezett &#8222;hibrid fenyeget\u00e9sek&#8221; k\u00e9rd\u00e9sk\u00f6r\u00e9t kiemelt t\u00e9mak\u00e9nt kezeli, ez\u00e9rt a p\u00e9nz\u00fcgyminiszterek megvitatt\u00e1k a Bruegel br\u00fcsszeli kutat\u00f3int\u00e9zet h\u00e1tt\u00e9ranyag\u00e1t, amely a kih\u00edv\u00e1sokat \u00e9s ezzel \u00f6sszef\u00fcgg\u00e9sben a p\u00e9nz\u00fcgyi infrastrukt\u00fara ellen\u00e1ll\u00f3-k\u00e9pess\u00e9g\u00e9t m\u00e9rte fel.<br \/>\n    A &#8222;hibrid fenyeget\u00e9s&#8221; a kibert\u00e1mad\u00e1sokn\u00e1l j\u00f3val sz\u00e9lesebb k\u00f6rt \u00f6lel fel, lehet b\u00e1rmi, a f\u00e9lret\u00e1j\u00e9koztat\u00e1st\u00f3l a konkr\u00e9t fizikai infrastrukt\u00far\u00e1t vesz\u00e9lyeztet\u0151 akci\u00f3kig. Varga Mih\u00e1ly kifejtette: a dokumentumokban foglaltakkal egyet\u00e9rt, az egy\u00fcttm\u0171k\u00f6d\u00e9s \u00e9s inform\u00e1ci\u00f3csere fokoz\u00e1sa az incidensekre val\u00f3 el\u0151zetes felk\u00e9sz\u00fcl\u00e9s \u00e9s az esetleges s\u00falyos esem\u00e9nyek gyors elh\u00e1r\u00edt\u00e1sa \u00e9s kezel\u00e9se \u00e9rdek\u00e9ben elengedhetetlen.(MTI)<\/p>\n","protected":false},"excerpt":{"rendered":"<p>A kelet-k\u00f6z\u00e9p-eur\u00f3pai r\u00e9gi\u00f3 n\u00f6veked\u00e9se tov\u00e1bbra is magasan az Eur\u00f3pai Uni\u00f3 \u00e1tlaga felett alakul, ez\u00e9rt fontos szerepet j\u00e1tszik a kontinens gazdas\u00e1g\u00e1nak er\u0151s\u00edt\u00e9s\u00e9ben &#8211; emelte ki Varga Mih\u00e1ly az uni\u00f3s p\u00e9nz\u00fcgyminiszterek \u00fcl\u00e9s\u00e9n (Ecofin) Helsinkiben.<\/p>\n","protected":false},"author":1001003,"featured_media":0,"comment_status":"closed","ping_status":"open","sticky":false,"template":"","format":"standard","meta":[],"categories":[19],"tags":[],"_links":{"self":[{"href":"https:\/\/gazdasagportal.hu\/index.php\/wp-json\/wp\/v2\/posts\/119591"}],"collection":[{"href":"https:\/\/gazdasagportal.hu\/index.php\/wp-json\/wp\/v2\/posts"}],"about":[{"href":"https:\/\/gazdasagportal.hu\/index.php\/wp-json\/wp\/v2\/types\/post"}],"author":[{"embeddable":true,"href":"https:\/\/gazdasagportal.hu\/index.php\/wp-json\/wp\/v2\/users\/1001003"}],"replies":[{"embeddable":true,"href":"https:\/\/gazdasagportal.hu\/index.php\/wp-json\/wp\/v2\/comments?post=119591"}],"version-history":[{"count":1,"href":"https:\/\/gazdasagportal.hu\/index.php\/wp-json\/wp\/v2\/posts\/119591\/revisions"}],"predecessor-version":[{"id":119592,"href":"https:\/\/gazdasagportal.hu\/index.php\/wp-json\/wp\/v2\/posts\/119591\/revisions\/119592"}],"wp:attachment":[{"href":"https:\/\/gazdasagportal.hu\/index.php\/wp-json\/wp\/v2\/media?parent=119591"}],"wp:term":[{"taxonomy":"category","embeddable":true,"href":"https:\/\/gazdasagportal.hu\/index.php\/wp-json\/wp\/v2\/categories?post=119591"},{"taxonomy":"post_tag","embeddable":true,"href":"https:\/\/gazdasagportal.hu\/index.php\/wp-json\/wp\/v2\/tags?post=119591"}],"curies":[{"name":"wp","href":"https:\/\/api.w.org\/{rel}","templated":true}]}}