{"id":119584,"date":"2019-09-14T13:19:08","date_gmt":"2019-09-14T11:19:08","guid":{"rendered":"http:\/\/gazdasagportal.hu\/?p=119584"},"modified":"2019-09-14T13:19:08","modified_gmt":"2019-09-14T11:19:08","slug":"szakmai-programokkal-varjak-az-agrarium-szereploit-az-idei-omek-on","status":"publish","type":"post","link":"https:\/\/gazdasagportal.hu\/index.php\/szakmai-programokkal-varjak-az-agrarium-szereploit-az-idei-omek-on\/","title":{"rendered":"Szakmai programokkal v\u00e1rj\u00e1k az agr\u00e1rium szerepl\u0151it az idei OM\u00c9K-on"},"content":{"rendered":"<p><strong>Szakmai rendezv\u00e9nyek sz\u00ednes\u00edtik a 79. Orsz\u00e1gos Mez\u0151gazdas\u00e1gi \u00e9s \u00c9lelmiszeripari Ki\u00e1ll\u00edt\u00e1s \u00e9s V\u00e1s\u00e1r (OM\u00c9K) programjait, a szeptember 26-29. k\u00f6z\u00f6tt a Hungexpo ter\u00fclet\u00e9n zajl\u00f3 esem\u00e9nyen nagy hangs\u00falyt helyeznek az agr\u00e1rium ir\u00e1nt \u00e9rdekl\u0151d\u0151, p\u00e1lyav\u00e1laszt\u00e1s el\u0151tt \u00e1ll\u00f3 fiatalok \u00e9s egyetemi hallgat\u00f3k megsz\u00f3l\u00edt\u00e1s\u00e1ra, valamint a l\u00e1togat\u00f3k el\u0151ad\u00e1sokat hallgathatnak az \u00e9lelmiszeriparr\u00f3l, az agr\u00e1rdigitaliz\u00e1ci\u00f3r\u00f3l, a tudatos fogyaszt\u00e1sr\u00f3l \u00e9s a k\u00e9zm\u0171ves s\u00f6rf\u0151zd\u00e9kr\u0151l is &#8211; k\u00f6z\u00f6lte az Agr\u00e1rmarketing Centrum (AMC) szombaton az MTI-vel.<\/strong><!--more--><\/p>\n<div class=\"ads-in-post1\"><div id=\"gazdasagportal.hu_fullbanner_wideboard\"><\/div>\r\n<\/div>\n<p>    A programok k\u00f6z\u00fcl p\u00e9ldak\u00e9nt eml\u00edtett\u00e9k &#8222;Az Agr\u00e1rium T\u00e9ged v\u00e1r! Kezedben a j\u00f6v\u0151nk!&#8221; c\u00edm\u0171 szeptember 27-\u00e9n, p\u00e9nteken tartand\u00f3 konferenci\u00e1t. Az AMC \u00e1ltal szervezett esem\u00e9ny t\u00e9m\u00e1ja a fiatal\u00edt\u00e1s \u00e9s a gener\u00e1ci\u00f3v\u00e1lt\u00e1s az agr\u00e1riumban.<br \/>\n    Az OM\u00c9K ideje alatt rendezi meg az Agr\u00e1rminiszt\u00e9rium a &#8222;Megengedhetem magamnak, hogy NEM \u00d6NT\u00d6Z\u00d6K?&#8221; c\u00edm\u0171 konferenci\u00e1t, amely a magyar agr\u00e1rium egyik legjelent\u0151sebb kih\u00edv\u00e1s\u00e1ra az \u00f6nt\u00f6z\u00e9sfejleszt\u00e9s k\u00e9rd\u00e9seire reag\u00e1l, \u00edgy a r\u00e9szt vev\u0151k t\u00e1j\u00e9koztat\u00e1st kaphatnak t\u00f6bbek k\u00f6z\u00f6tt az \u00f6nt\u00f6z\u00e9sfejleszt\u00e9s aktualit\u00e1sair\u00f3l, valamint a fejleszt\u00e9si, t\u00e1mogat\u00e1si \u00e9s hat\u00e9konys\u00e1gn\u00f6vel\u00e9si lehet\u0151s\u00e9gekr\u0151l.<br \/>\n<div class=\"ads-in-post2\"><script async src=\"https:\/\/pagead2.googlesyndication.com\/pagead\/js\/adsbygoogle.js\"><\/script>\r\n<ins class=\"adsbygoogle\"\r\n     style=\"display:block\"\r\n     data-ad-format=\"fluid\"\r\n     data-ad-layout-key=\"-6t+ed+2i-1n-4w\"\r\n     data-ad-client=\"ca-pub-1959107119989764\"\r\n     data-ad-slot=\"4008251320\"><\/ins>\r\n<script>\r\n     (adsbygoogle = window.adsbygoogle || []).push({});\r\n<\/script><\/div>\n    A szakmai programok sor\u00e1ba illeszkedik m\u00e9g a Magyarorsz\u00e1gi Sert\u00e9steny\u00e9szt\u0151k \u00e9s Sert\u00e9start\u00f3k Sz\u00f6vets\u00e9ge \u00e1ltal szervezett Sert\u00e9s\u00e1gazati konferencia, ahol az \u00e1gazatot \u00e9rint\u0151 aktu\u00e1lis kih\u00edv\u00e1sok ker\u00fclnek el\u0151t\u00e9rbe.<br \/>\n    Az egyes rendezv\u00e9nyekr\u0151l, konferenci\u00e1kr\u00f3l az omek.amc.hu oldalon tal\u00e1lhat\u00f3 tov\u00e1bbi inform\u00e1ci\u00f3, ahol az \u00e9rdekl\u0151d\u0151k regisztr\u00e1lhatnak is az esem\u00e9nyekre.(MTI)<\/p>\n","protected":false},"excerpt":{"rendered":"<p>Szakmai rendezv\u00e9nyek sz\u00ednes\u00edtik a 79. Orsz\u00e1gos Mez\u0151gazdas\u00e1gi \u00e9s \u00c9lelmiszeripari Ki\u00e1ll\u00edt\u00e1s \u00e9s V\u00e1s\u00e1r (OM\u00c9K) programjait, a szeptember 26-29. k\u00f6z\u00f6tt a Hungexpo ter\u00fclet\u00e9n zajl\u00f3 esem\u00e9nyen nagy hangs\u00falyt helyeznek az agr\u00e1rium ir\u00e1nt \u00e9rdekl\u0151d\u0151, p\u00e1lyav\u00e1laszt\u00e1s el\u0151tt \u00e1ll\u00f3 fiatalok \u00e9s egyetemi hallgat\u00f3k megsz\u00f3l\u00edt\u00e1s\u00e1ra, valamint a l\u00e1togat\u00f3k el\u0151ad\u00e1sokat hallgathatnak az \u00e9lelmiszeriparr\u00f3l, az agr\u00e1rdigitaliz\u00e1ci\u00f3r\u00f3l, a tudatos fogyaszt\u00e1sr\u00f3l \u00e9s a k\u00e9zm\u0171ves s\u00f6rf\u0151zd\u00e9kr\u0151l is &#8230;<\/p>\n","protected":false},"author":1001003,"featured_media":0,"comment_status":"closed","ping_status":"open","sticky":false,"template":"","format":"standard","meta":[],"categories":[19],"tags":[],"_links":{"self":[{"href":"https:\/\/gazdasagportal.hu\/index.php\/wp-json\/wp\/v2\/posts\/119584"}],"collection":[{"href":"https:\/\/gazdasagportal.hu\/index.php\/wp-json\/wp\/v2\/posts"}],"about":[{"href":"https:\/\/gazdasagportal.hu\/index.php\/wp-json\/wp\/v2\/types\/post"}],"author":[{"embeddable":true,"href":"https:\/\/gazdasagportal.hu\/index.php\/wp-json\/wp\/v2\/users\/1001003"}],"replies":[{"embeddable":true,"href":"https:\/\/gazdasagportal.hu\/index.php\/wp-json\/wp\/v2\/comments?post=119584"}],"version-history":[{"count":1,"href":"https:\/\/gazdasagportal.hu\/index.php\/wp-json\/wp\/v2\/posts\/119584\/revisions"}],"predecessor-version":[{"id":119585,"href":"https:\/\/gazdasagportal.hu\/index.php\/wp-json\/wp\/v2\/posts\/119584\/revisions\/119585"}],"wp:attachment":[{"href":"https:\/\/gazdasagportal.hu\/index.php\/wp-json\/wp\/v2\/media?parent=119584"}],"wp:term":[{"taxonomy":"category","embeddable":true,"href":"https:\/\/gazdasagportal.hu\/index.php\/wp-json\/wp\/v2\/categories?post=119584"},{"taxonomy":"post_tag","embeddable":true,"href":"https:\/\/gazdasagportal.hu\/index.php\/wp-json\/wp\/v2\/tags?post=119584"}],"curies":[{"name":"wp","href":"https:\/\/api.w.org\/{rel}","templated":true}]}}